{"id":4555,"date":"2014-08-23T08:00:55","date_gmt":"2014-08-23T06:00:55","guid":{"rendered":"http:\/\/www.conselharan.org\/?p=4555"},"modified":"2014-08-22T12:16:48","modified_gmt":"2014-08-22T10:16:48","slug":"el-conselh-generau-daran-inverteix-50-000-euros-en-la-recuperacio-de-camins-i-pistes-de-bossost","status":"publish","type":"post","link":"https:\/\/www.conselharan.org\/ca\/el-conselh-generau-daran-inverteix-50-000-euros-en-la-recuperacio-de-camins-i-pistes-de-bossost\/","title":{"rendered":"El Conselh Generau d\u2019Aran inverteix 50.000 euros en la recuperaci\u00f3 de camins i pistes de Boss\u00f2st"},"content":{"rendered":"<p><a href=\"http:\/\/www.conselharan.org\/wp-content\/uploads\/2014\/08\/pista-margalida.jpg\"><img loading=\"lazy\" decoding=\"async\" class=\"aligncenter size-large wp-image-4553\" alt=\"pista margalida\" src=\"http:\/\/www.conselharan.org\/wp-content\/uploads\/2014\/08\/pista-margalida-1024x768.jpg\" width=\"1024\" height=\"768\" srcset=\"https:\/\/www.conselharan.org\/wp-content\/uploads\/2014\/08\/pista-margalida-1024x768.jpg 1024w, https:\/\/www.conselharan.org\/wp-content\/uploads\/2014\/08\/pista-margalida-300x225.jpg 300w, https:\/\/www.conselharan.org\/wp-content\/uploads\/2014\/08\/pista-margalida.jpg 1280w\" sizes=\"(max-width: 1024px) 100vw, 1024px\" \/><\/a><em>El sindic d&#8217;Aran, Carlos Barrera, inspeccionant les pistes i camins de Boss\u00f2st que s&#8217;han de recuperar.<\/em><\/p>\n<p>Durant els mesos de setembre i octubre el Conselh Generau d\u2019Aran iniciar\u00e0 les obres de recuperaci\u00f3 de diferents camins i pistes en el municipi de Boss\u00f2st. La inversi\u00f3 que realitzar\u00e0 el Conselh Generau \u00e9s de 50.000 euros.<\/p>\n<p>Hi ha tres punts d&#8217;actuaci\u00f3: el cam\u00ed de Boss\u00f2st fins a la Central Hidroel\u00e8ctrica de Camun, que habilita una sortida alternativa des de l&#8217;altre costat del riu Garona. Una altra actuaci\u00f3 \u00e9s l&#8217;obertura de la pista de Margalida, d&#8217;inter\u00e8s tur\u00edstic i com a recorregut de BTT, aquesta millora es complementar\u00e0 amb l&#8217;aportaci\u00f3 de l&#8217;Ajuntament de Boss\u00f2st. Durant set anys la pista de Margalida ha estat tancada i desatesa. Finalment es reconstruir\u00e0 el tram del Cam\u00ed real denominat Cledes, que uneix les poblacions de Les i Boss\u00f2st, que permet la pr\u00e0ctica del senderisme.<\/p>\n<p>El sindic d&#8217;Aran, <strong>Carlos Barrera<\/strong>, ha volgut matisar que<strong> la recuperaci\u00f3 d\u2019aquests camins i pistes \u00e9s possible gr\u00e0cies al conveni subscrit amb la Fundaci\u00f3 Endesa i el Conselh Generau d&#8217;Aran, despr\u00e9s de llargues negociacions.<\/strong><\/p>\n ","protected":false},"excerpt":{"rendered":"<p>El sindic d&#8217;Aran, Carlos Barrera, inspeccionant les pistes i camins de Boss\u00f2st que s&#8217;han de recuperar. Durant els mesos de setembre i octubre el Conselh Generau d\u2019Aran iniciar\u00e0 les obres de recuperaci\u00f3 de diferents camins i pistes en el municipi de Boss\u00f2st. La inversi\u00f3 que realitzar\u00e0 el Conselh Generau \u00e9s de 50.000 euros. Hi ha&#8230;<\/p>\n","protected":false},"author":2,"featured_media":4553,"comment_status":"closed","ping_status":"closed","sticky":false,"template":"","format":"standard","meta":{"footnotes":""},"categories":[31,53,33,36],"tags":[],"_links":{"self":[{"href":"https:\/\/www.conselharan.org\/ca\/wp-json\/wp\/v2\/posts\/4555"}],"collection":[{"href":"https:\/\/www.conselharan.org\/ca\/wp-json\/wp\/v2\/posts"}],"about":[{"href":"https:\/\/www.conselharan.org\/ca\/wp-json\/wp\/v2\/types\/post"}],"author":[{"embeddable":true,"href":"https:\/\/www.conselharan.org\/ca\/wp-json\/wp\/v2\/users\/2"}],"replies":[{"embeddable":true,"href":"https:\/\/www.conselharan.org\/ca\/wp-json\/wp\/v2\/comments?post=4555"}],"version-history":[{"count":1,"href":"https:\/\/www.conselharan.org\/ca\/wp-json\/wp\/v2\/posts\/4555\/revisions"}],"predecessor-version":[{"id":4556,"href":"https:\/\/www.conselharan.org\/ca\/wp-json\/wp\/v2\/posts\/4555\/revisions\/4556"}],"wp:featuredmedia":[{"embeddable":true,"href":"https:\/\/www.conselharan.org\/ca\/wp-json\/wp\/v2\/media\/4553"}],"wp:attachment":[{"href":"https:\/\/www.conselharan.org\/ca\/wp-json\/wp\/v2\/media?parent=4555"}],"wp:term":[{"taxonomy":"category","embeddable":true,"href":"https:\/\/www.conselharan.org\/ca\/wp-json\/wp\/v2\/categories?post=4555"},{"taxonomy":"post_tag","embeddable":true,"href":"https:\/\/www.conselharan.org\/ca\/wp-json\/wp\/v2\/tags?post=4555"}],"curies":[{"name":"wp","href":"https:\/\/api.w.org\/{rel}","templated":true}]}}