{"id":4562,"date":"2014-08-24T08:00:36","date_gmt":"2014-08-24T06:00:36","guid":{"rendered":"http:\/\/www.conselharan.org\/?p=4562"},"modified":"2014-08-22T12:59:56","modified_gmt":"2014-08-22T10:59:56","slug":"la-val-daran-celebra-una-nova-edicio-de-la-fira-het-a-man-het-aciu-els-propers-25-26-i-27-dagost","status":"publish","type":"post","link":"https:\/\/www.conselharan.org\/ca\/la-val-daran-celebra-una-nova-edicio-de-la-fira-het-a-man-het-aciu-els-propers-25-26-i-27-dagost\/","title":{"rendered":"La Val d\u2019Aran celebra una nova edici\u00f3 de la fira H\u00e8t a man h\u00e8t aciu, els propers 25, 26 i 27 d&#8217;agost"},"content":{"rendered":"<p><strong>26 artesans de diferents sectors participaran en la fira amb la venda de productes locals<\/strong><\/p>\n<p><strong>Durant les diferents jornades hauran tallers i se sortejar\u00e0 una cistella amb productes artesanals<\/strong><\/p>\n<p><a href=\"http:\/\/www.conselharan.org\/wp-content\/uploads\/2014\/08\/cartell-artesania-ok-2014-copia.jpg\"><img loading=\"lazy\" decoding=\"async\" class=\"aligncenter size-full wp-image-4560\" alt=\"cartell artesania ok 2014 - copia\" src=\"http:\/\/www.conselharan.org\/wp-content\/uploads\/2014\/08\/cartell-artesania-ok-2014-copia.jpg\" width=\"827\" height=\"902\" srcset=\"https:\/\/www.conselharan.org\/wp-content\/uploads\/2014\/08\/cartell-artesania-ok-2014-copia.jpg 827w, https:\/\/www.conselharan.org\/wp-content\/uploads\/2014\/08\/cartell-artesania-ok-2014-copia-275x300.jpg 275w\" sizes=\"(max-width: 827px) 100vw, 827px\" \/><\/a><\/p>\n<p>Vielha acollir\u00e0 una nova edici\u00f3 de la fira <em>H\u00e8t a man, h\u00e8t aciu<\/em>, que organitza el Conselh Generau d\u2019Aran, i que tindr\u00e0 lloc els dies 25, 26 i 27 d&#8217;agost. Es tracta d&#8217;una fira que ja s&#8217;ha assentat durant l&#8217;estiu en la Val d\u2019Aran, amb l&#8217;objectiu de promocionar als artesans i els productes locals.<\/p>\n<p>Aquest any la fira comptar\u00e0 amb un total de 26 productors de diferents sectors: cistells, vidre, cer\u00e0mica, bijuteria, alimentaci\u00f3 i t\u00e8xtil entre uns altres. Una gran representaci\u00f3 de la producci\u00f3 artesanal que s&#8217;elabora en la Val d\u2019Aran.<\/p>\n<p><strong>\u201cH\u00e8t a man, h\u00e8t aciu, \u00e9s una gran oportunitat perqu\u00e8 tant els aranesos com els visitants que hi ha en la Val d\u2019Aran a l&#8217;estiu, puguin con\u00e8ixer els diferents sectors artesanals de la m\u00e0 dels seus productors, que representen una activitat important dins del comer\u00e7 local\u201d,<\/strong> comenta la conselh\u00e8ra de Turisme, Comer\u00e7 i Consum, <strong>Anna Diaz.<\/strong><\/p>\n<p>Durant les diferents jornades, els visitants a la fira podran apropar-se als estands per comprar els productes. A m\u00e9s, podran gaudir de diferents tallers que s&#8217;habilitaran per realitzar els cistells t\u00edpics de la Val d\u2019Aran (pa\u00e8rs), tallers de t\u00e8xtil i bijuteria, duts a terme pels mateixos productors.<\/p>\n<p>Al final de la fira es realitzar\u00e0 el sorteig d&#8217;una cistella completa amb diferents productes artesans dels diferents estands participants. L&#8217;horari de la fira ser\u00e0 de 10h30 a 14h30 i de 16h30 a 21h00 en el Passeig de la Llibertat de Vielha.<\/p>\n<p><em><strong>TALLERS DE H\u00c8T A MAN, H\u00c8T ACIU<\/strong><\/em><\/p>\n<p><strong>Dilluns 25 d\u2019agost:<\/strong><\/p>\n<p>\u2022 17h30 a 19h00:<\/p>\n<p>Taller amb material reciclat a c\u00e0rrec de Dwayna artesania<\/p>\n<p>Taller de cistelles a c\u00e0rrec de Pa\u00e8rs Bausen<\/p>\n<p><strong>Dimarts 26 d\u2019agost:<\/strong><\/p>\n<p>\u2022 11h30 a 13h00:<\/p>\n<p>Taller de punt per a adults a c\u00e0rrec de Taller t\u00e8xtil de Bausen<\/p>\n<p>\u2022 17h30 a 19h00:<\/p>\n<p>Taller amb fang polim\u00e8ric a c\u00e0rrec d\u2019Alicia Mitjans<\/p>\n<p>Taller de pastisseria a c\u00e0rrec de La Guinda<\/p>\n<p><strong>Dimecres 27 d\u2019agost:<\/strong><\/p>\n<p>\u2022 11h30 a 13h00:<\/p>\n<p>Crea el teu propi clauer a c\u00e0rrec de Baobab artesan\u00eda<\/p>\n<p>\u2022 17h30 a 19h00:<\/p>\n<p>Taller de costura a c\u00e0rrec de Tricobeb\u00e9<\/p>\n<p>Taller de cistelles a c\u00e0rrec de Pa\u00e8rs Bausen<\/p>\n ","protected":false},"excerpt":{"rendered":"<p>26 artesans de diferents sectors participaran en la fira amb la venda de productes locals Durant les diferents jornades hauran tallers i se sortejar\u00e0 una cistella amb productes artesanals Vielha acollir\u00e0 una nova edici\u00f3 de la fira H\u00e8t a man, h\u00e8t aciu, que organitza el Conselh Generau d\u2019Aran, i que tindr\u00e0 lloc els dies 25,&#8230;<\/p>\n","protected":false},"author":2,"featured_media":4560,"comment_status":"closed","ping_status":"closed","sticky":false,"template":"","format":"standard","meta":{"footnotes":""},"categories":[31,33,36],"tags":[],"_links":{"self":[{"href":"https:\/\/www.conselharan.org\/ca\/wp-json\/wp\/v2\/posts\/4562"}],"collection":[{"href":"https:\/\/www.conselharan.org\/ca\/wp-json\/wp\/v2\/posts"}],"about":[{"href":"https:\/\/www.conselharan.org\/ca\/wp-json\/wp\/v2\/types\/post"}],"author":[{"embeddable":true,"href":"https:\/\/www.conselharan.org\/ca\/wp-json\/wp\/v2\/users\/2"}],"replies":[{"embeddable":true,"href":"https:\/\/www.conselharan.org\/ca\/wp-json\/wp\/v2\/comments?post=4562"}],"version-history":[{"count":3,"href":"https:\/\/www.conselharan.org\/ca\/wp-json\/wp\/v2\/posts\/4562\/revisions"}],"predecessor-version":[{"id":4565,"href":"https:\/\/www.conselharan.org\/ca\/wp-json\/wp\/v2\/posts\/4562\/revisions\/4565"}],"wp:featuredmedia":[{"embeddable":true,"href":"https:\/\/www.conselharan.org\/ca\/wp-json\/wp\/v2\/media\/4560"}],"wp:attachment":[{"href":"https:\/\/www.conselharan.org\/ca\/wp-json\/wp\/v2\/media?parent=4562"}],"wp:term":[{"taxonomy":"category","embeddable":true,"href":"https:\/\/www.conselharan.org\/ca\/wp-json\/wp\/v2\/categories?post=4562"},{"taxonomy":"post_tag","embeddable":true,"href":"https:\/\/www.conselharan.org\/ca\/wp-json\/wp\/v2\/tags?post=4562"}],"curies":[{"name":"wp","href":"https:\/\/api.w.org\/{rel}","templated":true}]}}