{"id":45639,"date":"2021-11-18T14:53:23","date_gmt":"2021-11-18T13:53:23","guid":{"rendered":"https:\/\/www.conselharan.org\/er-hilat-de-museus-dera-val-daran-organize-musiceum-musicam-eth-museu-un-projecte-enta-dar-a-coneisher-er-auviatge-musicau-aranes\/"},"modified":"2021-11-18T14:59:16","modified_gmt":"2021-11-18T13:59:16","slug":"er-hilat-de-museus-dera-val-daran-organize-musiceum-musicam-eth-museu-un-projecte-enta-dar-a-coneisher-er-auviatge-musicau-aranes","status":"publish","type":"post","link":"https:\/\/www.conselharan.org\/ca\/er-hilat-de-museus-dera-val-daran-organize-musiceum-musicam-eth-museu-un-projecte-enta-dar-a-coneisher-er-auviatge-musicau-aranes\/","title":{"rendered":"Er hilat de Mus\u00e8us dera Val d\u2019Aran organize MUS[ic]EUM. Musicam eth Mus\u00e8u, un proj\u00e8cte ent\u00e0 dar a con\u00e9isher er auviatge musicau aran\u00e9s"},"content":{"rendered":"<p><a href=\"https:\/\/www.conselharan.org\/wp-content\/uploads\/2021\/11\/MUSICEUM_programa-2021.png\"><img loading=\"lazy\" decoding=\"async\" class=\"aligncenter wp-image-45631 size-large\" src=\"https:\/\/www.conselharan.org\/wp-content\/uploads\/2021\/11\/MUSICEUM_programa-2021-724x1024.png\" alt=\"\" width=\"724\" height=\"1024\" srcset=\"https:\/\/www.conselharan.org\/wp-content\/uploads\/2021\/11\/MUSICEUM_programa-2021-724x1024.png 724w, https:\/\/www.conselharan.org\/wp-content\/uploads\/2021\/11\/MUSICEUM_programa-2021-212x300.png 212w, https:\/\/www.conselharan.org\/wp-content\/uploads\/2021\/11\/MUSICEUM_programa-2021-768x1086.png 768w, https:\/\/www.conselharan.org\/wp-content\/uploads\/2021\/11\/MUSICEUM_programa-2021-1086x1536.png 1086w, https:\/\/www.conselharan.org\/wp-content\/uploads\/2021\/11\/MUSICEUM_programa-2021.png 1414w\" sizes=\"(max-width: 724px) 100vw, 724px\" \/><\/a><\/p>\n<ul>\n<li><strong>Eth Conselh Generau d\u2019Aran, a trau\u00e8s deth hilat de Mus\u00e8us dera Val d\u2019Aran, a organizat ua exposicion temporau sus era ist\u00f2ria dera musica en Mus\u00e8u dera Val d\u2019Aran de Vielha, atau coma un seguit d\u2019activitats relacionades damb aguesta tematica pendent era setmana deth 22 ath 26 de noveme<\/strong><\/li>\n<\/ul>\n<p>Damb motiu dera celebracion de Santa Cecilia, eth pr\u00f2pl\u00e8u dia 22 de noveme, eth Conselh Generau d\u2019Aran, a trau\u00e8s der hilat de Mus\u00e8us dera Val d\u2019Aran, a organizat ua s\u00e8ria d\u2019activitats damb ua tematica comuna: era musica. Eth proj\u00e8cte, nomentat <em>MUS[ic]EUM. Musicam eth Mus\u00e8u<\/em>, n\u00e8ish damb era intencion de divulgar era cultura, era ist\u00f2ria e er art dera Val d\u2019Aran a trau\u00e8s dera musica.<\/p>\n<p>Aguest proj\u00e8cte ei centrat en dues accions principaus, per un costat, era setmana deth 22 ath 26 de noveme, s\u2019amiar\u00e0n a t\u00e8rme activitats di\u00e0ries ent\u00e0 toti es publics: charrades, visites, talh\u00e8rs e conc\u00e8rts. Entad aguestes accions s\u2019a compdat damb era participacion de n\u00f2ms plan destacadi ena musicologia coma son Laura de Castellet e Pierre Bouch.<\/p>\n<p><a href=\"https:\/\/www.conselharan.org\/wp-content\/uploads\/2021\/11\/Laura-dC.jpg\"><img loading=\"lazy\" decoding=\"async\" class=\"aligncenter wp-image-45628 size-full\" src=\"https:\/\/www.conselharan.org\/wp-content\/uploads\/2021\/11\/Laura-dC.jpg\" alt=\"\" width=\"945\" height=\"709\" srcset=\"https:\/\/www.conselharan.org\/wp-content\/uploads\/2021\/11\/Laura-dC.jpg 945w, https:\/\/www.conselharan.org\/wp-content\/uploads\/2021\/11\/Laura-dC-300x225.jpg 300w, https:\/\/www.conselharan.org\/wp-content\/uploads\/2021\/11\/Laura-dC-768x576.jpg 768w\" sizes=\"(max-width: 945px) 100vw, 945px\" \/><\/a><\/p>\n<p>Laura de Castellet amiar\u00e0 a t\u00e8rme es activitats de deluns a dim\u00e8rcles. Ath del\u00e0 des s\u00f2ns coneishements musicaus, mostrar\u00e0 es esturments d\u2019ep\u00f2ca medievau qu\u2019apareishen representadi enes n\u00f2stes gl\u00e8ises. Es participaires d\u2019aguestes activitats auran tanben era ocasion de saber coma sonen aguesti esturments e con\u00e9isher es cants medievaus.<\/p>\n<p><a href=\"https:\/\/www.conselharan.org\/wp-content\/uploads\/2021\/11\/pierre-rouch.jpg\"><img loading=\"lazy\" decoding=\"async\" class=\"aligncenter wp-image-45634 size-large\" src=\"https:\/\/www.conselharan.org\/wp-content\/uploads\/2021\/11\/pierre-rouch-1024x576.jpg\" alt=\"\" width=\"1024\" height=\"576\" srcset=\"https:\/\/www.conselharan.org\/wp-content\/uploads\/2021\/11\/pierre-rouch-1024x576.jpg 1024w, https:\/\/www.conselharan.org\/wp-content\/uploads\/2021\/11\/pierre-rouch-300x169.jpg 300w, https:\/\/www.conselharan.org\/wp-content\/uploads\/2021\/11\/pierre-rouch-768x432.jpg 768w, https:\/\/www.conselharan.org\/wp-content\/uploads\/2021\/11\/pierre-rouch-1536x864.jpg 1536w, https:\/\/www.conselharan.org\/wp-content\/uploads\/2021\/11\/pierre-rouch.jpg 1920w\" sizes=\"(max-width: 1024px) 100vw, 1024px\" \/><\/a><\/p>\n<p>Pera sua part, Pierre Bouch mos apropar\u00e0 era musica tradicionau des Piren\u00e8us e es s\u00f2ns esturments, a trau\u00e8s d\u2019un conc\u00e8rt damb charrada includida, a cargue deth duet Bourry Rouch.<\/p>\n<p>Era auta accion principau ena que se ten aguest proj\u00e8cte ei ei era exposicion temporau <em>MUS[ic]EUM. Musicam eth Mus\u00e8u<\/em>, qu\u2019acuelher\u00e0 eth Mus\u00e8u dera Val d\u2019Aran, a on se poir\u00e0n trapar contenguts relacionadi damb era ist\u00f2ria dera musica, damb especiau incid\u00e9ncia enes esturments, es can\u00e7ons e personatges qu\u2019an mercat era ist\u00f2ria. Aguesta prepausa includir\u00e0 esturments musicaus deth hons deth pr\u00f2pri Mus\u00e8u, p\u00e8ces que non s\u2019expausen des de h\u00e8 m\u00e8s de 30 ans. Aguesta m\u00f2stra se poder\u00e0 visitar gratu\u00eftament dijaus 25 de noveme e se poder\u00e0 veir en Mus\u00e8u enquia hereu\u00e8r de 2022.<\/p>\n<p><strong>Totes es activitats son de franc e era capacitat ei limitada, sense besonh de res\u00e8rva pr\u00e8via.<\/strong><\/p>\n ","protected":false},"excerpt":{"rendered":"<p>Eth Conselh Generau d\u2019Aran, a trau\u00e8s deth hilat de Mus\u00e8us dera Val d\u2019Aran, a organizat ua exposicion temporau sus era ist\u00f2ria dera musica en Mus\u00e8u dera Val d\u2019Aran de Vielha, atau coma un seguit d\u2019activitats relacionades damb aguesta tematica pendent era setmana deth 22 ath 26 de noveme Damb motiu dera celebracion de Santa Cecilia,&#8230;<\/p>\n","protected":false},"author":10,"featured_media":45632,"comment_status":"closed","ping_status":"closed","sticky":false,"template":"","format":"standard","meta":{"footnotes":""},"categories":[794,33],"tags":[],"_links":{"self":[{"href":"https:\/\/www.conselharan.org\/ca\/wp-json\/wp\/v2\/posts\/45639"}],"collection":[{"href":"https:\/\/www.conselharan.org\/ca\/wp-json\/wp\/v2\/posts"}],"about":[{"href":"https:\/\/www.conselharan.org\/ca\/wp-json\/wp\/v2\/types\/post"}],"author":[{"embeddable":true,"href":"https:\/\/www.conselharan.org\/ca\/wp-json\/wp\/v2\/users\/10"}],"replies":[{"embeddable":true,"href":"https:\/\/www.conselharan.org\/ca\/wp-json\/wp\/v2\/comments?post=45639"}],"version-history":[{"count":1,"href":"https:\/\/www.conselharan.org\/ca\/wp-json\/wp\/v2\/posts\/45639\/revisions"}],"predecessor-version":[{"id":45640,"href":"https:\/\/www.conselharan.org\/ca\/wp-json\/wp\/v2\/posts\/45639\/revisions\/45640"}],"wp:featuredmedia":[{"embeddable":true,"href":"https:\/\/www.conselharan.org\/ca\/wp-json\/wp\/v2\/media\/45632"}],"wp:attachment":[{"href":"https:\/\/www.conselharan.org\/ca\/wp-json\/wp\/v2\/media?parent=45639"}],"wp:term":[{"taxonomy":"category","embeddable":true,"href":"https:\/\/www.conselharan.org\/ca\/wp-json\/wp\/v2\/categories?post=45639"},{"taxonomy":"post_tag","embeddable":true,"href":"https:\/\/www.conselharan.org\/ca\/wp-json\/wp\/v2\/tags?post=45639"}],"curies":[{"name":"wp","href":"https:\/\/api.w.org\/{rel}","templated":true}]}}