{"id":45666,"date":"2021-11-19T20:07:14","date_gmt":"2021-11-19T19:07:14","guid":{"rendered":"https:\/\/www.conselharan.org\/frederic-verges-premiat-damb-eth-6au-premi-robert-lafont-dera-generalitat-de-catalunya\/"},"modified":"2021-11-19T20:14:20","modified_gmt":"2021-11-19T19:14:20","slug":"frederic-verges-premiat-damb-eth-6au-premi-robert-lafont-dera-generalitat-de-catalunya","status":"publish","type":"post","link":"https:\/\/www.conselharan.org\/ca\/frederic-verges-premiat-damb-eth-6au-premi-robert-lafont-dera-generalitat-de-catalunya\/","title":{"rendered":"Frederic Verg\u00e9s, premiat amb el 6\u00e8 Premi Rob\u00e8rt Lafont de la Generalitat de Catalunya"},"content":{"rendered":"\n\t\t<style type=\"text\/css\">\n\t\t\t#gallery-1 {\n\t\t\t\tmargin: auto;\n\t\t\t}\n\t\t\t#gallery-1 .gallery-item {\n\t\t\t\tfloat: left;\n\t\t\t\tmargin-top: 10px;\n\t\t\t\ttext-align: center;\n\t\t\t\twidth: 50%;\n\t\t\t}\n\t\t\t#gallery-1 img {\n\t\t\t\tborder: 2px solid #cfcfcf;\n\t\t\t}\n\t\t\t#gallery-1 .gallery-caption {\n\t\t\t\tmargin-left: 0;\n\t\t\t}\n\t\t\t\/* see gallery_shortcode() in wp-includes\/media.php *\/\n\t\t<\/style>\n\t\t<div id='gallery-1' class='gallery galleryid-45666 gallery-columns-2 gallery-size-large'><dl class='gallery-item'>\n\t\t\t<dt class='gallery-icon landscape'>\n\t\t\t\t<a href='https:\/\/www.conselharan.org\/ca\/frederic-verges-premiat-damb-eth-6au-premi-robert-lafont-dera-generalitat-de-catalunya\/nov-19-2021dsc02253_1-2\/'><img loading=\"lazy\" decoding=\"async\" width=\"1024\" height=\"683\" src=\"https:\/\/www.conselharan.org\/wp-content\/uploads\/2021\/11\/nov.-19-2021DSC02253_1-1024x683.jpg\" class=\"attachment-large size-large\" alt=\"\" srcset=\"https:\/\/www.conselharan.org\/wp-content\/uploads\/2021\/11\/nov.-19-2021DSC02253_1-1024x683.jpg 1024w, https:\/\/www.conselharan.org\/wp-content\/uploads\/2021\/11\/nov.-19-2021DSC02253_1-300x200.jpg 300w, https:\/\/www.conselharan.org\/wp-content\/uploads\/2021\/11\/nov.-19-2021DSC02253_1-768x512.jpg 768w, https:\/\/www.conselharan.org\/wp-content\/uploads\/2021\/11\/nov.-19-2021DSC02253_1-1536x1024.jpg 1536w, https:\/\/www.conselharan.org\/wp-content\/uploads\/2021\/11\/nov.-19-2021DSC02253_1.jpg 1597w\" sizes=\"(max-width: 1024px) 100vw, 1024px\" \/><\/a>\n\t\t\t<\/dt><\/dl><dl class='gallery-item'>\n\t\t\t<dt class='gallery-icon landscape'>\n\t\t\t\t<a href='https:\/\/www.conselharan.org\/ca\/frederic-verges-premiat-damb-eth-6au-premi-robert-lafont-dera-generalitat-de-catalunya\/nov-19-2021dsc02189_1-2\/'><img loading=\"lazy\" decoding=\"async\" width=\"1024\" height=\"682\" src=\"https:\/\/www.conselharan.org\/wp-content\/uploads\/2021\/11\/nov.-19-2021DSC02189_1-1024x682.jpg\" class=\"attachment-large size-large\" alt=\"\" srcset=\"https:\/\/www.conselharan.org\/wp-content\/uploads\/2021\/11\/nov.-19-2021DSC02189_1-1024x682.jpg 1024w, https:\/\/www.conselharan.org\/wp-content\/uploads\/2021\/11\/nov.-19-2021DSC02189_1-300x200.jpg 300w, https:\/\/www.conselharan.org\/wp-content\/uploads\/2021\/11\/nov.-19-2021DSC02189_1-768x512.jpg 768w, https:\/\/www.conselharan.org\/wp-content\/uploads\/2021\/11\/nov.-19-2021DSC02189_1-1536x1024.jpg 1536w, https:\/\/www.conselharan.org\/wp-content\/uploads\/2021\/11\/nov.-19-2021DSC02189_1.jpg 1598w\" sizes=\"(max-width: 1024px) 100vw, 1024px\" \/><\/a>\n\t\t\t<\/dt><\/dl><br style=\"clear: both\" \/>\n\t\t<\/div>\n\n<ul>\n<li>\n<h3><\/h3>\n<\/li>\n<\/ul>\n<h3><\/h3>\n<ul>\n<li>\n<h3><strong>La consellera de de Cultura de la Generalitat de Catalunya ha atorgat aquesta tarda el Premi Rob\u00e8rt Lafont a Frederic Verg\u00e9s com a reconeixement per la seva tasca en la defensa, projecci\u00f3 i promoci\u00f3 de l&#8217;aran\u00e8s<\/strong><\/h3>\n<\/li>\n<li>\n<h3><strong>Aquest mat\u00ed, la s\u00edndica d&#8217;Aran i la consellera de Cultura s&#8217;han reunit per a parlar sobre els principals reptes que travessen la cultura i llengua araneses<\/strong><strong>\u00a0<\/strong><\/h3>\n<\/li>\n<\/ul>\n<p>La s\u00edndica d&#8217;Aran, Maria Verg\u00e9s, ha rebut aquest mat\u00ed a la seu del Conselh Generau d\u2019Aran a la consellera de Cultura de la Generalitat de Catalunya, Nat\u00e0lia Garriga.<\/p>\n<p>Durant la jornada, han mantingut una reuni\u00f3 en la qual han estat presents tamb\u00e9 el secretari de Pol\u00edtica Ling\u00fc\u00edstica de la Generalitat, Xavier Vila, el cap de l&#8217;\u00e0rea de Foment de la Llengua Occitana i la Llengua de Signes Catalana de la Generalitat, Xavier Moral, els t\u00e8cnics de Pol\u00edtica Ling\u00fc\u00edstica del Conselh Generau, Veronica Bar\u00e9s i Xavier Guti\u00e9rrez, la directora de l\u2019Archiu General d&#8217;Aran, Mari Pau G\u00f3mez, la directora de Mus\u00e8us Val d\u2019Aran, Carla del Valle, i la t\u00e8cnica de Patrimoni del Conselh Generau d\u2019Aran, Elisa Ros.<\/p>\n<p><a href=\"https:\/\/www.conselharan.org\/wp-content\/uploads\/2021\/11\/IMG_0336-scaled.jpg\"><img loading=\"lazy\" decoding=\"async\" class=\"aligncenter wp-image-45657 size-large\" src=\"https:\/\/www.conselharan.org\/wp-content\/uploads\/2021\/11\/IMG_0336-1024x768.jpg\" alt=\"\" width=\"1024\" height=\"768\" srcset=\"https:\/\/www.conselharan.org\/wp-content\/uploads\/2021\/11\/IMG_0336-1024x768.jpg 1024w, https:\/\/www.conselharan.org\/wp-content\/uploads\/2021\/11\/IMG_0336-300x225.jpg 300w, https:\/\/www.conselharan.org\/wp-content\/uploads\/2021\/11\/IMG_0336-768x576.jpg 768w, https:\/\/www.conselharan.org\/wp-content\/uploads\/2021\/11\/IMG_0336-1536x1152.jpg 1536w, https:\/\/www.conselharan.org\/wp-content\/uploads\/2021\/11\/IMG_0336-2048x1536.jpg 2048w\" sizes=\"(max-width: 1024px) 100vw, 1024px\" \/><\/a><\/p>\n<p>\u201cLa cultura va ser el primer trasp\u00e0s competencial que la Generalitat de Catalunya va fer a la m\u00e0xima instituci\u00f3 aranesa i, fins al moment, no ha estat revisat ni actualitzat, i aix\u00f2 suposa que el Conselh Generau d\u2019Aran no pugui desenvolupar pol\u00edtiques culturals que s\u00f3n necess\u00e0ries al nostre territori, tant per al foment de la cultura pr\u00f2pia com per a l&#8217;impuls de programacions art\u00edstiques\u201d, ha manifestat la s\u00edndica d&#8217;Aran, afegint que: \u201cpel que fa a l&#8217;aran\u00e8s, la situaci\u00f3 actual de la nostra llengua reclama un canvi immediat i urgent en la relaci\u00f3 entre la Generalitat de Catalunya i el Conselh Generau d\u2019Aran per a dur a terme una pol\u00edtica ling\u00fc\u00edstica coordinada i consensuada, que permeti promocionar i normalitzar l&#8217;aran\u00e8s\u201d.<\/p>\n<p>En aquesta reuni\u00f3, els responsables de Llengua, Patrimoni, Museus i Arxiu del Conselh Generau d\u2019Aran han exposat els principals reptes que han d&#8217;afrontar els seus respectius departaments i les problem\u00e0tiques que necessiten de la col\u00b7laboraci\u00f3 del departament de Cultura per a trobar solucions que permetin promocionar i cuidar la cultura i llengua araneses.<\/p>\n<p>Verg\u00e9s ha recordat que \u201cper al govern d&#8217;Aran aquest \u00e9s un assumpte primordial, perqu\u00e8 la llengua i la cultura s\u00f3n la ra\u00f3 de ser de la m\u00e0xima instituci\u00f3 aranesa i l&#8217;eix principal de la nostra identitat\u201d.<\/p>\n<p><a href=\"https:\/\/www.conselharan.org\/wp-content\/uploads\/2021\/11\/image00001-scaled.jpeg\"><img loading=\"lazy\" decoding=\"async\" class=\"aligncenter wp-image-45654 size-large\" src=\"https:\/\/www.conselharan.org\/wp-content\/uploads\/2021\/11\/image00001-1024x768.jpeg\" alt=\"\" width=\"1024\" height=\"768\" srcset=\"https:\/\/www.conselharan.org\/wp-content\/uploads\/2021\/11\/image00001-1024x768.jpeg 1024w, https:\/\/www.conselharan.org\/wp-content\/uploads\/2021\/11\/image00001-300x225.jpeg 300w, https:\/\/www.conselharan.org\/wp-content\/uploads\/2021\/11\/image00001-768x576.jpeg 768w, https:\/\/www.conselharan.org\/wp-content\/uploads\/2021\/11\/image00001-1536x1152.jpeg 1536w, https:\/\/www.conselharan.org\/wp-content\/uploads\/2021\/11\/image00001-2048x1536.jpeg 2048w\" sizes=\"(max-width: 1024px) 100vw, 1024px\" \/><\/a><\/p>\n<p>La s\u00edndica ha volgut agrair a la consellera Garriga \u201cla predisposici\u00f3 i voluntat de treballar conjuntament amb el Conselh Generau d\u2019Aran per a promoure la nostra llengua i cultura pr\u00f2pies, establint una relaci\u00f3 basada en la col\u00b7laboraci\u00f3, el consens i la lleialtat institucional\u201d aix\u00ed mateix, la s\u00edndica ha declarat que \u201chem acordat crear una comissi\u00f3 de treball entre tots dos governs per a estudiar l&#8217;actualitzaci\u00f3 del trasp\u00e0s en mat\u00e8ria de cultura\u201d i afegia: \u201ctamb\u00e9 treballarem conjuntament en un pla funcional que serveixi per a projectar un centre cultural a la Val d&#8217;Aran, que actualment \u00e9s l&#8217;\u00fanic territori del Pirineu sense un equipament d&#8217;aquest tipus en el qual es puguin realitzar activitats culturals\u201d.<\/p>\n<p>Aquesta mateixa tarda, la s\u00edndica d&#8217;Aran i la consellera de Cultura, han presidit l&#8217;acte de lliurament el 6\u00e8 Premi Rob\u00e8rt Lafont que la Generalitat ha atorgat a Frederic Verg\u00e9s com a reconeixement per la seva labor en la defensa, projecci\u00f3 i promoci\u00f3 de l&#8217;aran\u00e8s.<\/p>\n ","protected":false},"excerpt":{"rendered":"<p>La consellera de de Cultura de la Generalitat de Catalunya ha atorgat aquesta tarda el Premi Rob\u00e8rt Lafont a Frederic Verg\u00e9s com a reconeixement per la seva tasca en la defensa, projecci\u00f3 i promoci\u00f3 de l&#8217;aran\u00e8s Aquest mat\u00ed, la s\u00edndica d&#8217;Aran i la consellera de Cultura s&#8217;han reunit per a parlar sobre els principals reptes&#8230;<\/p>\n","protected":false},"author":10,"featured_media":45649,"comment_status":"closed","ping_status":"closed","sticky":false,"template":"","format":"standard","meta":{"footnotes":""},"categories":[794,33],"tags":[],"_links":{"self":[{"href":"https:\/\/www.conselharan.org\/ca\/wp-json\/wp\/v2\/posts\/45666"}],"collection":[{"href":"https:\/\/www.conselharan.org\/ca\/wp-json\/wp\/v2\/posts"}],"about":[{"href":"https:\/\/www.conselharan.org\/ca\/wp-json\/wp\/v2\/types\/post"}],"author":[{"embeddable":true,"href":"https:\/\/www.conselharan.org\/ca\/wp-json\/wp\/v2\/users\/10"}],"replies":[{"embeddable":true,"href":"https:\/\/www.conselharan.org\/ca\/wp-json\/wp\/v2\/comments?post=45666"}],"version-history":[{"count":2,"href":"https:\/\/www.conselharan.org\/ca\/wp-json\/wp\/v2\/posts\/45666\/revisions"}],"predecessor-version":[{"id":45668,"href":"https:\/\/www.conselharan.org\/ca\/wp-json\/wp\/v2\/posts\/45666\/revisions\/45668"}],"wp:featuredmedia":[{"embeddable":true,"href":"https:\/\/www.conselharan.org\/ca\/wp-json\/wp\/v2\/media\/45649"}],"wp:attachment":[{"href":"https:\/\/www.conselharan.org\/ca\/wp-json\/wp\/v2\/media?parent=45666"}],"wp:term":[{"taxonomy":"category","embeddable":true,"href":"https:\/\/www.conselharan.org\/ca\/wp-json\/wp\/v2\/categories?post=45666"},{"taxonomy":"post_tag","embeddable":true,"href":"https:\/\/www.conselharan.org\/ca\/wp-json\/wp\/v2\/tags?post=45666"}],"curies":[{"name":"wp","href":"https:\/\/api.w.org\/{rel}","templated":true}]}}