{"id":4576,"date":"2014-08-22T14:35:05","date_gmt":"2014-08-22T12:35:05","guid":{"rendered":"http:\/\/www.conselharan.org\/naua-edicion-dera-heira-comerciau-aran-market-en-vielha-a-compdar-daue-e-enquiath-dimenge-24-dagost-2\/"},"modified":"2014-08-22T14:40:12","modified_gmt":"2014-08-22T12:40:12","slug":"naua-edicion-dera-heira-comerciau-aran-market-en-vielha-a-compdar-daue-e-enquiath-dimenge-24-dagost","status":"publish","type":"post","link":"https:\/\/www.conselharan.org\/ca\/naua-edicion-dera-heira-comerciau-aran-market-en-vielha-a-compdar-daue-e-enquiath-dimenge-24-dagost\/","title":{"rendered":"Naua edicion dera h\u00e8ira comerciau Aran Market en Vielha a compdar d\u2019au\u00e9 e enquiath dimenge 24 d\u2019agost"},"content":{"rendered":"<p><strong>Un totau de 23 establiments aranesi expausen es s\u00f2ns productes ena h\u00e8ira<\/strong><\/p>\n<p><strong>Se realizar\u00e0n diferenti talh\u00e8rs e se realizar\u00e0 ua t\u00f2ia d\u2019un l\u00f2t de productes<\/strong><\/p>\n<p><a href=\"http:\/\/www.conselharan.org\/wp-content\/uploads\/2014\/08\/aran-market-2014.jpg\"><img loading=\"lazy\" decoding=\"async\" class=\"aligncenter size-large wp-image-4570\" alt=\"aran market 2014\" src=\"http:\/\/www.conselharan.org\/wp-content\/uploads\/2014\/08\/aran-market-2014-1024x685.jpg\" width=\"1024\" height=\"685\" srcset=\"https:\/\/www.conselharan.org\/wp-content\/uploads\/2014\/08\/aran-market-2014-1024x685.jpg 1024w, https:\/\/www.conselharan.org\/wp-content\/uploads\/2014\/08\/aran-market-2014-300x200.jpg 300w\" sizes=\"(max-width: 1024px) 100vw, 1024px\" \/><\/a><em>Era conselh\u00e8ra de Torisme, Com\u00e8r\u00e7 e Consum, Anna D\u00edaz, e eth c\u00f2sso der Ajuntament de Vielha e Mijaran, Carlos Nart, ena inauguracion au\u00e9 d&#8217;Aran Market.<\/em><\/p>\n<p>Eth Conselh Generau d\u2019Aran a organizat ua naua edicion dera h\u00e8ira Aran Market, qu\u2019aur\u00e0 l\u00f2c en Vielha a compdar d\u2019au\u00e9 diuendres, dia 22 ath 24 d&#8217;agost. Era h\u00e8ira preten prom\u00f2ir es diferenti productes des comer\u00e7ants dera Val d\u2019Aran.<\/p>\n<p>Un totau de 23 establiments an tret en carr\u00e8r es s\u00f2ns productes ent\u00e0 h\u00e8r con\u00e9isher era vasta varietat qu&#8217;aufr\u00eds eth com\u00e8r\u00e7 aran\u00e9s. En aguest sens, i an comer\u00e7ants de r\u00f2ba, alimentacion, souvenirs, complements, decoracion, atau coma era pres\u00e9ncia de diu\u00e8rsi mestieraus.<\/p>\n<p><strong>\u201cAran Market ei un eveniment que p\u00f2rte ja diu\u00e8rsi ans en marcha, e que cada an artenh atr\u00e8ir era atencion de f\u00f2r\u00e7a visitants. Atau, se pot\u00e9ncie eth com\u00e8r\u00e7 aran\u00e9s, damb era pres\u00e9ncia de visitants ath long des diferentes jornades que dure era h\u00e8ira\u201d,<\/strong> a comentat au\u00e9 pendent era inauguracion d\u2019Aran Market, era conselh\u00e8ra de Torisme, Com\u00e8r\u00e7 e Consum d&#8217;Aran, <strong>Anna D\u00edaz.<\/strong><\/p>\n<p>Pendent es tres dies dera h\u00e8ira i aur\u00e0 un totau de 30 estands a on se vener\u00e0n es productes. Ath del\u00e0, tanben se realizar\u00e0n diferenti talh\u00e8rs d&#8217;artesania e de texil amiadi a t\u00e8rme pes madeishi comer\u00e7ants.<\/p>\n<p>En finalizar era h\u00e8ira se realizar\u00e0 era t\u00f2ia d&#8217;ua cistalha compl\u00e8ta damb diferenti productes des estands participants. Er orari d&#8217;Aran Market ser\u00e0 d\u201911h00 a 21h00 ininterrompudament.<\/p>\n<p><a href=\"http:\/\/www.conselharan.org\/wp-content\/uploads\/2014\/08\/aran-market-2014-2.jpg\"><img loading=\"lazy\" decoding=\"async\" class=\"aligncenter size-large wp-image-4571\" alt=\"aran market 2014 2\" src=\"http:\/\/www.conselharan.org\/wp-content\/uploads\/2014\/08\/aran-market-2014-2-1024x685.jpg\" width=\"1024\" height=\"685\" srcset=\"https:\/\/www.conselharan.org\/wp-content\/uploads\/2014\/08\/aran-market-2014-2-1024x685.jpg 1024w, https:\/\/www.conselharan.org\/wp-content\/uploads\/2014\/08\/aran-market-2014-2-300x200.jpg 300w\" sizes=\"(max-width: 1024px) 100vw, 1024px\" \/><\/a><\/p>\n<p><em><strong>TALH\u00c8RS D\u2019ARAN MARKET<\/strong><\/em><\/p>\n<p><strong>Dissabte 23 d&#8217;agost:<\/strong><\/p>\n<p>\u2022 11h30 a 13h00:<\/p>\n<p>Talh\u00e8r de punt ent\u00e0 a adults a cargue de Talh\u00e8r textil de Bausen<\/p>\n<p>\u2022 17h30 a 19h00:<\/p>\n<p>Guarn\u00eds eth t\u00f2n pr\u00f2pi clau\u00e8r a cargue de Baobab artesan\u00eda<\/p>\n<p>Talh\u00e8r de costura a cargue de Tricobeb\u00e9<\/p>\n<p><strong>Dimenge 24 d&#8217;agost:<\/strong><\/p>\n<p>\u2022 11h30 a 13h00:<\/p>\n<p>Talh\u00e8r damb materiau reciclat a cargue de Dwayna artesania<\/p>\n<p>\u2022 17h30 a 19h00:<\/p>\n<p>Talh\u00e8r de pastissaria a cargue de La Guinda<\/p>\n<p>Talh\u00e8r damb hanga polimerica a cargue d\u2019Al\u00edcia Mitjans<\/p>\n<p>&nbsp;<\/p>\n ","protected":false},"excerpt":{"rendered":"<p>Un totau de 23 establiments aranesi expausen es s\u00f2ns productes ena h\u00e8ira Se realizar\u00e0n diferenti talh\u00e8rs e se realizar\u00e0 ua t\u00f2ia d\u2019un l\u00f2t de productes Era conselh\u00e8ra de Torisme, Com\u00e8r\u00e7 e Consum, Anna D\u00edaz, e eth c\u00f2sso der Ajuntament de Vielha e Mijaran, Carlos Nart, ena inauguracion au\u00e9 d&#8217;Aran Market. Eth Conselh Generau d\u2019Aran a&#8230;<\/p>\n","protected":false},"author":2,"featured_media":4570,"comment_status":"closed","ping_status":"closed","sticky":false,"template":"","format":"standard","meta":{"footnotes":""},"categories":[33,36],"tags":[],"_links":{"self":[{"href":"https:\/\/www.conselharan.org\/ca\/wp-json\/wp\/v2\/posts\/4576"}],"collection":[{"href":"https:\/\/www.conselharan.org\/ca\/wp-json\/wp\/v2\/posts"}],"about":[{"href":"https:\/\/www.conselharan.org\/ca\/wp-json\/wp\/v2\/types\/post"}],"author":[{"embeddable":true,"href":"https:\/\/www.conselharan.org\/ca\/wp-json\/wp\/v2\/users\/2"}],"replies":[{"embeddable":true,"href":"https:\/\/www.conselharan.org\/ca\/wp-json\/wp\/v2\/comments?post=4576"}],"version-history":[{"count":3,"href":"https:\/\/www.conselharan.org\/ca\/wp-json\/wp\/v2\/posts\/4576\/revisions"}],"predecessor-version":[{"id":4580,"href":"https:\/\/www.conselharan.org\/ca\/wp-json\/wp\/v2\/posts\/4576\/revisions\/4580"}],"wp:featuredmedia":[{"embeddable":true,"href":"https:\/\/www.conselharan.org\/ca\/wp-json\/wp\/v2\/media\/4570"}],"wp:attachment":[{"href":"https:\/\/www.conselharan.org\/ca\/wp-json\/wp\/v2\/media?parent=4576"}],"wp:term":[{"taxonomy":"category","embeddable":true,"href":"https:\/\/www.conselharan.org\/ca\/wp-json\/wp\/v2\/categories?post=4576"},{"taxonomy":"post_tag","embeddable":true,"href":"https:\/\/www.conselharan.org\/ca\/wp-json\/wp\/v2\/tags?post=4576"}],"curies":[{"name":"wp","href":"https:\/\/api.w.org\/{rel}","templated":true}]}}