{"id":45811,"date":"2021-12-01T14:57:22","date_gmt":"2021-12-01T13:57:22","guid":{"rendered":"https:\/\/www.conselharan.org\/leu-ua-setantia-dajuntaments-e-institucions-deth-territori-saderissen-ara-declaracion-institucionau-de-suport-ara-candidatura-deth-pireneu-tas-jjoo-diuern-2030-impulsada-pet\/"},"modified":"2021-12-01T17:52:49","modified_gmt":"2021-12-01T16:52:49","slug":"leu-ua-setantia-dajuntaments-e-institucions-deth-territori-saderissen-ara-declaracion-institucionau-de-suport-ara-candidatura-deth-pireneu-tas-jjoo-diuern-2030-impulsada-pet","status":"publish","type":"post","link":"https:\/\/www.conselharan.org\/ca\/leu-ua-setantia-dajuntaments-e-institucions-deth-territori-saderissen-ara-declaracion-institucionau-de-suport-ara-candidatura-deth-pireneu-tas-jjoo-diuern-2030-impulsada-pet\/","title":{"rendered":"Prop de setanta ajuntaments i institucions del territori s&#8217;adhereixen a la declaraci\u00f3 institucional de suport a la candidatura del Pirineu per als JJOO d&#8217;hivern 2030 impulsada pel Conselh Generau d\u2019Aran"},"content":{"rendered":"<p>&nbsp;<\/p>\n<div id=\"attachment_45803\" style=\"width: 1034px\" class=\"wp-caption aligncenter\"><a href=\"https:\/\/www.conselharan.org\/wp-content\/uploads\/2021\/12\/20211113_GKMPH_0668-scaled.jpg\"><img loading=\"lazy\" decoding=\"async\" aria-describedby=\"caption-attachment-45803\" class=\"wp-image-45803 size-large\" src=\"https:\/\/www.conselharan.org\/wp-content\/uploads\/2021\/12\/20211113_GKMPH_0668-1024x683.jpg\" alt=\"\" width=\"1024\" height=\"683\" srcset=\"https:\/\/www.conselharan.org\/wp-content\/uploads\/2021\/12\/20211113_GKMPH_0668-1024x683.jpg 1024w, https:\/\/www.conselharan.org\/wp-content\/uploads\/2021\/12\/20211113_GKMPH_0668-300x200.jpg 300w, https:\/\/www.conselharan.org\/wp-content\/uploads\/2021\/12\/20211113_GKMPH_0668-768x512.jpg 768w, https:\/\/www.conselharan.org\/wp-content\/uploads\/2021\/12\/20211113_GKMPH_0668-1536x1024.jpg 1536w, https:\/\/www.conselharan.org\/wp-content\/uploads\/2021\/12\/20211113_GKMPH_0668-2048x1365.jpg 2048w\" sizes=\"(max-width: 1024px) 100vw, 1024px\" \/><\/a><p id=\"caption-attachment-45803\" class=\"wp-caption-text\">Acte olimpisme coma motor de desvolopament territoriau-13 noveme<\/p><\/div>\n<ul>\n<li>\n<h3><strong>Tots els ajuntaments aranesos s&#8217;han adherit a aquesta declaraci\u00f3 institucional, conscients de l&#8217;impacte positiu que podria tenir per al territori, i demostrant aix\u00ed el comprom\u00eds de la Val d&#8217;Aran amb aquesta candidatura<\/strong><\/h3>\n<\/li>\n<\/ul>\n<p>El passat 10 de setembre el Conselh Generau d\u2019Aran es convertia en la primera instituci\u00f3 en aprovar al ple, per unanimitat, una declaraci\u00f3 institucional a favor de la candidatura ol\u00edmpica dels Pirineus per als jocs d&#8217;hivern de 2030.<\/p>\n<p>\u201cEl govern d&#8217;Aran vol ser una instituci\u00f3 activa per a aconseguir la fita d&#8217;aquesta candidatura ol\u00edmpica, conscients com som de l&#8217;impacte positiu que podria tenir per al territori la celebraci\u00f3 d&#8217;un esdeveniment d&#8217;aquest tipus, i el volem fer juntament amb la resta de territoris del Pirineu\u201d afirmava la s\u00edndica d&#8217;Aran, Maria Verg\u00e9s, afegint que: \u201c\u00e9s per aquest motiu que hem fet arribar a les institucions i administracions p\u00fabliques del Pirineu catal\u00e0 i aragon\u00e8s aquesta declaraci\u00f3 institucional, perqu\u00e8 aquells que ho vulguin puguin adherir-se i mostrar un front conjunt de suport als Jocs Ol\u00edmpics d&#8217;Hivern de 2030\u201d.<\/p>\n<p>Fins al moment, un total de 67 administracions (Diputacions, Comarques i Ajuntaments) s&#8217;han adherit a aquest manifest, entre ells, tots els Ajuntaments de la Val d&#8217;Aran. En aquest sentit, la s\u00edndica d&#8217;Aran manifestava que: \u201cestem molt satisfets de la resposta rebuda, que demostra que el territori est\u00e0 per la labor d&#8217;impulsar aquesta candidatura i estem conven\u00e7uts que arribaran m\u00e9s declaracions de suport\u201d.<\/p>\n<p>El Conselh Generau d\u2019Aran ha fet arribar aquesta declaraci\u00f3 institucional a:<\/p>\n<ul>\n<li>El govern d&#8217;Espa\u00f1a<\/li>\n<li>La Generalitat de Catalunya<\/li>\n<li>El govern d&#8217;Arag\u00f3<\/li>\n<li>El Comit\u00e8 Ol\u00edmpic Espanyol (COE)<\/li>\n<li>El Comit\u00e8 Ol\u00edmpic Internacional (COI)<\/li>\n<li>L&#8217;Ajuntament de Barcelona<\/li>\n<li>L&#8217;Ajuntament de Saragossa<\/li>\n<li>La Real Federaci\u00f3 Espanyola d&#8217;Esports d&#8217;Hivern (RFEDI)<\/li>\n<li>La Real Federaci\u00f3 Espanyola de Gel (FEDHielo)<\/li>\n<li>El Consell Superior d&#8217;Esports (CSD)<\/li>\n<\/ul>\n<p><a href=\"https:\/\/ibb.co\/kmFZDvZ\"><img decoding=\"async\" src=\"https:\/\/i.ibb.co\/TW5y0dy\/Whats-App-Image-2021-12-01-at-17-46-36.jpg\" alt=\"Whats-App-Image-2021-12-01-at-17-46-36\" border=\"0\" \/><\/a><br \/>\n<a href=\"https:\/\/ibb.co\/KVnDqqW\"><img decoding=\"async\" src=\"https:\/\/i.ibb.co\/JrZq77H\/Whats-App-Image-2021-12-01-at-17-46-36-1.jpg\" alt=\"Whats-App-Image-2021-12-01-at-17-46-36-1\" border=\"0\" \/><\/a><\/p>\n ","protected":false},"excerpt":{"rendered":"<p>&nbsp; Tots els ajuntaments aranesos s&#8217;han adherit a aquesta declaraci\u00f3 institucional, conscients de l&#8217;impacte positiu que podria tenir per al territori, i demostrant aix\u00ed el comprom\u00eds de la Val d&#8217;Aran amb aquesta candidatura El passat 10 de setembre el Conselh Generau d\u2019Aran es convertia en la primera instituci\u00f3 en aprovar al ple, per unanimitat, una&#8230;<\/p>\n","protected":false},"author":10,"featured_media":45804,"comment_status":"closed","ping_status":"closed","sticky":false,"template":"","format":"standard","meta":{"footnotes":""},"categories":[],"tags":[],"_links":{"self":[{"href":"https:\/\/www.conselharan.org\/ca\/wp-json\/wp\/v2\/posts\/45811"}],"collection":[{"href":"https:\/\/www.conselharan.org\/ca\/wp-json\/wp\/v2\/posts"}],"about":[{"href":"https:\/\/www.conselharan.org\/ca\/wp-json\/wp\/v2\/types\/post"}],"author":[{"embeddable":true,"href":"https:\/\/www.conselharan.org\/ca\/wp-json\/wp\/v2\/users\/10"}],"replies":[{"embeddable":true,"href":"https:\/\/www.conselharan.org\/ca\/wp-json\/wp\/v2\/comments?post=45811"}],"version-history":[{"count":3,"href":"https:\/\/www.conselharan.org\/ca\/wp-json\/wp\/v2\/posts\/45811\/revisions"}],"predecessor-version":[{"id":45818,"href":"https:\/\/www.conselharan.org\/ca\/wp-json\/wp\/v2\/posts\/45811\/revisions\/45818"}],"wp:featuredmedia":[{"embeddable":true,"href":"https:\/\/www.conselharan.org\/ca\/wp-json\/wp\/v2\/media\/45804"}],"wp:attachment":[{"href":"https:\/\/www.conselharan.org\/ca\/wp-json\/wp\/v2\/media?parent=45811"}],"wp:term":[{"taxonomy":"category","embeddable":true,"href":"https:\/\/www.conselharan.org\/ca\/wp-json\/wp\/v2\/categories?post=45811"},{"taxonomy":"post_tag","embeddable":true,"href":"https:\/\/www.conselharan.org\/ca\/wp-json\/wp\/v2\/tags?post=45811"}],"curies":[{"name":"wp","href":"https:\/\/api.w.org\/{rel}","templated":true}]}}