{"id":45936,"date":"2021-12-09T15:54:12","date_gmt":"2021-12-09T14:54:12","guid":{"rendered":"https:\/\/www.conselharan.org\/?p=45936"},"modified":"2021-12-09T16:06:46","modified_gmt":"2021-12-09T15:06:46","slug":"la-val-daran-al-80-docupacio-mitja-hotelera-aquest-pont-de-la-immaculada","status":"publish","type":"post","link":"https:\/\/www.conselharan.org\/ca\/la-val-daran-al-80-docupacio-mitja-hotelera-aquest-pont-de-la-immaculada\/","title":{"rendered":"La Val d\u2019Aran al 80% d\u2019ocupaci\u00f3 mitja hotelera aquest pont de la immaculada"},"content":{"rendered":"<p><a href=\"https:\/\/www.conselharan.org\/wp-content\/uploads\/2021\/12\/francesca-tosolini-GyCD3-QbBdw-unsplash.jpg\"><img loading=\"lazy\" decoding=\"async\" class=\"alignnone size-full wp-image-45933\" src=\"https:\/\/www.conselharan.org\/wp-content\/uploads\/2021\/12\/francesca-tosolini-GyCD3-QbBdw-unsplash.jpg\" alt=\"\" width=\"2560\" height=\"1696\" \/><\/a><\/p>\n<ul>\n<li><strong>Durant el pont que acabem de passar, l&#8217;oferta hotelera de la Val d\u2019Aran ha estat d\u2019un 92% de places obertes, de les quals, s\u2019han ocupat un 80%. Tamb\u00e9, a l&#8217;Oficina de Turisme de Vielha, aquests dies s\u2019ha informat a 1.086 persones.<\/strong><\/li>\n<\/ul>\n<p><strong>El Departament de Turisme del Conselh Generau d\u2019Aran ha recollit les dades d\u2019aquest inici de temporada tur\u00edstica d\u2019hivern<\/strong> per poder fer les primeres valoracions de cara a la resta del per\u00edode. Enguany, aquest pont de desembre s\u2019han ofert un 92% de les places hoteleres existents a la Val d\u2019Aran, en les que s\u2019han allotjat un 80% de visitants.<\/p>\n<p>A la gran aflu\u00e8ncia de turistes arribats aquests dies, s\u2019han sumat les <strong>intenses nevades<\/strong> que han deixat una mitja de 185 cm de neu en les cotes m\u00e9s altes de l\u2019Aran. Arrel d\u2019aquestes condicions meteorol\u00f2giques, hi ha hagut <strong>modificacions d&#8217;\u00faltima hora en les reserves hoteleres de l\u2019Aran<\/strong>. Tamb\u00e9, ha repercutit en l&#8217;ocupaci\u00f3, la <strong>recomanaci\u00f3 d\u2019avan\u00e7ar la sortida als turistes<\/strong> allotjats en el nord d\u2019Espanya, realitzada per la <strong>DGT<\/strong> el dia 6 de desembre a la tarda.<\/p>\n<p>En aquest sentit, segons ha afirmat el conselh\u00e8r d\u2019Economia, Turisme i Promoci\u00f3 Econ\u00f2mica, Juan Antonio Serrano: \u201c<em>Ha estat un pont molt bo tur\u00edsticament tot i les 3 circumst\u00e0ncies clau. En primer lloc, les<strong> nevades pr\u00e8vies<\/strong> han garantit als esquiadors unes <strong>excel\u00b7lents condicions <\/strong>per la pr\u00e0ctica d\u2019aquest esport. En segon lloc, aquest pont que \u00e9s propi del calendari de festes nacionals, <strong>les fam\u00edlies que tradicionalment viatjaven a les principals ciutats europees, enguany arrel de la situaci\u00f3 de la pand\u00e8mia,<\/strong> <strong>han escollit<\/strong> un dest\u00ed a Espanya destacant <strong>l\u2019Aran<\/strong> entre els principals indrets. I al capdavall, el fet que l\u2019<strong>any passat <\/strong>molts apassionats de la neu <strong>no poguessin apropar-se per gaudir els esports de neu, <\/strong>ha fet que enguany tinguessin <strong>moltes ganes de venir <\/strong>a la Val d\u2019Aran\u201d.<\/em><\/p>\n<p>Tan t\u00e9s aix\u00ed, qu\u2019aquests dies de pont, el sector hoteler ha aconseguit <strong>un 31,21% m\u00e9s de visitants respecte al 2018<\/strong>, que va ser d\u2019un 48,79%, el percentatge d\u2019ocupaci\u00f3 del 2019 va ser d\u2019un 85,25%. Les dades del 2020 no s\u2019han tingut en el compte en aquest balan\u00e7 comparatiu per les restriccions de la situaci\u00f3 sanit\u00e0ria provocada per la COVID-19.<\/p>\n<p>Les positives dades tur\u00edstiques d\u2019enguany, s\u00f3n <strong>fruit de l&#8217;esfor\u00e7 de les importants campanyes de promoci\u00f3 <\/strong>als diversos canals de comunicaci\u00f3 que s\u2019han anat realitzant pel <strong>Departament de Turisme del Conselh Generau d\u2019Aran<\/strong> i de les mesures implementades pels <strong>hotelers<\/strong> per complir les <strong>normatives sanit\u00e0ries vigents<\/strong>.<\/p>\n<p>A m\u00e9s, l\u2019atenci\u00f3 personalitzada que ofereix l&#8217;<strong>Oficina de Turisme de Vielha ha fet que enguany 461 persones m\u00e9s que al 2019, <\/strong>s\u2019hi apropin per obtenir informaci\u00f3 sobre l&#8217;agenda cultural i d\u2019activitats del nostre territori.<\/p>\n<p>&nbsp;<\/p>\n ","protected":false},"excerpt":{"rendered":"<p>Durant el pont que acabem de passar, l&#8217;oferta hotelera de la Val d\u2019Aran ha estat d\u2019un 92% de places obertes, de les quals, s\u2019han ocupat un 80%. Tamb\u00e9, a l&#8217;Oficina de Turisme de Vielha, aquests dies s\u2019ha informat a 1.086 persones. El Departament de Turisme del Conselh Generau d\u2019Aran ha recollit les dades d\u2019aquest inici&#8230;<\/p>\n","protected":false},"author":10,"featured_media":45933,"comment_status":"closed","ping_status":"closed","sticky":false,"template":"","format":"standard","meta":{"footnotes":""},"categories":[33,800,139],"tags":[],"_links":{"self":[{"href":"https:\/\/www.conselharan.org\/ca\/wp-json\/wp\/v2\/posts\/45936"}],"collection":[{"href":"https:\/\/www.conselharan.org\/ca\/wp-json\/wp\/v2\/posts"}],"about":[{"href":"https:\/\/www.conselharan.org\/ca\/wp-json\/wp\/v2\/types\/post"}],"author":[{"embeddable":true,"href":"https:\/\/www.conselharan.org\/ca\/wp-json\/wp\/v2\/users\/10"}],"replies":[{"embeddable":true,"href":"https:\/\/www.conselharan.org\/ca\/wp-json\/wp\/v2\/comments?post=45936"}],"version-history":[{"count":2,"href":"https:\/\/www.conselharan.org\/ca\/wp-json\/wp\/v2\/posts\/45936\/revisions"}],"predecessor-version":[{"id":45941,"href":"https:\/\/www.conselharan.org\/ca\/wp-json\/wp\/v2\/posts\/45936\/revisions\/45941"}],"wp:featuredmedia":[{"embeddable":true,"href":"https:\/\/www.conselharan.org\/ca\/wp-json\/wp\/v2\/media\/45933"}],"wp:attachment":[{"href":"https:\/\/www.conselharan.org\/ca\/wp-json\/wp\/v2\/media?parent=45936"}],"wp:term":[{"taxonomy":"category","embeddable":true,"href":"https:\/\/www.conselharan.org\/ca\/wp-json\/wp\/v2\/categories?post=45936"},{"taxonomy":"post_tag","embeddable":true,"href":"https:\/\/www.conselharan.org\/ca\/wp-json\/wp\/v2\/tags?post=45936"}],"curies":[{"name":"wp","href":"https:\/\/api.w.org\/{rel}","templated":true}]}}