{"id":4594,"date":"2014-08-25T09:23:52","date_gmt":"2014-08-25T07:23:52","guid":{"rendered":"http:\/\/www.conselharan.org\/compde-darrer-enta-ua-naua-edicion-dera-corsa-des-de-15-pobles-2\/"},"modified":"2014-08-26T09:18:06","modified_gmt":"2014-08-26T07:18:06","slug":"compde-darrer-enta-ua-naua-edicion-dera-corsa-des-de-15-pobles","status":"publish","type":"post","link":"https:\/\/www.conselharan.org\/ca\/compde-darrer-enta-ua-naua-edicion-dera-corsa-des-de-15-pobles\/","title":{"rendered":"Compde darr\u00e8r ent\u00e0 ua naua edicion dera Corsa des de 15 p\u00f2bles"},"content":{"rendered":"<p><strong>Es inscripcions se p\u00f2den h\u00e8r enquiath 28 d\u2019agost en: <a href=\"http:\/\/www.corsa15pobles.org\" target=\"_blank\">www.corsa15pobles.org <\/a>o ben presenciaus (Av. Pas d\u2019Arr\u00f3, 6) es dies: deth 19 ath 22, e deth 25 ara 28 d\u2019agost, en orari: d\u201911h00 a 14h00 e de 19h00 a 21h00<\/strong><\/p>\n<p><a href=\"http:\/\/www.conselharan.org\/wp-content\/uploads\/2014\/08\/corsa2012.jpg\"><img loading=\"lazy\" decoding=\"async\" class=\"aligncenter size-large wp-image-4591\" alt=\"corsa2012\" src=\"http:\/\/www.conselharan.org\/wp-content\/uploads\/2014\/08\/corsa2012-1024x625.jpg\" width=\"1024\" height=\"625\" srcset=\"https:\/\/www.conselharan.org\/wp-content\/uploads\/2014\/08\/corsa2012-1024x625.jpg 1024w, https:\/\/www.conselharan.org\/wp-content\/uploads\/2014\/08\/corsa2012-300x183.jpg 300w\" sizes=\"(max-width: 1024px) 100vw, 1024px\" \/><\/a><\/p>\n<p>Eth dimenge, dia 31 d\u2019agost, era Val d\u2019Aran acuelher\u00e0 ua naua edicion dera Corsa des 15 p\u00f2bles, qu&#8217;enguan cel\u00e8bre era sua XVIII edicion, e damb diu\u00e8rses opcions:<\/p>\n<p>&#8211; Caminada damb quate opcions de recorregut : 21 km, 15 km e 5 km.<\/p>\n<p>&#8211; Carr\u00e8ra ent\u00e0 adults, eth tot combinar ua maraton, e eth trof\u00e8u Roland Gin\u00e9 ent\u00e0 mainatges 5 km. Gessuda d&#8217;Es B\u00f2rdes ent\u00e0s 09h00 ent\u00e0s recorreguts de 21 e 15 km, e gessuda de Betlan ent\u00e0s 11h00 entath recorregut de 5 km.<\/p>\n<p><strong>\u201cEra C\u00f2rsa des 15 p\u00f2bles pot\u00e9ncie eth senderisme ena Val d\u2019Aran, atau coma permet gaudir d\u2019ua rota de trekking combinada damb era visita pes p\u00f2bles d\u2019Aran e, a causa dera sua nauta participacion, h\u00e8 difusion dera Val d\u2019Aran e ath del\u00e0 collabore ena desestacionalizacion deth torisme. Atau donques, aguesta corsa a passat a formar part deth patrim\u00f2ni naturau e ist\u00f2ric dera Val d&#8217;Aran\u201d<\/strong> a manifestat, <strong>Anna D\u00edaz,<\/strong> conselh\u00e8ra de Torisme, Com\u00e8r\u00e7 e Consum.<\/p>\n<p>En paraules deth president des Volentaris d\u2019Aran,<strong> Roberto Boya, \u201ces Volentaris d\u2019Aran consideram qu&#8217;aguesta corsa ei f\u00f2r\u00e7a importanta entara Val d\u2019Aran tant a niv\u00e8u esportiu coma toristic e patrimoniau\u201d<\/strong> ath del\u00e0 Boya a soslinhat qu&#8217;es<strong> inscripcions van a f\u00f2r\u00e7a bon ritme.<\/strong><\/p>\n<p>Era Corsa l\u2019organizen es Volentaris d\u2019Aran damb eth sup\u00f2rt deth Conselh Generau d\u2019Aran.<\/p>\n<p>Es inscripcions se p\u00f2den h\u00e8r <strong>e<\/strong>nquiath 28 d\u2019agost en <strong><a href=\"http:\/\/www.corsa15pobles.org\" target=\"_blank\">www.corsa15pobles.org <\/a><\/strong>o ben presenciaus (Av. Pas d?Arr\u00f3, 6) es dies: deth 19 ath 22, e deth 25 ath 28 d\u2019agost, en orari: d\u201911h00 a 14h00 e de 19h00 a 21h00.<\/p>\n<p>M\u00e8s informacion:<strong><a href=\"http:\/\/www.corsa15pobles.org\" target=\"_blank\"> www.corsa15pobles.org.<\/a><\/strong><\/p>\n ","protected":false},"excerpt":{"rendered":"<p>Es inscripcions se p\u00f2den h\u00e8r enquiath 28 d\u2019agost en: www.corsa15pobles.org o ben presenciaus (Av. Pas d\u2019Arr\u00f3, 6) es dies: deth 19 ath 22, e deth 25 ara 28 d\u2019agost, en orari: d\u201911h00 a 14h00 e de 19h00 a 21h00 Eth dimenge, dia 31 d\u2019agost, era Val d\u2019Aran acuelher\u00e0 ua naua edicion dera Corsa des 15&#8230;<\/p>\n","protected":false},"author":2,"featured_media":4591,"comment_status":"closed","ping_status":"closed","sticky":false,"template":"","format":"standard","meta":{"footnotes":""},"categories":[33,36],"tags":[],"_links":{"self":[{"href":"https:\/\/www.conselharan.org\/ca\/wp-json\/wp\/v2\/posts\/4594"}],"collection":[{"href":"https:\/\/www.conselharan.org\/ca\/wp-json\/wp\/v2\/posts"}],"about":[{"href":"https:\/\/www.conselharan.org\/ca\/wp-json\/wp\/v2\/types\/post"}],"author":[{"embeddable":true,"href":"https:\/\/www.conselharan.org\/ca\/wp-json\/wp\/v2\/users\/2"}],"replies":[{"embeddable":true,"href":"https:\/\/www.conselharan.org\/ca\/wp-json\/wp\/v2\/comments?post=4594"}],"version-history":[{"count":4,"href":"https:\/\/www.conselharan.org\/ca\/wp-json\/wp\/v2\/posts\/4594\/revisions"}],"predecessor-version":[{"id":4603,"href":"https:\/\/www.conselharan.org\/ca\/wp-json\/wp\/v2\/posts\/4594\/revisions\/4603"}],"wp:featuredmedia":[{"embeddable":true,"href":"https:\/\/www.conselharan.org\/ca\/wp-json\/wp\/v2\/media\/4591"}],"wp:attachment":[{"href":"https:\/\/www.conselharan.org\/ca\/wp-json\/wp\/v2\/media?parent=4594"}],"wp:term":[{"taxonomy":"category","embeddable":true,"href":"https:\/\/www.conselharan.org\/ca\/wp-json\/wp\/v2\/categories?post=4594"},{"taxonomy":"post_tag","embeddable":true,"href":"https:\/\/www.conselharan.org\/ca\/wp-json\/wp\/v2\/tags?post=4594"}],"curies":[{"name":"wp","href":"https:\/\/api.w.org\/{rel}","templated":true}]}}