{"id":46089,"date":"2021-12-21T11:12:44","date_gmt":"2021-12-21T10:12:44","guid":{"rendered":"https:\/\/www.conselharan.org\/?p=46089"},"modified":"2021-12-21T11:12:44","modified_gmt":"2021-12-21T10:12:44","slug":"detectats-14-casos-positius-per-covid-19","status":"publish","type":"post","link":"https:\/\/www.conselharan.org\/ca\/detectats-14-casos-positius-per-covid-19\/","title":{"rendered":"Detectats 14 casos positius per COVID-19"},"content":{"rendered":"<p><a href=\"https:\/\/www.conselharan.org\/wp-content\/uploads\/2021\/12\/Actualizacion-donades-COVID.png\"><img loading=\"lazy\" decoding=\"async\" class=\"size-full wp-image-45793 aligncenter\" src=\"https:\/\/www.conselharan.org\/wp-content\/uploads\/2021\/12\/Actualizacion-donades-COVID.png\" alt=\"\" width=\"1080\" height=\"1080\" srcset=\"https:\/\/www.conselharan.org\/wp-content\/uploads\/2021\/12\/Actualizacion-donades-COVID.png 1080w, https:\/\/www.conselharan.org\/wp-content\/uploads\/2021\/12\/Actualizacion-donades-COVID-300x300.png 300w, https:\/\/www.conselharan.org\/wp-content\/uploads\/2021\/12\/Actualizacion-donades-COVID-1024x1024.png 1024w, https:\/\/www.conselharan.org\/wp-content\/uploads\/2021\/12\/Actualizacion-donades-COVID-150x150.png 150w, https:\/\/www.conselharan.org\/wp-content\/uploads\/2021\/12\/Actualizacion-donades-COVID-768x768.png 768w, https:\/\/www.conselharan.org\/wp-content\/uploads\/2021\/12\/Actualizacion-donades-COVID-270x270.png 270w, https:\/\/www.conselharan.org\/wp-content\/uploads\/2021\/12\/Actualizacion-donades-COVID-207x207.png 207w, https:\/\/www.conselharan.org\/wp-content\/uploads\/2021\/12\/Actualizacion-donades-COVID-75x75.png 75w\" sizes=\"(max-width: 1080px) 100vw, 1080px\" \/><\/a><\/p>\n<ul>\n<li><strong>Actualment, hi ha una persona ingressada a la planta COVID-19 de l\u2019Espitau Val d\u2019Aran del Pallars Juss\u00e0<\/strong><\/li>\n<\/ul>\n<p>El govern del Conselh Generau d\u2019Aran recorda la necessitat de seguir implementant les mesures preventives establertes per les autoritats sanit\u00e0ries, aix\u00ed com la import\u00e0ncia de vacunar-se.<\/p>\n ","protected":false},"excerpt":{"rendered":"<p>Actualment, hi ha una persona ingressada a la planta COVID-19 de l\u2019Espitau Val d\u2019Aran del Pallars Juss\u00e0 El govern del Conselh Generau d\u2019Aran recorda la necessitat de seguir implementant les mesures preventives establertes per les autoritats sanit\u00e0ries, aix\u00ed com la import\u00e0ncia de vacunar-se.<\/p>\n","protected":false},"author":10,"featured_media":45899,"comment_status":"closed","ping_status":"closed","sticky":false,"template":"","format":"standard","meta":{"footnotes":""},"categories":[33,805],"tags":[],"_links":{"self":[{"href":"https:\/\/www.conselharan.org\/ca\/wp-json\/wp\/v2\/posts\/46089"}],"collection":[{"href":"https:\/\/www.conselharan.org\/ca\/wp-json\/wp\/v2\/posts"}],"about":[{"href":"https:\/\/www.conselharan.org\/ca\/wp-json\/wp\/v2\/types\/post"}],"author":[{"embeddable":true,"href":"https:\/\/www.conselharan.org\/ca\/wp-json\/wp\/v2\/users\/10"}],"replies":[{"embeddable":true,"href":"https:\/\/www.conselharan.org\/ca\/wp-json\/wp\/v2\/comments?post=46089"}],"version-history":[{"count":1,"href":"https:\/\/www.conselharan.org\/ca\/wp-json\/wp\/v2\/posts\/46089\/revisions"}],"predecessor-version":[{"id":46090,"href":"https:\/\/www.conselharan.org\/ca\/wp-json\/wp\/v2\/posts\/46089\/revisions\/46090"}],"wp:featuredmedia":[{"embeddable":true,"href":"https:\/\/www.conselharan.org\/ca\/wp-json\/wp\/v2\/media\/45899"}],"wp:attachment":[{"href":"https:\/\/www.conselharan.org\/ca\/wp-json\/wp\/v2\/media?parent=46089"}],"wp:term":[{"taxonomy":"category","embeddable":true,"href":"https:\/\/www.conselharan.org\/ca\/wp-json\/wp\/v2\/categories?post=46089"},{"taxonomy":"post_tag","embeddable":true,"href":"https:\/\/www.conselharan.org\/ca\/wp-json\/wp\/v2\/tags?post=46089"}],"curies":[{"name":"wp","href":"https:\/\/api.w.org\/{rel}","templated":true}]}}