{"id":4609,"date":"2014-08-26T14:31:52","date_gmt":"2014-08-26T12:31:52","guid":{"rendered":"http:\/\/www.conselharan.org\/eth-conselh-generau-daran-regule-era-remassada-de-misharnons-e-evite-damatges-en-bosc-2\/"},"modified":"2016-06-13T13:22:19","modified_gmt":"2016-06-13T11:22:19","slug":"eth-conselh-generau-daran-regule-era-remassada-de-misharnons-e-evite-damatges-en-bosc","status":"publish","type":"post","link":"https:\/\/www.conselharan.org\/ca\/eth-conselh-generau-daran-regule-era-remassada-de-misharnons-e-evite-damatges-en-bosc\/","title":{"rendered":"Eth Conselh Generau d\u2019Aran regule era remassada de misharnons e evite damatges en b\u00f2sc"},"content":{"rendered":"<p><strong>Damb era naua ordenan\u00e7a deth mes de mai que regule era recuelhuda de misharnons ena Val d\u2019Aran, vesins d&#8217;Aran, proprietaris de dusaus resid\u00e9ncies e gent que pernocti en establiments toristics, poden arrecu\u00e9lher misharnons enes b\u00f2squi sense cap c\u00f2st.<\/strong><\/p>\n<p><a href=\"http:\/\/www.conselharan.org\/wp-content\/uploads\/2014\/08\/ceps.jpg\"><img loading=\"lazy\" decoding=\"async\" class=\"aligncenter size-full wp-image-4605\" alt=\"ceps\" src=\"http:\/\/www.conselharan.org\/wp-content\/uploads\/2014\/08\/ceps.jpg\" width=\"462\" height=\"300\" srcset=\"https:\/\/www.conselharan.org\/wp-content\/uploads\/2014\/08\/ceps.jpg 462w, https:\/\/www.conselharan.org\/wp-content\/uploads\/2014\/08\/ceps-300x194.jpg 300w\" sizes=\"(max-width: 462px) 100vw, 462px\" \/><\/a><\/p>\n<p>Des deth mes de mai, mes en quau entr\u00e8c en vigor era naua ordenan\u00e7a que regule era remassada de misharnons ena Val d\u2019Aran, i a agut ua den\u00f3ncia per part des agents de Medi Ambient deth Conselh Generau d\u2019Aran damb era collaboracion des Mossos d\u2019Esquadra.<\/p>\n<p>Era denoncia siguec pr\u2019amor qu\u2019eth denonciat remass\u00e8c misharnons sense era corresponenta autorizacion. Se decomis\u00e8ren diu\u00e8rsi quil\u00f2s de rovelhons, ceps e rossinh\u00f2ls.<\/p>\n<p>En paraules deth sindic d&#8217;Aran, <strong>Carlos Barrera, \u201caguesta mesura non a c\u00e0p afan recaptatori donques qu&#8217;ei totauments gratu\u00efta, e tanp\u00f2c limite era quantitat de misharnons que se p\u00f2den arrecu\u00e9lher.\u201d<\/strong><\/p>\n<p>Eth Conselh Generau a expedit uns talonaris as s\u00f2ns Ajuntaments e lotjaments otel\u00e8rs que permete a residents, proprietaris de dusaus resid\u00e9ncies e gent que pernocti en establiments toristics dera Val d&#8217;Aran, poder arrecu\u00e9lher misharnons en es b\u00f2squi sense cap c\u00f2st.<\/p>\n<p>Eth reglament, cossent damb era n\u00f2rma forestau catalana, aplique sancions que van des de leug\u00e8rs, gr\u00e8us, enquia f\u00f2r\u00e7a gr\u00e8us en casi de re\u00efncid\u00e9ncia.<\/p>\n<p>Eth conselh\u00e8r d&#8217;Agricultura, Ramaderia e Medi Naturau d\u2019Aran, <strong>Jos\u00e9 E. Arr\u00f3,<\/strong> a informat qu\u2019<strong>\u201des agents de Medi Ambient deth Conselh Generau d\u2019Aran son es encargadi de garantir que se complisque era naua n\u00f2rma. En aguest sens i a ua collaboracion de coordinacion damb eth c\u00f2s de Mossos d\u2019Esquadra e Guardia Civil a ef\u00e8ctes de contrar\u00f2tles de compliment dera madeisha.\u201d<\/strong><\/p>\n<p><a href=\"http:\/\/www.conselharan.org\/wp-content\/uploads\/2014\/08\/SENHALIZACION_misharnons-20-def.jpg\"><img loading=\"lazy\" decoding=\"async\" class=\"aligncenter size-large wp-image-4606\" alt=\"SENHALIZACION_misharnons 20 def\" src=\"http:\/\/www.conselharan.org\/wp-content\/uploads\/2014\/08\/SENHALIZACION_misharnons-20-def-534x1024.jpg\" width=\"534\" height=\"1024\" srcset=\"https:\/\/www.conselharan.org\/wp-content\/uploads\/2014\/08\/SENHALIZACION_misharnons-20-def-534x1024.jpg 534w, https:\/\/www.conselharan.org\/wp-content\/uploads\/2014\/08\/SENHALIZACION_misharnons-20-def-156x300.jpg 156w\" sizes=\"(max-width: 534px) 100vw, 534px\" \/><\/a><\/p>\n<p>Ath del\u00e0, eth Conselh a installat 42 pan\u00e8us de senhalizacion enes pistes forestaus ent\u00e0 informar sus era pro\u00efbicion d&#8217;arrecu\u00e9lher misharnons en aran\u00e9s, catalan, castelhan e franc\u00e9s.<\/p>\n ","protected":false},"excerpt":{"rendered":"<p>Damb era naua ordenan\u00e7a deth mes de mai que regule era recuelhuda de misharnons ena Val d\u2019Aran, vesins d&#8217;Aran, proprietaris de dusaus resid\u00e9ncies e gent que pernocti en establiments toristics, poden arrecu\u00e9lher misharnons enes b\u00f2squi sense cap c\u00f2st. Des deth mes de mai, mes en quau entr\u00e8c en vigor era naua ordenan\u00e7a que regule era&#8230;<\/p>\n","protected":false},"author":2,"featured_media":4605,"comment_status":"closed","ping_status":"closed","sticky":false,"template":"","format":"standard","meta":{"footnotes":""},"categories":[31,127,33,36],"tags":[],"_links":{"self":[{"href":"https:\/\/www.conselharan.org\/ca\/wp-json\/wp\/v2\/posts\/4609"}],"collection":[{"href":"https:\/\/www.conselharan.org\/ca\/wp-json\/wp\/v2\/posts"}],"about":[{"href":"https:\/\/www.conselharan.org\/ca\/wp-json\/wp\/v2\/types\/post"}],"author":[{"embeddable":true,"href":"https:\/\/www.conselharan.org\/ca\/wp-json\/wp\/v2\/users\/2"}],"replies":[{"embeddable":true,"href":"https:\/\/www.conselharan.org\/ca\/wp-json\/wp\/v2\/comments?post=4609"}],"version-history":[{"count":5,"href":"https:\/\/www.conselharan.org\/ca\/wp-json\/wp\/v2\/posts\/4609\/revisions"}],"predecessor-version":[{"id":12379,"href":"https:\/\/www.conselharan.org\/ca\/wp-json\/wp\/v2\/posts\/4609\/revisions\/12379"}],"wp:featuredmedia":[{"embeddable":true,"href":"https:\/\/www.conselharan.org\/ca\/wp-json\/wp\/v2\/media\/4605"}],"wp:attachment":[{"href":"https:\/\/www.conselharan.org\/ca\/wp-json\/wp\/v2\/media?parent=4609"}],"wp:term":[{"taxonomy":"category","embeddable":true,"href":"https:\/\/www.conselharan.org\/ca\/wp-json\/wp\/v2\/categories?post=4609"},{"taxonomy":"post_tag","embeddable":true,"href":"https:\/\/www.conselharan.org\/ca\/wp-json\/wp\/v2\/tags?post=4609"}],"curies":[{"name":"wp","href":"https:\/\/api.w.org\/{rel}","templated":true}]}}