{"id":46126,"date":"2021-12-22T16:08:44","date_gmt":"2021-12-22T15:08:44","guid":{"rendered":"https:\/\/www.conselharan.org\/?p=46126"},"modified":"2021-12-22T18:11:35","modified_gmt":"2021-12-22T17:11:35","slug":"presentacio-a-la-diputacio-de-lleida-del-freeride-world-tour-que-es-celebrara-a-baqueira-beret","status":"publish","type":"post","link":"https:\/\/www.conselharan.org\/ca\/presentacio-a-la-diputacio-de-lleida-del-freeride-world-tour-que-es-celebrara-a-baqueira-beret\/","title":{"rendered":"Presentaci\u00f3 a la Diputaci\u00f3 de Lleida del Freeride World Tour que es celebrar\u00e0 a Baqueira Beret"},"content":{"rendered":"<p><a href=\"https:\/\/www.conselharan.org\/wp-content\/uploads\/2021\/12\/Presentaci\u00f3_Freeride_Baqueira_01.jpg\"><img loading=\"lazy\" decoding=\"async\" class=\"size-full wp-image-46119 aligncenter\" src=\"https:\/\/www.conselharan.org\/wp-content\/uploads\/2021\/12\/Presentaci\u00f3_Freeride_Baqueira_01.jpg\" alt=\"\" width=\"1024\" height=\"683\" srcset=\"https:\/\/www.conselharan.org\/wp-content\/uploads\/2021\/12\/Presentaci\u00f3_Freeride_Baqueira_01.jpg 1024w, https:\/\/www.conselharan.org\/wp-content\/uploads\/2021\/12\/Presentaci\u00f3_Freeride_Baqueira_01-300x200.jpg 300w, https:\/\/www.conselharan.org\/wp-content\/uploads\/2021\/12\/Presentaci\u00f3_Freeride_Baqueira_01-768x512.jpg 768w\" sizes=\"(max-width: 1024px) 100vw, 1024px\" \/><\/a><\/p>\n<ul>\n<li><strong>El Conselh Generau d\u2019Aran col\u00b7labora amb el <em>Freeride World Tour,<\/em> essent la Val d\u2019Aran l\u2019escenari del primer esdeveniment d\u2019aquesta competici\u00f3 mundial <\/strong><\/li>\n<\/ul>\n<p><strong>\u00a0<\/strong><\/p>\n<p>Aquest mat\u00ed, <strong>la s\u00edndica d\u2019Aran, Maria Verg\u00e9s i el conseller d\u2019Esport<\/strong> i Governaci\u00f3, <strong>Amador Marqu\u00e9s, han visitat la <em>Diputaci\u00f3 de Lleida <\/em><\/strong>amb motiu de l\u2019acte de <strong>presentaci\u00f3 del <em>Freeride World Tour (FWT)<\/em><\/strong> que enguany es far\u00e0 a l\u2019estaci\u00f3 aranesa <strong>Baqueira Beret<\/strong>.<\/p>\n<p>Conjuntament amb<strong> el president de la <em>Diputaci\u00f3 de Lleida<\/em>,<\/strong> Joan Talarn i amb el <strong>director de m\u00e0rqueting de Baqueira Beret<\/strong>, Xavi Ubeira, la s\u00edndica d\u2019Aran ha <strong>comparegut <\/strong>davant dels mitjans de comunicaci\u00f3 a la <strong>roda de premsa<\/strong>, en la que ha manifestat que: <em>\u201caquest esdeveniment servir\u00e0 per <\/em><strong><em>posicionar a la Val d\u2019Aran, \u00a0i a l\u2019estaci\u00f3 Baqueira Beret, com a referents en l\u2019organitzaci\u00f3 d\u2019esdeveniments internacionals<\/em><\/strong><em> demostrant que tenim la capacitat per fer competicions d\u2019aquest nivell. Sobretot, davant el repte que tenim com a territori amb la <\/em><strong><em>candidatura dels jocs ol\u00edmpics d\u2019hivern\u201d<\/em><\/strong><strong>,<\/strong> tamb\u00e9 ha afegit, <em>\u201cvull agrair<\/em><strong><em> a Baqueira Beret per haver fet aquesta aposta <\/em><\/strong><em>que implicar\u00e0 un alt grau de preparaci\u00f3 i implicaci\u00f3 per part de tota l\u2019estaci\u00f3, i a la <\/em><strong><em>Diputaci\u00f3 de Lleida pel suport que ha donat a aquest campionat\u201d.<\/em><\/strong><\/p>\n<p><strong>Per primera vegada<\/strong>, aquest internacional campionat se celebrar\u00e0 a<strong> Espanya<\/strong>, a l\u2019estaci\u00f3 aranesa de <strong>Baqueira Beret<\/strong>, que estrenar\u00e0 el calendari FWT 2022, realitzant el primer esdeveniment d\u2019aquest any els<strong> dies 22 i 23 de gener, <\/strong>tot i que tenen la estan\u00e7a prevista a l\u2019Aran fins al 28 de gener, per si les condicions climatol\u00f2giques no s\u00f3n les m\u00e9s adients. Es preveu, que aquesta competici\u00f3 <strong>acollir\u00e0 a la Val d\u2019Aran a m\u00e9s de 150 persones,<\/strong> entre esquiadors\/es, snowboarders, mitjans de comunicaci\u00f3, t\u00e8cnics i membres de l\u2019organitzaci\u00f3.<\/p>\n<p>En aquesta <strong>15a. edici\u00f3 del Free Ride World Tour 2022,<\/strong> la competici\u00f3 recorrer\u00e0 cinc pa\u00efsos:<\/p>\n<p><strong>Del 22 al 28 de gener, en Baqueira Beret, Espanya<\/strong><\/p>\n<p><strong>Del 30 de gener al 5 de febrer, en<\/strong> <strong>Ordino Arcal\u00eds, Andorra<\/strong><\/p>\n<p><strong>Del 12 al 17 de febrer, en Kicking Horse Golden BC, Canad\u00e0<\/strong><\/p>\n<p><strong>Del 15 al 20 de mar\u00e7, en Saalbach Fieberbrunn, \u00c0ustria<\/strong><\/p>\n<p><strong>Del 26 de mar\u00e7 al 3 d\u2019abril, en Verbier, Su\u00efssa <\/strong><\/p>\n<p><strong>\u00a0<\/strong><\/p>\n<p><strong>Els millors freeriders del m\u00f3n competiran <\/strong>a les majestuoses muntanyes de la <strong>Val d\u2019Aran<\/strong>, 50 homes i 30 dones, esportistes entre els quals i \u00e9s, <strong>l\u2019esquiador aran\u00e8s, Aymar Navarro, <\/strong>\u00a0que va guanyar l\u2019hivern passat la<strong> 3a. posici\u00f3<\/strong> en aquest campionat, essent el primer espanyol a pujar al podi de la gran final d\u2019aquest circuit mundial de <em>freeride.<\/em> Tot i que no ser\u00e0 l\u2019\u00fanic aran\u00e8s en participar, l\u2019<strong>Abel Moga<\/strong>, tamb\u00e9 en categoria masculina d\u2019esqu\u00ed <em>freeride<\/em>, ha estat <strong>convocat per a l\u2019edici\u00f3 d\u2019enguany. <\/strong>Aix\u00ed com,<strong> Alex Dedieu que ho far\u00e0 en la categoria d\u2019esqu\u00ed <em>freeride<\/em> junior, <\/strong>els dos estrenant-se al FWTa les muntanyes que els han vist cr\u00e9ixer. <strong>Tots tres formen part de l\u2019elit del <em>freeride<\/em> i representen un s\u00edmbol d\u2019orgull per esport aran\u00e8s,<\/strong> tant pel seu indiscutible talent i la seva admirable valentia, com pels professionals que els van formar al seu dia com esquiadors i el suport de les fam\u00edlies per poder practicar aquest esport.<\/p>\n<p>La <strong>selecci\u00f3 de Baqueira Beret<\/strong> com una de les cinc estacions per aquesta competici\u00f3, s\u2019explica per les <strong>magn\u00edfiques condicions climatol\u00f2giques,<\/strong> l\u2019impecable <strong>estat i manteniment de les instal\u00b7lacions<\/strong> i els <strong>espectaculars paisatges<\/strong> que mostraran al m\u00f3n el tresor que \u00e9s la Val Aran.<\/p>\n ","protected":false},"excerpt":{"rendered":"<p>El Conselh Generau d\u2019Aran col\u00b7labora amb el Freeride World Tour, essent la Val d\u2019Aran l\u2019escenari del primer esdeveniment d\u2019aquesta competici\u00f3 mundial \u00a0 Aquest mat\u00ed, la s\u00edndica d\u2019Aran, Maria Verg\u00e9s i el conseller d\u2019Esport i Governaci\u00f3, Amador Marqu\u00e9s, han visitat la Diputaci\u00f3 de Lleida amb motiu de l\u2019acte de presentaci\u00f3 del Freeride World Tour (FWT) que&#8230;<\/p>\n","protected":false},"author":10,"featured_media":46119,"comment_status":"closed","ping_status":"closed","sticky":false,"template":"","format":"standard","meta":{"footnotes":""},"categories":[31,136,33,36],"tags":[],"_links":{"self":[{"href":"https:\/\/www.conselharan.org\/ca\/wp-json\/wp\/v2\/posts\/46126"}],"collection":[{"href":"https:\/\/www.conselharan.org\/ca\/wp-json\/wp\/v2\/posts"}],"about":[{"href":"https:\/\/www.conselharan.org\/ca\/wp-json\/wp\/v2\/types\/post"}],"author":[{"embeddable":true,"href":"https:\/\/www.conselharan.org\/ca\/wp-json\/wp\/v2\/users\/10"}],"replies":[{"embeddable":true,"href":"https:\/\/www.conselharan.org\/ca\/wp-json\/wp\/v2\/comments?post=46126"}],"version-history":[{"count":2,"href":"https:\/\/www.conselharan.org\/ca\/wp-json\/wp\/v2\/posts\/46126\/revisions"}],"predecessor-version":[{"id":46131,"href":"https:\/\/www.conselharan.org\/ca\/wp-json\/wp\/v2\/posts\/46126\/revisions\/46131"}],"wp:featuredmedia":[{"embeddable":true,"href":"https:\/\/www.conselharan.org\/ca\/wp-json\/wp\/v2\/media\/46119"}],"wp:attachment":[{"href":"https:\/\/www.conselharan.org\/ca\/wp-json\/wp\/v2\/media?parent=46126"}],"wp:term":[{"taxonomy":"category","embeddable":true,"href":"https:\/\/www.conselharan.org\/ca\/wp-json\/wp\/v2\/categories?post=46126"},{"taxonomy":"post_tag","embeddable":true,"href":"https:\/\/www.conselharan.org\/ca\/wp-json\/wp\/v2\/tags?post=46126"}],"curies":[{"name":"wp","href":"https:\/\/api.w.org\/{rel}","templated":true}]}}