{"id":46149,"date":"2021-12-23T15:11:15","date_gmt":"2021-12-23T14:11:15","guid":{"rendered":"https:\/\/www.conselharan.org\/?p=46149"},"modified":"2021-12-23T15:16:08","modified_gmt":"2021-12-23T14:16:08","slug":"el-conselh-generau-daran-aprova-el-seu-pressupost-per-al-2022","status":"publish","type":"post","link":"https:\/\/www.conselharan.org\/ca\/el-conselh-generau-daran-aprova-el-seu-pressupost-per-al-2022\/","title":{"rendered":"El Conselh Generau d&#8217;Aran aprova el seu pressupost per al 2022"},"content":{"rendered":"<p><a href=\"https:\/\/www.conselharan.org\/wp-content\/uploads\/2021\/12\/WhatsApp-Image-2021-12-23-at-14.52.48.jpeg\"><img loading=\"lazy\" decoding=\"async\" class=\"alignnone size-full wp-image-46145\" src=\"https:\/\/www.conselharan.org\/wp-content\/uploads\/2021\/12\/WhatsApp-Image-2021-12-23-at-14.52.48.jpeg\" alt=\"\" width=\"2048\" height=\"1536\" srcset=\"https:\/\/www.conselharan.org\/wp-content\/uploads\/2021\/12\/WhatsApp-Image-2021-12-23-at-14.52.48.jpeg 2048w, https:\/\/www.conselharan.org\/wp-content\/uploads\/2021\/12\/WhatsApp-Image-2021-12-23-at-14.52.48-300x225.jpeg 300w, https:\/\/www.conselharan.org\/wp-content\/uploads\/2021\/12\/WhatsApp-Image-2021-12-23-at-14.52.48-1024x768.jpeg 1024w, https:\/\/www.conselharan.org\/wp-content\/uploads\/2021\/12\/WhatsApp-Image-2021-12-23-at-14.52.48-768x576.jpeg 768w, https:\/\/www.conselharan.org\/wp-content\/uploads\/2021\/12\/WhatsApp-Image-2021-12-23-at-14.52.48-1536x1152.jpeg 1536w\" sizes=\"(max-width: 2048px) 100vw, 2048px\" \/><\/a><\/p>\n<ul>\n<li><strong>Les partides m\u00e9s destacades dels comptes de la m\u00e0xima instituci\u00f3 per a l&#8217;any vinent, se centren en l&#8217;atenci\u00f3 a les persones, augmentant la dotaci\u00f3 al departament de sanitat i atenci\u00f3 social, en la diversificaci\u00f3 econ\u00f2mica i la sostenibilitat ambiental, amb l&#8217;impuls de la gesti\u00f3 forestal i l&#8217;estudi de nous sistemes energ\u00e8tics, la innovaci\u00f3 tecnol\u00f2gica, la promoci\u00f3 tur\u00edstica i les inversions en patrimoni, aix\u00ed com accions de normalitzaci\u00f3 i promoci\u00f3 ling\u00fc\u00edstica<\/strong><\/li>\n<\/ul>\n<p><strong>\u00a0<\/strong><\/p>\n<ul>\n<li><strong>Tot i aix\u00f2, el pressupost del Conselh Generau d&#8217;Aran per l&#8217;any 2022 no ha pogut contemplar altres despeses necess\u00e0ries, havent-se hagut de limitar i reduir les inversions previstes, per la manca de resposta de la Generalitat pel que fa al compliment de l&#8217;acord de finan\u00e7ament amb la m\u00e0xima instituci\u00f3 aranesa.<\/strong><\/li>\n<\/ul>\n<p><strong>\u00a0<\/strong><\/p>\n<p>Aquest mat\u00ed s&#8217;ha celebrat el <strong>ple extraordinari<\/strong> del Conselh Generau d&#8217;Aran al qual s&#8217;han <strong>aprovat els comptes <\/strong>de la m\u00e0xima instituci\u00f3 per al 2022.<\/p>\n<p>El <strong>pressupost<\/strong> previst per l&#8217;any vinent, que \u00e9s de <strong>35.903.284<\/strong><strong>\u202f<\/strong><strong>\u20ac<\/strong><strong>,<\/strong> contempla un <strong>augment<\/strong> important respecte a les partides de<strong> sanitat i atenci\u00f3 social, de m\u00e9s d&#8217;un mili\u00f3 d&#8217;euros, <\/strong>destina a, per un costat, fer front a la <strong>gesti\u00f3 de la COVID-19<\/strong>, i per l&#8217;altre, implementar <strong>nous serveis i millorar els actuals.<\/strong> En aquest sentit, el govern del Conselh Generau d&#8217;Aran t\u00e9 previst <strong>posar en marxa un Servei d&#8217;Atenci\u00f3 Domicili\u00e0ria (SAD)<\/strong>, com a pla pilot, per oferir un <strong>recurs de suport, dirigit a les persones<\/strong> que, per raons d&#8217;edat, malaltia o discapacitat, <strong>tenen limitada la seva autonomia.<\/strong><\/p>\n<p>Aix\u00ed mateix, el pressupost contempla una dotaci\u00f3 per seguir implementant el <strong>projecte de gesti\u00f3 forestal, <\/strong>que ha d&#8217;impulsar l&#8217;<strong>aprofitament sostenible dels boscos,<\/strong> per a aquests siguin m\u00e9s resilients al canvi clim\u00e0tic i als incendis de sisena generaci\u00f3 <strong>apostant per la bioeconomia i per a la generaci\u00f3 de nous llocs de treball<\/strong>.<\/p>\n<p>Aquests comptes tamb\u00e9 inclouen les diferents inversions previstes al <strong>Pla de Sostenibilitat Tur\u00edstica<\/strong> iniciat enguany, amb una partida de 475.000\u202f\u20ac, aix\u00ed com una <strong>nova col<\/strong><strong>\u00b7<\/strong><strong>laboraci<\/strong><strong>\u00f3<\/strong><strong> amb Baqueira Beret<\/strong> per a la promoci\u00f3 tur\u00edstica mitjan\u00e7ant les <strong>oficines<\/strong> que l&#8217;empresa t\u00e9 ubicades <strong>a Madrid.<\/strong><\/p>\n<p>D&#8217;altra banda, es mantenen les partides de <strong>suport als esportistes aranesos<\/strong>, aix\u00ed com als<strong> esdeveniments esportius <\/strong>que es realitzen a la Val d&#8217;Aran. Pel que fa al suport a la ramaderia, el Conselh Generau d&#8217;Aran mant\u00e9 les partides destinades a les<strong> indemnitzacions per al bestiar desaparegut, a les associacions agropecu\u00e0ries<\/strong>, aix\u00ed com a l&#8217;<strong>agrupaci\u00f3 de ramats<\/strong> durant l&#8217;estiu.<\/p>\n<p>Al sector de la innovaci\u00f3, els pressupostos del Conselh Generau d&#8217;Aran aposten pel<strong> suport a les persones emprenedores i l&#8217;impuls de projectes amb base tecnol\u00f2gica<\/strong> com \u00e9s actualment el<strong> projecte de la xarxa LORA <\/strong>en col\u00b7laboraci\u00f3 amb el sector ramader.<\/p>\n<p>El pressupost ha estat aprovat amb els vots a favor del grup d&#8217;Unitat d&#8217;Aran i l&#8217;abstenci\u00f3 del grup de Converg\u00e9ncia Aranesa.<\/p>\n<p><a href=\"https:\/\/www.conselharan.org\/wp-content\/uploads\/2021\/12\/P1042076-scaled.jpg\"><img loading=\"lazy\" decoding=\"async\" class=\"size-full wp-image-46152 aligncenter\" src=\"https:\/\/www.conselharan.org\/wp-content\/uploads\/2021\/12\/P1042076-scaled.jpg\" alt=\"\" width=\"2560\" height=\"1920\" srcset=\"https:\/\/www.conselharan.org\/wp-content\/uploads\/2021\/12\/P1042076-scaled.jpg 2560w, https:\/\/www.conselharan.org\/wp-content\/uploads\/2021\/12\/P1042076-300x225.jpg 300w, https:\/\/www.conselharan.org\/wp-content\/uploads\/2021\/12\/P1042076-1024x768.jpg 1024w, https:\/\/www.conselharan.org\/wp-content\/uploads\/2021\/12\/P1042076-768x576.jpg 768w, https:\/\/www.conselharan.org\/wp-content\/uploads\/2021\/12\/P1042076-1536x1152.jpg 1536w, https:\/\/www.conselharan.org\/wp-content\/uploads\/2021\/12\/P1042076-2048x1536.jpg 2048w\" sizes=\"(max-width: 2560px) 100vw, 2560px\" \/><\/a><\/p>\n<p>Per a la s\u00edndica d&#8217;Aran, Maria Verg\u00e9s &#8220;aquests pressupostos pretenen fer front als <strong>reptes que t\u00e9 la Val d&#8217;Aran<\/strong> en aquests moments, com s\u00f3n la <strong>gesti\u00f3 de la pand\u00e8mia, la diversificaci\u00f3 de l&#8217;economia i la retenci\u00f3 del talent&#8221;<\/strong> i ha afegit que &#8220;tot i que encara <strong>no hem rebut resposta de la Generalitat sobre el compliment<\/strong> per part seva de l&#8217;<strong>acord de finan\u00e7ament<\/strong>, fet que ens ha condicionat molt a l&#8217;hora de tancar aquests comptes i <strong>no ens ha perm\u00e8s incloure-hi tot el que \u00e9s necessari, <\/strong>hem fet un esfor\u00e7 per <strong>aquests comptes serveixin<\/strong> per, en la mesura de les nostres possibilitats, <strong>millorar la qualitat de vida de la ciutadania <\/strong>aranesa i comen\u00e7ar a <strong>consolidar a la Val d&#8217;Aran com a referent en diversos \u00e0mbits&#8221;.<\/strong><\/p>\n<p>D&#8217;altra banda, durant el ple<strong> ha pres possessi\u00f3 del seu c\u00e0rrec <\/strong>com a conseller general, el senyor <strong>Andreu Cort\u00e9s<\/strong>, en substituci\u00f3 del Sr. Franc\u00e9s Boya, qui <strong>desenvolupar\u00e0 les funcions de coordinaci\u00f3 entre els ajuntaments aranesos i el Conselh Generau.<\/strong><\/p>\n ","protected":false},"excerpt":{"rendered":"<p>Les partides m\u00e9s destacades dels comptes de la m\u00e0xima instituci\u00f3 per a l&#8217;any vinent, se centren en l&#8217;atenci\u00f3 a les persones, augmentant la dotaci\u00f3 al departament de sanitat i atenci\u00f3 social, en la diversificaci\u00f3 econ\u00f2mica i la sostenibilitat ambiental, amb l&#8217;impuls de la gesti\u00f3 forestal i l&#8217;estudi de nous sistemes energ\u00e8tics, la innovaci\u00f3 tecnol\u00f2gica, la&#8230;<\/p>\n","protected":false},"author":10,"featured_media":46145,"comment_status":"closed","ping_status":"closed","sticky":false,"template":"","format":"standard","meta":{"footnotes":""},"categories":[31,53,33,36],"tags":[],"_links":{"self":[{"href":"https:\/\/www.conselharan.org\/ca\/wp-json\/wp\/v2\/posts\/46149"}],"collection":[{"href":"https:\/\/www.conselharan.org\/ca\/wp-json\/wp\/v2\/posts"}],"about":[{"href":"https:\/\/www.conselharan.org\/ca\/wp-json\/wp\/v2\/types\/post"}],"author":[{"embeddable":true,"href":"https:\/\/www.conselharan.org\/ca\/wp-json\/wp\/v2\/users\/10"}],"replies":[{"embeddable":true,"href":"https:\/\/www.conselharan.org\/ca\/wp-json\/wp\/v2\/comments?post=46149"}],"version-history":[{"count":3,"href":"https:\/\/www.conselharan.org\/ca\/wp-json\/wp\/v2\/posts\/46149\/revisions"}],"predecessor-version":[{"id":46155,"href":"https:\/\/www.conselharan.org\/ca\/wp-json\/wp\/v2\/posts\/46149\/revisions\/46155"}],"wp:featuredmedia":[{"embeddable":true,"href":"https:\/\/www.conselharan.org\/ca\/wp-json\/wp\/v2\/media\/46145"}],"wp:attachment":[{"href":"https:\/\/www.conselharan.org\/ca\/wp-json\/wp\/v2\/media?parent=46149"}],"wp:term":[{"taxonomy":"category","embeddable":true,"href":"https:\/\/www.conselharan.org\/ca\/wp-json\/wp\/v2\/categories?post=46149"},{"taxonomy":"post_tag","embeddable":true,"href":"https:\/\/www.conselharan.org\/ca\/wp-json\/wp\/v2\/tags?post=46149"}],"curies":[{"name":"wp","href":"https:\/\/api.w.org\/{rel}","templated":true}]}}