{"id":4623,"date":"2014-08-26T15:02:03","date_gmt":"2014-08-26T13:02:03","guid":{"rendered":"http:\/\/www.conselharan.org\/naua-edicion-dera-heira-het-a-man-het-aciu-enquiath-27-dagost-2\/"},"modified":"2014-08-27T09:37:12","modified_gmt":"2014-08-27T07:37:12","slug":"naua-edicion-dera-heira-het-a-man-het-aciu-enquiath-27-dagost","status":"publish","type":"post","link":"https:\/\/www.conselharan.org\/ca\/naua-edicion-dera-heira-het-a-man-het-aciu-enquiath-27-dagost\/","title":{"rendered":"Nova edici\u00f3 de la fira H\u00e8t a man h\u00e8t aciu, fins el 27 d&#8217;agost"},"content":{"rendered":"<p><strong>26 artesans de diferents sectors participen en la fira amb la venda de productes locals<\/strong><\/p>\n<p><strong>Durant les diferents jornades hauran tallers i es sortejar\u00e0 una cistella amb productes artesanals<\/strong><\/p>\n<p><a href=\"http:\/\/www.conselharan.org\/wp-content\/uploads\/2014\/08\/DSC_0608.jpg\"><img loading=\"lazy\" decoding=\"async\" class=\"aligncenter size-large wp-image-4617\" alt=\"DSC_0608\" src=\"http:\/\/www.conselharan.org\/wp-content\/uploads\/2014\/08\/DSC_0608-1024x685.jpg\" width=\"1024\" height=\"685\" srcset=\"https:\/\/www.conselharan.org\/wp-content\/uploads\/2014\/08\/DSC_0608-1024x685.jpg 1024w, https:\/\/www.conselharan.org\/wp-content\/uploads\/2014\/08\/DSC_0608-300x200.jpg 300w\" sizes=\"(max-width: 1024px) 100vw, 1024px\" \/><\/a><\/p>\n<p>Vielha acull una nova edici\u00f3 de la fira H\u00e8t a man, h\u00e8t aciu, que organitza el Conselh Generau d\u2019Aran, i que tindr\u00e0 lloc fins el 27 d&#8217;agost. Es tracta d&#8217;una fira que ja s&#8217;ha assentat durant l&#8217;estiu en la Val d\u2019Aran, amb l&#8217;objectiu de promocionar als artesans i els productes locals.<\/p>\n<p>Aquest any la fira compta amb un total de 26 productors de diferents sectors: cistells, vidre, cer\u00e0mica, bijuteria, alimentaci\u00f3 i t\u00e8xtil entre uns altres. Una gran representaci\u00f3 de la producci\u00f3 artesanal que s&#8217;elabora en la Val d\u2019Aran.<\/p>\n<p><a href=\"http:\/\/www.conselharan.org\/wp-content\/uploads\/2014\/08\/conselhera-Anna-Diaz-TVdA.jpg\"><img loading=\"lazy\" decoding=\"async\" class=\"aligncenter size-large wp-image-4616\" alt=\"conselhera Anna Diaz-TVdA\" src=\"http:\/\/www.conselharan.org\/wp-content\/uploads\/2014\/08\/conselhera-Anna-Diaz-TVdA-1024x685.jpg\" width=\"1024\" height=\"685\" srcset=\"https:\/\/www.conselharan.org\/wp-content\/uploads\/2014\/08\/conselhera-Anna-Diaz-TVdA-1024x685.jpg 1024w, https:\/\/www.conselharan.org\/wp-content\/uploads\/2014\/08\/conselhera-Anna-Diaz-TVdA-300x200.jpg 300w\" sizes=\"(max-width: 1024px) 100vw, 1024px\" \/><\/a><em>La conselh\u00e8ra de Turisme, Comer\u00e7 i Consum d&#8217;Aran, Anna D\u00edaz, durant la inauguraci\u00f3 de H\u00e8t a man h\u00e8t aciu.<\/em><\/p>\n<p><strong>\u00a0\u201cH\u00e8t a man, h\u00e8t aciu, \u00e9s una gran oportunitat perqu\u00e8 tant els aranesos com els visitants que hi ha en la Val d\u2019Aran a l&#8217;estiu, puguin con\u00e8ixer els diferents sectors artesanals de la m\u00e0 dels seus productors, que representen una activitat important dins del comer\u00e7 local\u201d,<\/strong> comenta la conselh\u00e8ra de Turisme, Comer\u00e7 i Consum, <strong>Anna Diaz.<\/strong><\/p>\n<p><a href=\"http:\/\/www.conselharan.org\/wp-content\/uploads\/2014\/08\/DSC_0611.jpg\"><img loading=\"lazy\" decoding=\"async\" class=\"aligncenter size-large wp-image-4618\" alt=\"DSC_0611\" src=\"http:\/\/www.conselharan.org\/wp-content\/uploads\/2014\/08\/DSC_0611-1024x685.jpg\" width=\"1024\" height=\"685\" srcset=\"https:\/\/www.conselharan.org\/wp-content\/uploads\/2014\/08\/DSC_0611-1024x685.jpg 1024w, https:\/\/www.conselharan.org\/wp-content\/uploads\/2014\/08\/DSC_0611-300x200.jpg 300w\" sizes=\"(max-width: 1024px) 100vw, 1024px\" \/><\/a><\/p>\n<p>Durant les diferents jornades, els visitants a la fira podran apropar-se als estands per comprar els productes. A m\u00e9s, podran gaudir de diferents tallers que s&#8217;habilitaran per realitzar els cistells t\u00edpics de la Val d\u2019Aran (pa\u00e8rs), tallers de t\u00e8xtil i bijuteria, duts a terme pels mateixos productors.<\/p>\n<p><a href=\"http:\/\/www.conselharan.org\/wp-content\/uploads\/2014\/08\/DSC_0632.jpg\"><img loading=\"lazy\" decoding=\"async\" class=\"aligncenter size-large wp-image-4619\" alt=\"DSC_0632\" src=\"http:\/\/www.conselharan.org\/wp-content\/uploads\/2014\/08\/DSC_0632-1024x685.jpg\" width=\"1024\" height=\"685\" srcset=\"https:\/\/www.conselharan.org\/wp-content\/uploads\/2014\/08\/DSC_0632-1024x685.jpg 1024w, https:\/\/www.conselharan.org\/wp-content\/uploads\/2014\/08\/DSC_0632-300x200.jpg 300w\" sizes=\"(max-width: 1024px) 100vw, 1024px\" \/><\/a><\/p>\n<p>Al final de la fira es realitzar\u00e0 el sorteig d&#8217;una cistella completa amb diferents productes artesans dels diferents estands participants. L&#8217;horari de la fira ser\u00e0 de 10h30 a 14h30 i de 16h30 a 21h00 en el Passeig de la Llibertat de Vielha.<\/p>\n<p><em><strong>TALLERS DE H\u00c8T A MAN, H\u00c8T ACIU<\/strong><\/em><\/p>\n<p><strong>Dilluns 25 d\u2019agost:<\/strong><\/p>\n<p>\u2022 17h30 a 19h00:<\/p>\n<p>Taller amb material reciclat a c\u00e0rrec de Dwayna artesania<\/p>\n<p>Taller de cistelles a c\u00e0rrec de Pa\u00e8rs Bausen<\/p>\n<p><strong>Dimarts 26 d\u2019agost:<\/strong><\/p>\n<p>\u2022 11h30 a 13h00:<\/p>\n<p>Taller de punt per a adults a c\u00e0rrec de Taller t\u00e8xtil de Bausen<\/p>\n<p>\u2022 17h30 a 19h00:<\/p>\n<p>Taller amb fang polim\u00e8ric a c\u00e0rrec d\u2019Alicia Mitjans<\/p>\n<p>Taller de pastisseria a c\u00e0rrec de La Guinda<\/p>\n<p><strong>Dimecres 27 d\u2019agost:<\/strong><\/p>\n<p>\u2022 11h30 a 13h00:<\/p>\n<p>Crea el teu propi clauer a c\u00e0rrec de Baobab artesan\u00eda<\/p>\n<p>\u2022 17h30 a 19h00:<\/p>\n<p>Taller de costura a c\u00e0rrec de Tricobeb\u00e9<\/p>\n<p>Taller de cistelles a c\u00e0rrec de Pa\u00e8rs Bausen<\/p>\n ","protected":false},"excerpt":{"rendered":"<p>26 artesans de diferents sectors participen en la fira amb la venda de productes locals Durant les diferents jornades hauran tallers i es sortejar\u00e0 una cistella amb productes artesanals Vielha acull una nova edici\u00f3 de la fira H\u00e8t a man, h\u00e8t aciu, que organitza el Conselh Generau d\u2019Aran, i que tindr\u00e0 lloc fins el 27&#8230;<\/p>\n","protected":false},"author":2,"featured_media":4617,"comment_status":"closed","ping_status":"closed","sticky":false,"template":"","format":"standard","meta":{"footnotes":""},"categories":[33,36],"tags":[],"_links":{"self":[{"href":"https:\/\/www.conselharan.org\/ca\/wp-json\/wp\/v2\/posts\/4623"}],"collection":[{"href":"https:\/\/www.conselharan.org\/ca\/wp-json\/wp\/v2\/posts"}],"about":[{"href":"https:\/\/www.conselharan.org\/ca\/wp-json\/wp\/v2\/types\/post"}],"author":[{"embeddable":true,"href":"https:\/\/www.conselharan.org\/ca\/wp-json\/wp\/v2\/users\/2"}],"replies":[{"embeddable":true,"href":"https:\/\/www.conselharan.org\/ca\/wp-json\/wp\/v2\/comments?post=4623"}],"version-history":[{"count":4,"href":"https:\/\/www.conselharan.org\/ca\/wp-json\/wp\/v2\/posts\/4623\/revisions"}],"predecessor-version":[{"id":4640,"href":"https:\/\/www.conselharan.org\/ca\/wp-json\/wp\/v2\/posts\/4623\/revisions\/4640"}],"wp:featuredmedia":[{"embeddable":true,"href":"https:\/\/www.conselharan.org\/ca\/wp-json\/wp\/v2\/media\/4617"}],"wp:attachment":[{"href":"https:\/\/www.conselharan.org\/ca\/wp-json\/wp\/v2\/media?parent=4623"}],"wp:term":[{"taxonomy":"category","embeddable":true,"href":"https:\/\/www.conselharan.org\/ca\/wp-json\/wp\/v2\/categories?post=4623"},{"taxonomy":"post_tag","embeddable":true,"href":"https:\/\/www.conselharan.org\/ca\/wp-json\/wp\/v2\/tags?post=4623"}],"curies":[{"name":"wp","href":"https:\/\/api.w.org\/{rel}","templated":true}]}}