{"id":46388,"date":"2022-01-13T14:40:19","date_gmt":"2022-01-13T13:40:19","guid":{"rendered":"https:\/\/www.conselharan.org\/se-detecten-64-casi-positius-per-covid-19\/"},"modified":"2022-01-13T14:42:45","modified_gmt":"2022-01-13T13:42:45","slug":"se-detecten-64-casi-positius-per-covid-19","status":"publish","type":"post","link":"https:\/\/www.conselharan.org\/ca\/se-detecten-64-casi-positius-per-covid-19\/","title":{"rendered":"Es detecten 64 casos positius per COVID-19"},"content":{"rendered":"<p><a href=\"https:\/\/www.conselharan.org\/wp-content\/uploads\/2021\/12\/262229533_4689333767817788_2438868624971594558_n.png\"><img loading=\"lazy\" decoding=\"async\" class=\"aligncenter wp-image-45900 size-large\" src=\"https:\/\/www.conselharan.org\/wp-content\/uploads\/2021\/12\/262229533_4689333767817788_2438868624971594558_n-1024x1024.png\" alt=\"\" width=\"1024\" height=\"1024\" srcset=\"https:\/\/www.conselharan.org\/wp-content\/uploads\/2021\/12\/262229533_4689333767817788_2438868624971594558_n-1024x1024.png 1024w, https:\/\/www.conselharan.org\/wp-content\/uploads\/2021\/12\/262229533_4689333767817788_2438868624971594558_n-300x300.png 300w, https:\/\/www.conselharan.org\/wp-content\/uploads\/2021\/12\/262229533_4689333767817788_2438868624971594558_n-150x150.png 150w, https:\/\/www.conselharan.org\/wp-content\/uploads\/2021\/12\/262229533_4689333767817788_2438868624971594558_n-768x768.png 768w, https:\/\/www.conselharan.org\/wp-content\/uploads\/2021\/12\/262229533_4689333767817788_2438868624971594558_n-270x270.png 270w, https:\/\/www.conselharan.org\/wp-content\/uploads\/2021\/12\/262229533_4689333767817788_2438868624971594558_n-207x207.png 207w, https:\/\/www.conselharan.org\/wp-content\/uploads\/2021\/12\/262229533_4689333767817788_2438868624971594558_n-75x75.png 75w, https:\/\/www.conselharan.org\/wp-content\/uploads\/2021\/12\/262229533_4689333767817788_2438868624971594558_n.png 1080w\" sizes=\"(max-width: 1024px) 100vw, 1024px\" \/><\/a><\/p>\n<ul>\n<li>\n<h3><strong>En les darreres hores, s\u2019ha dut a terme un ingr\u00e9s a la planta COVID-19 de l\u2019Espitau Val d\u2019Aran, on actualment hi ha 6 persones ingressades \u00a0<\/strong><\/h3>\n<\/li>\n<\/ul>\n<p>El govern del Conselh Generau d\u2019Aran recorda la necessitat de seguir les mesures preventives establertes per les autoritats sanit\u00e0ries, aix\u00ed com la import\u00e0ncia de vacunar-se.<\/p>\n ","protected":false},"excerpt":{"rendered":"<p>En les darreres hores, s\u2019ha dut a terme un ingr\u00e9s a la planta COVID-19 de l\u2019Espitau Val d\u2019Aran, on actualment hi ha 6 persones ingressades \u00a0 El govern del Conselh Generau d\u2019Aran recorda la necessitat de seguir les mesures preventives establertes per les autoritats sanit\u00e0ries, aix\u00ed com la import\u00e0ncia de vacunar-se.<\/p>\n","protected":false},"author":10,"featured_media":46255,"comment_status":"closed","ping_status":"closed","sticky":false,"template":"","format":"standard","meta":{"footnotes":""},"categories":[33,805],"tags":[],"_links":{"self":[{"href":"https:\/\/www.conselharan.org\/ca\/wp-json\/wp\/v2\/posts\/46388"}],"collection":[{"href":"https:\/\/www.conselharan.org\/ca\/wp-json\/wp\/v2\/posts"}],"about":[{"href":"https:\/\/www.conselharan.org\/ca\/wp-json\/wp\/v2\/types\/post"}],"author":[{"embeddable":true,"href":"https:\/\/www.conselharan.org\/ca\/wp-json\/wp\/v2\/users\/10"}],"replies":[{"embeddable":true,"href":"https:\/\/www.conselharan.org\/ca\/wp-json\/wp\/v2\/comments?post=46388"}],"version-history":[{"count":1,"href":"https:\/\/www.conselharan.org\/ca\/wp-json\/wp\/v2\/posts\/46388\/revisions"}],"predecessor-version":[{"id":46389,"href":"https:\/\/www.conselharan.org\/ca\/wp-json\/wp\/v2\/posts\/46388\/revisions\/46389"}],"wp:featuredmedia":[{"embeddable":true,"href":"https:\/\/www.conselharan.org\/ca\/wp-json\/wp\/v2\/media\/46255"}],"wp:attachment":[{"href":"https:\/\/www.conselharan.org\/ca\/wp-json\/wp\/v2\/media?parent=46388"}],"wp:term":[{"taxonomy":"category","embeddable":true,"href":"https:\/\/www.conselharan.org\/ca\/wp-json\/wp\/v2\/categories?post=46388"},{"taxonomy":"post_tag","embeddable":true,"href":"https:\/\/www.conselharan.org\/ca\/wp-json\/wp\/v2\/tags?post=46388"}],"curies":[{"name":"wp","href":"https:\/\/api.w.org\/{rel}","templated":true}]}}