{"id":4643,"date":"2014-08-27T10:05:33","date_gmt":"2014-08-27T08:05:33","guid":{"rendered":"http:\/\/www.conselharan.org\/?p=4643"},"modified":"2014-08-27T10:43:41","modified_gmt":"2014-08-27T08:43:41","slug":"el-sindic-daran-carlos-barrera-compareixera-al-parlament-per-la-tramitacio-de-la-proposta-de-la-llei-daran","status":"publish","type":"post","link":"https:\/\/www.conselharan.org\/ca\/el-sindic-daran-carlos-barrera-compareixera-al-parlament-per-la-tramitacio-de-la-proposta-de-la-llei-daran\/","title":{"rendered":"El s\u00edndic d\u2019Aran, Carlos Barrera, compareixer\u00e0 al Parlament per la tramitaci\u00f3 de la proposta de la Llei d\u2019Aran"},"content":{"rendered":"<p><a href=\"http:\/\/www.conselharan.org\/wp-content\/uploads\/2014\/05\/CUVDA_sindic.jpg\"><img loading=\"lazy\" decoding=\"async\" class=\"aligncenter size-large wp-image-3571\" alt=\"CUVDA_sindic\" src=\"http:\/\/www.conselharan.org\/wp-content\/uploads\/2014\/05\/CUVDA_sindic-1024x685.jpg\" width=\"1024\" height=\"685\" srcset=\"https:\/\/www.conselharan.org\/wp-content\/uploads\/2014\/05\/CUVDA_sindic-1024x685.jpg 1024w, https:\/\/www.conselharan.org\/wp-content\/uploads\/2014\/05\/CUVDA_sindic-300x200.jpg 300w\" sizes=\"(max-width: 1024px) 100vw, 1024px\" \/><\/a><\/p>\n<p>El dia 2 de setembre, el s\u00edndic d\u2019Aran,<strong> Carlos Barrera,<\/strong> compareixer\u00e0 al Parlament de Catalunya amb motiu de la tramitaci\u00f3 de la proposici\u00f3 de la nova Llei sobre el r\u00e8gim especial d\u2019Aran.<\/p>\n<p>En paraules de <strong>Barrera \u201cl&#8217;actual Llei d\u2019Aran va crear un govern amb capacitat de regir la cultura, patrimoni, sanitat, joventut, serveis socials, turisme, medi ambient&#8230; i tamb\u00e9 ens ha perm\u00e8s potenciar la nostra llengua, l&#8217;aran\u00e8s, fomentar-la i introduir-la a les escoles\u201d<\/strong>.<\/p>\n<p>L&#8217;Estatut del 2006 consagra la realitat d\u2019Aran en l&#8217;Article n\u00famero 11 i 94.<\/p>\n<p><strong>Barrera<\/strong> ha afegit <strong>\u201ctreballem per garantir al Conselh Generau d\u2019Aran la sufici\u00e8ncia financera per exercir el seu autogovern, en el marc del context econ\u00f2mic i financer actual\u201d.<\/strong><\/p>\n ","protected":false},"excerpt":{"rendered":"<p>El dia 2 de setembre, el s\u00edndic d\u2019Aran, Carlos Barrera, compareixer\u00e0 al Parlament de Catalunya amb motiu de la tramitaci\u00f3 de la proposici\u00f3 de la nova Llei sobre el r\u00e8gim especial d\u2019Aran. En paraules de Barrera \u201cl&#8217;actual Llei d\u2019Aran va crear un govern amb capacitat de regir la cultura, patrimoni, sanitat, joventut, serveis socials, turisme,&#8230;<\/p>\n","protected":false},"author":2,"featured_media":3571,"comment_status":"closed","ping_status":"closed","sticky":false,"template":"","format":"standard","meta":{"footnotes":""},"categories":[31,53,33,36],"tags":[],"_links":{"self":[{"href":"https:\/\/www.conselharan.org\/ca\/wp-json\/wp\/v2\/posts\/4643"}],"collection":[{"href":"https:\/\/www.conselharan.org\/ca\/wp-json\/wp\/v2\/posts"}],"about":[{"href":"https:\/\/www.conselharan.org\/ca\/wp-json\/wp\/v2\/types\/post"}],"author":[{"embeddable":true,"href":"https:\/\/www.conselharan.org\/ca\/wp-json\/wp\/v2\/users\/2"}],"replies":[{"embeddable":true,"href":"https:\/\/www.conselharan.org\/ca\/wp-json\/wp\/v2\/comments?post=4643"}],"version-history":[{"count":2,"href":"https:\/\/www.conselharan.org\/ca\/wp-json\/wp\/v2\/posts\/4643\/revisions"}],"predecessor-version":[{"id":4645,"href":"https:\/\/www.conselharan.org\/ca\/wp-json\/wp\/v2\/posts\/4643\/revisions\/4645"}],"wp:featuredmedia":[{"embeddable":true,"href":"https:\/\/www.conselharan.org\/ca\/wp-json\/wp\/v2\/media\/3571"}],"wp:attachment":[{"href":"https:\/\/www.conselharan.org\/ca\/wp-json\/wp\/v2\/media?parent=4643"}],"wp:term":[{"taxonomy":"category","embeddable":true,"href":"https:\/\/www.conselharan.org\/ca\/wp-json\/wp\/v2\/categories?post=4643"},{"taxonomy":"post_tag","embeddable":true,"href":"https:\/\/www.conselharan.org\/ca\/wp-json\/wp\/v2\/tags?post=4643"}],"curies":[{"name":"wp","href":"https:\/\/api.w.org\/{rel}","templated":true}]}}