{"id":46610,"date":"2022-01-26T12:35:54","date_gmt":"2022-01-26T11:35:54","guid":{"rendered":"https:\/\/www.conselharan.org\/era-sindica-daran-sentreviste-damb-eth-secretari-destat-de-miei-ambient\/"},"modified":"2022-01-26T12:37:55","modified_gmt":"2022-01-26T11:37:55","slug":"era-sindica-daran-sentreviste-damb-eth-secretari-destat-de-miei-ambient","status":"publish","type":"post","link":"https:\/\/www.conselharan.org\/ca\/era-sindica-daran-sentreviste-damb-eth-secretari-destat-de-miei-ambient\/","title":{"rendered":"La s\u00edndica d&#8217;Aran s&#8217;entrevista amb el Secretari d&#8217;Estat de Medi Ambient"},"content":{"rendered":"<p><a href=\"https:\/\/www.conselharan.org\/wp-content\/uploads\/2022\/01\/Visita-Secretati-Estat-Miei-Ambient.jpg\"><img loading=\"lazy\" decoding=\"async\" class=\"aligncenter wp-image-46602 size-full\" src=\"https:\/\/www.conselharan.org\/wp-content\/uploads\/2022\/01\/Visita-Secretati-Estat-Miei-Ambient.jpg\" alt=\"\" width=\"1024\" height=\"768\" srcset=\"https:\/\/www.conselharan.org\/wp-content\/uploads\/2022\/01\/Visita-Secretati-Estat-Miei-Ambient.jpg 1024w, https:\/\/www.conselharan.org\/wp-content\/uploads\/2022\/01\/Visita-Secretati-Estat-Miei-Ambient-300x225.jpg 300w, https:\/\/www.conselharan.org\/wp-content\/uploads\/2022\/01\/Visita-Secretati-Estat-Miei-Ambient-768x576.jpg 768w\" sizes=\"(max-width: 1024px) 100vw, 1024px\" \/><\/a><\/p>\n<ul>\n<li>\n<h3><strong>Durant la reuni\u00f3 van tractar diferents assumptes com la situaci\u00f3 actual a l\u2019Aran respecte a la reintroducci\u00f3 de l&#8217;os o el projecte de gesti\u00f3 forestal que impulsa la m\u00e0xima instituci\u00f3 aranesa i van acordar col\u00b7laborar perqu\u00e8 el Conselh Generau d\u2019Aran tingui acc\u00e9s a diverses l\u00ednies d&#8217;ajudes del Ministeri per a la Transici\u00f3 Ecol\u00f2gica i el Repte Demogr\u00e0fic<\/strong><\/h3>\n<\/li>\n<\/ul>\n<p>Dimarts passat a Madrid, la s\u00edndica d&#8217;Aran, Maria Verg\u00e9s es reunia, juntament amb el Secretari General per al Repte Demogr\u00e0fic, Franc\u00e9s Boya, amb el Secretari d&#8217;Estat de Medi Ambient, Hugo Mor\u00e1n, a la seu del Ministeri per a la Transici\u00f3 Ecol\u00f2gica i el Repte Demogr\u00e0fic (MITECO).<\/p>\n<p>En aquesta trobada, la s\u00edndica d&#8217;Aran va exposar al Secretari d&#8217;Estat les diferents accions que duu a terme el Conselh Generau d\u2019Aran en l&#8217;\u00e0mbit de la gesti\u00f3 ambiental, entre elles, el projecte de gesti\u00f3 forestal que pret\u00e9n impulsar la bioeconomia i la gesti\u00f3 sostenible dels boscos a l\u2019Aran. Aix\u00ed mateix, Maria Verg\u00e9s va explicar la forma en la qual la m\u00e0xima instituci\u00f3 aranesa desenvolupa les seves compet\u00e8ncies en mat\u00e8ria de gesti\u00f3 de fauna salvatge i grans carn\u00edvors.<\/p>\n<p>La reuni\u00f3 va servir perqu\u00e8 s&#8217;acord\u00e9s una col\u00b7laboraci\u00f3 que permeti, sobre la base d&#8217;un projecte que contempla la defensa contra carn\u00edvors, la millora de la conviv\u00e8ncia entre la ramaderia i la fauna salvatge i l&#8217;impuls de la digitalitzaci\u00f3 en el sector ramader i que el Conselh Generau d\u2019Aran tingui acc\u00e9s a les diferents l\u00ednies d&#8217;ajuda que MITECO destina a la gesti\u00f3 de la fauna salvatge i de l&#8217;impuls de la bioeconomia.<\/p>\n<p>\u201cVull agrair l&#8217;atenci\u00f3 del Secretari d&#8217;Estat que, malgrat tenir una agenda molt complicada, ha volgut compartir una estona per a con\u00e8ixer les necessitats i reptes que la Val d&#8217;Aran t\u00e9 en mat\u00e8ria ambiental\u201d declarava la s\u00edndica, afegint que: \u201caquest acord de treball conjunt en un projecte que dissenya un equilibri sostenible entre la ramaderia i el seu impuls i la pres\u00e8ncia de la fauna salvatge al nostre territori \u00e9s una molt bona not\u00edcia, que ajudar\u00e0, d&#8217;una banda, per a poder comptar amb m\u00e9s recursos i, per l&#8217;altra, per a innovar i actualitzar el nostre model de gesti\u00f3\u201d.<\/p>\n<p>La s\u00edndica d&#8217;Aran va agrair tamb\u00e9 la col\u00b7laboraci\u00f3 i suport del Secretari General per al Repte Demogr\u00e0fic per a poder mantenir contacte amb alts c\u00e0rrecs de l&#8217;Estat i tenir la possibilitat d&#8217;explicar la realitat i els reptes que t\u00e9 la Val d&#8217;Aran, aix\u00ed com accedir a noves vies de col\u00b7laboraci\u00f3 institucional.<\/p>\n ","protected":false},"excerpt":{"rendered":"<p>Durant la reuni\u00f3 van tractar diferents assumptes com la situaci\u00f3 actual a l\u2019Aran respecte a la reintroducci\u00f3 de l&#8217;os o el projecte de gesti\u00f3 forestal que impulsa la m\u00e0xima instituci\u00f3 aranesa i van acordar col\u00b7laborar perqu\u00e8 el Conselh Generau d\u2019Aran tingui acc\u00e9s a diverses l\u00ednies d&#8217;ajudes del Ministeri per a la Transici\u00f3 Ecol\u00f2gica i el&#8230;<\/p>\n","protected":false},"author":10,"featured_media":46603,"comment_status":"closed","ping_status":"closed","sticky":false,"template":"","format":"standard","meta":{"footnotes":""},"categories":[],"tags":[],"_links":{"self":[{"href":"https:\/\/www.conselharan.org\/ca\/wp-json\/wp\/v2\/posts\/46610"}],"collection":[{"href":"https:\/\/www.conselharan.org\/ca\/wp-json\/wp\/v2\/posts"}],"about":[{"href":"https:\/\/www.conselharan.org\/ca\/wp-json\/wp\/v2\/types\/post"}],"author":[{"embeddable":true,"href":"https:\/\/www.conselharan.org\/ca\/wp-json\/wp\/v2\/users\/10"}],"replies":[{"embeddable":true,"href":"https:\/\/www.conselharan.org\/ca\/wp-json\/wp\/v2\/comments?post=46610"}],"version-history":[{"count":1,"href":"https:\/\/www.conselharan.org\/ca\/wp-json\/wp\/v2\/posts\/46610\/revisions"}],"predecessor-version":[{"id":46611,"href":"https:\/\/www.conselharan.org\/ca\/wp-json\/wp\/v2\/posts\/46610\/revisions\/46611"}],"wp:featuredmedia":[{"embeddable":true,"href":"https:\/\/www.conselharan.org\/ca\/wp-json\/wp\/v2\/media\/46603"}],"wp:attachment":[{"href":"https:\/\/www.conselharan.org\/ca\/wp-json\/wp\/v2\/media?parent=46610"}],"wp:term":[{"taxonomy":"category","embeddable":true,"href":"https:\/\/www.conselharan.org\/ca\/wp-json\/wp\/v2\/categories?post=46610"},{"taxonomy":"post_tag","embeddable":true,"href":"https:\/\/www.conselharan.org\/ca\/wp-json\/wp\/v2\/tags?post=46610"}],"curies":[{"name":"wp","href":"https:\/\/api.w.org\/{rel}","templated":true}]}}