{"id":46624,"date":"2022-01-27T09:47:32","date_gmt":"2022-01-27T08:47:32","guid":{"rendered":"https:\/\/www.conselharan.org\/era-val-daran-acuelhera-en-mes-de-marc-un-acte-aumentage-a-pau-dones\/"},"modified":"2022-01-27T10:25:43","modified_gmt":"2022-01-27T09:25:43","slug":"era-val-daran-acuelhera-en-mes-de-marc-un-acte-aumentage-a-pau-dones","status":"publish","type":"post","link":"https:\/\/www.conselharan.org\/ca\/era-val-daran-acuelhera-en-mes-de-marc-un-acte-aumentage-a-pau-dones\/","title":{"rendered":"La Val d\u2019Aran acollir\u00e0 el mes de mar\u00e7 un acte homenatge a Pau Don\u00e9s"},"content":{"rendered":"<p><a href=\"https:\/\/www.conselharan.org\/wp-content\/uploads\/2022\/01\/CARTEL-DEFINITIVA-HORIZONTAL-ALTA-scaled.jpg\"><img loading=\"lazy\" decoding=\"async\" class=\"aligncenter wp-image-46616 size-large\" src=\"https:\/\/www.conselharan.org\/wp-content\/uploads\/2022\/01\/CARTEL-DEFINITIVA-HORIZONTAL-ALTA-1024x569.jpg\" alt=\"\" width=\"1024\" height=\"569\" srcset=\"https:\/\/www.conselharan.org\/wp-content\/uploads\/2022\/01\/CARTEL-DEFINITIVA-HORIZONTAL-ALTA-1024x569.jpg 1024w, https:\/\/www.conselharan.org\/wp-content\/uploads\/2022\/01\/CARTEL-DEFINITIVA-HORIZONTAL-ALTA-300x167.jpg 300w, https:\/\/www.conselharan.org\/wp-content\/uploads\/2022\/01\/CARTEL-DEFINITIVA-HORIZONTAL-ALTA-768x427.jpg 768w, https:\/\/www.conselharan.org\/wp-content\/uploads\/2022\/01\/CARTEL-DEFINITIVA-HORIZONTAL-ALTA-1536x853.jpg 1536w, https:\/\/www.conselharan.org\/wp-content\/uploads\/2022\/01\/CARTEL-DEFINITIVA-HORIZONTAL-ALTA-2048x1138.jpg 2048w\" sizes=\"(max-width: 1024px) 100vw, 1024px\" \/><\/a><\/p>\n<ul>\n<li>\n<h3><strong>El 26 de mar\u00e7 al Pla de Beret tindr\u00e0 lloc l&#8217;acte \u201cEl Valle Grita\u201d com a mostra de reconeixement i estima a l&#8217;artista, on es dur\u00e0 a terme l&#8217;enregistrament d&#8217;un videoclip obert a tothom per a interpretar una de les seves can\u00e7ons m\u00e9s significatives: Grita<\/strong><\/h3>\n<\/li>\n<\/ul>\n<p>Hi ha vides que transcendeixen al seu propi temps i deixen una petjada inesborrable. <strong>Pau Don\u00e9s<\/strong> ens va ensenyar a cridar que la vida \u00e9s urgent.<\/p>\n<p>Per aquest motiu, la Val d&#8217;Aran, com a mostra de reconeixement i estima, acollir\u00e0 el pr\u00f2xim <strong>26 de mar\u00e7<\/strong>, l&#8217;acte \u201c<strong>El Valle Grita<\/strong>\u201d, com a <strong>homenatge a la traject\u00f2ria art\u00edstica i humana del cantant i compositor<\/strong> que va morir el 2020.<\/p>\n<p>A trav\u00e9s d&#8217;aquest acte, en el qual es dur\u00e0 a terme <strong>l&#8217;enregistrament d&#8217;un videoclip al Pla de Beret<\/strong>, es pret\u00e9n reunir a totes aquelles persones que vulguin participar (m\u00fasics i\/o admiradors de l&#8217;artista) per a interpretar de manera col\u00b7lectiva una de les seves can\u00e7ons m\u00e9s significatives: Grita.<\/p>\n<p>El <strong>promotor de la idea, el m\u00fasic zamor\u00e0 Mario Carnero<\/strong>, apassionat de la Val d&#8217;Aran i les seves muntanyes, insisteix en que<strong> es tracta d&#8217;un homenatge obert a tot el que vulgui participar<\/strong>: \u201cvolem que les veus i instruments musicals ressonin a les muntanyes que Pau tant estimava, i que siguin testimonis d&#8217;un acte \u00fanic en el seu record\u201d.<\/p>\n<p><strong>Don\u00e9s va ser i continua sent una persona molt estimada i admirada a la Val d\u00b4Aran<\/strong>, lloc amb el qual sempre va tenir una connexi\u00f3 \u00fanica i especial.<\/p>\n<p>M\u00fasica, art, amistat i naturalesa s&#8217;uniran per sempre en aquest paisatge id\u00edl\u00b7lic, ja que l&#8217;esdeveniment ser\u00e0 registrat en un espectacular videoclip perqu\u00e8 el m\u00f3n vegi com &#8220;El Valle Grita&#8221;.<\/p>\n<p>Per a poder participar en aquest acte i gaudir de l&#8217;espectacular paisatge de Beret alhora que es viu aquesta experi\u00e8ncia musical que busca rendir homenatge a Pau Don\u00e9s i la seva manera d&#8217;entendre la vida, <strong>cal inscriure&#8217;s (de manera gratu\u00efta) en la web de l&#8217;esdeveniment: <a href=\"http:\/\/www.elvallegrita.com\">www.elvallegrita.org<\/a><\/strong> on es pot trobar la base musical que s&#8217;utilitzar\u00e0 com a refer\u00e8ncia perqu\u00e8 els m\u00fasics i cantants assistents puguin fer la seva interpretaci\u00f3.<\/p>\n<p>Aquest esdeveniment compta amb la <strong>col\u00b7laboraci\u00f3 del Conselh Generau d\u2019Aran, l\u2019Ajuntament de Naut Aran, l&#8217;estaci\u00f3 d&#8217;esqu\u00ed Baqueira Beret i de la Orquestra Simf\u00f2nica de l\u2019Escola de M\u00fasica de l\u2019Orfe\u00f3 Lleidat\u00e0, que ja es troba immersa en els assajos preparatoris<\/strong>.<\/p>\n<p>A trav\u00e9s de les xarxes socials de l&#8217;esdeveniment i de les entitats col\u00b7laboradores <strong>s&#8217;aniran revelant els detalls i horaris de l&#8217;acte<\/strong>.<\/p>\n ","protected":false},"excerpt":{"rendered":"<p>El 26 de mar\u00e7 al Pla de Beret tindr\u00e0 lloc l&#8217;acte \u201cEl Valle Grita\u201d com a mostra de reconeixement i estima a l&#8217;artista, on es dur\u00e0 a terme l&#8217;enregistrament d&#8217;un videoclip obert a tothom per a interpretar una de les seves can\u00e7ons m\u00e9s significatives: Grita Hi ha vides que transcendeixen al seu propi temps i&#8230;<\/p>\n","protected":false},"author":10,"featured_media":46617,"comment_status":"closed","ping_status":"closed","sticky":false,"template":"","format":"standard","meta":{"footnotes":""},"categories":[33],"tags":[],"_links":{"self":[{"href":"https:\/\/www.conselharan.org\/ca\/wp-json\/wp\/v2\/posts\/46624"}],"collection":[{"href":"https:\/\/www.conselharan.org\/ca\/wp-json\/wp\/v2\/posts"}],"about":[{"href":"https:\/\/www.conselharan.org\/ca\/wp-json\/wp\/v2\/types\/post"}],"author":[{"embeddable":true,"href":"https:\/\/www.conselharan.org\/ca\/wp-json\/wp\/v2\/users\/10"}],"replies":[{"embeddable":true,"href":"https:\/\/www.conselharan.org\/ca\/wp-json\/wp\/v2\/comments?post=46624"}],"version-history":[{"count":2,"href":"https:\/\/www.conselharan.org\/ca\/wp-json\/wp\/v2\/posts\/46624\/revisions"}],"predecessor-version":[{"id":46628,"href":"https:\/\/www.conselharan.org\/ca\/wp-json\/wp\/v2\/posts\/46624\/revisions\/46628"}],"wp:featuredmedia":[{"embeddable":true,"href":"https:\/\/www.conselharan.org\/ca\/wp-json\/wp\/v2\/media\/46617"}],"wp:attachment":[{"href":"https:\/\/www.conselharan.org\/ca\/wp-json\/wp\/v2\/media?parent=46624"}],"wp:term":[{"taxonomy":"category","embeddable":true,"href":"https:\/\/www.conselharan.org\/ca\/wp-json\/wp\/v2\/categories?post=46624"},{"taxonomy":"post_tag","embeddable":true,"href":"https:\/\/www.conselharan.org\/ca\/wp-json\/wp\/v2\/tags?post=46624"}],"curies":[{"name":"wp","href":"https:\/\/api.w.org\/{rel}","templated":true}]}}