{"id":46665,"date":"2022-01-31T13:27:50","date_gmt":"2022-01-31T12:27:50","guid":{"rendered":"https:\/\/www.conselharan.org\/se-detecten-161-casi-positius-per-covid-19-pendent-era-setmana-deth-24-ath-30-de-ger\/"},"modified":"2022-01-31T13:31:18","modified_gmt":"2022-01-31T12:31:18","slug":"se-detecten-161-casi-positius-per-covid-19-pendent-era-setmana-deth-24-ath-30-de-ger","status":"publish","type":"post","link":"https:\/\/www.conselharan.org\/ca\/se-detecten-161-casi-positius-per-covid-19-pendent-era-setmana-deth-24-ath-30-de-ger\/","title":{"rendered":"Es detecten 161 casos positius per COVID-19 durant la setmana del 24 al 30 de gener"},"content":{"rendered":"<p><a href=\"https:\/\/www.conselharan.org\/wp-content\/uploads\/2022\/01\/A\u00f1adir-un-t\u00edtulo-1-1.png\"><img loading=\"lazy\" decoding=\"async\" class=\"aligncenter wp-image-46657 size-large\" src=\"https:\/\/www.conselharan.org\/wp-content\/uploads\/2022\/01\/A\u00f1adir-un-t\u00edtulo-1-1-1024x1024.png\" alt=\"\" width=\"1024\" height=\"1024\" srcset=\"https:\/\/www.conselharan.org\/wp-content\/uploads\/2022\/01\/A\u00f1adir-un-t\u00edtulo-1-1-1024x1024.png 1024w, https:\/\/www.conselharan.org\/wp-content\/uploads\/2022\/01\/A\u00f1adir-un-t\u00edtulo-1-1-300x300.png 300w, https:\/\/www.conselharan.org\/wp-content\/uploads\/2022\/01\/A\u00f1adir-un-t\u00edtulo-1-1-150x150.png 150w, https:\/\/www.conselharan.org\/wp-content\/uploads\/2022\/01\/A\u00f1adir-un-t\u00edtulo-1-1-768x768.png 768w, https:\/\/www.conselharan.org\/wp-content\/uploads\/2022\/01\/A\u00f1adir-un-t\u00edtulo-1-1-270x270.png 270w, https:\/\/www.conselharan.org\/wp-content\/uploads\/2022\/01\/A\u00f1adir-un-t\u00edtulo-1-1-207x207.png 207w, https:\/\/www.conselharan.org\/wp-content\/uploads\/2022\/01\/A\u00f1adir-un-t\u00edtulo-1-1-75x75.png 75w, https:\/\/www.conselharan.org\/wp-content\/uploads\/2022\/01\/A\u00f1adir-un-t\u00edtulo-1-1.png 1080w\" sizes=\"(max-width: 1024px) 100vw, 1024px\" \/><\/a><\/p>\n<ul>\n<li>\n<h3><strong>Actualment hi ha 3 persones ingressades a la planta COVID-19 de l\u2019Espitau Val d\u2019Aran.<\/strong><\/h3>\n<\/li>\n<\/ul>\n<p>Aquests positius van ser detectats els dies:<\/p>\n<p>24\/01\/2022:\u00a0 37 casos.<\/p>\n<p>25\/01\/2022: 31 casos.<\/p>\n<p>26\/01\/2022: 33 casos.<\/p>\n<p>27\/01\/2022: 24 casos.<\/p>\n<p>28\/01\/2022: 23 casos.<\/p>\n<p>29\/01\/2022: 6 casos.<\/p>\n<p>30\/01\/2022: 7 casos.<\/p>\n<p>El govern del Conselh Generau d\u2019Aran recorda la necessitat de seguir les mesures preventives establertes per les autoritats sanit\u00e0ries, aix\u00ed com la import\u00e0ncia de vacunar-se.<\/p>\n ","protected":false},"excerpt":{"rendered":"<p>Actualment hi ha 3 persones ingressades a la planta COVID-19 de l\u2019Espitau Val d\u2019Aran. Aquests positius van ser detectats els dies: 24\/01\/2022:\u00a0 37 casos. 25\/01\/2022: 31 casos. 26\/01\/2022: 33 casos. 27\/01\/2022: 24 casos. 28\/01\/2022: 23 casos. 29\/01\/2022: 6 casos. 30\/01\/2022: 7 casos. El govern del Conselh Generau d\u2019Aran recorda la necessitat de seguir les mesures&#8230;<\/p>\n","protected":false},"author":10,"featured_media":46658,"comment_status":"closed","ping_status":"closed","sticky":false,"template":"","format":"standard","meta":{"footnotes":""},"categories":[33,805],"tags":[],"_links":{"self":[{"href":"https:\/\/www.conselharan.org\/ca\/wp-json\/wp\/v2\/posts\/46665"}],"collection":[{"href":"https:\/\/www.conselharan.org\/ca\/wp-json\/wp\/v2\/posts"}],"about":[{"href":"https:\/\/www.conselharan.org\/ca\/wp-json\/wp\/v2\/types\/post"}],"author":[{"embeddable":true,"href":"https:\/\/www.conselharan.org\/ca\/wp-json\/wp\/v2\/users\/10"}],"replies":[{"embeddable":true,"href":"https:\/\/www.conselharan.org\/ca\/wp-json\/wp\/v2\/comments?post=46665"}],"version-history":[{"count":2,"href":"https:\/\/www.conselharan.org\/ca\/wp-json\/wp\/v2\/posts\/46665\/revisions"}],"predecessor-version":[{"id":46667,"href":"https:\/\/www.conselharan.org\/ca\/wp-json\/wp\/v2\/posts\/46665\/revisions\/46667"}],"wp:featuredmedia":[{"embeddable":true,"href":"https:\/\/www.conselharan.org\/ca\/wp-json\/wp\/v2\/media\/46658"}],"wp:attachment":[{"href":"https:\/\/www.conselharan.org\/ca\/wp-json\/wp\/v2\/media?parent=46665"}],"wp:term":[{"taxonomy":"category","embeddable":true,"href":"https:\/\/www.conselharan.org\/ca\/wp-json\/wp\/v2\/categories?post=46665"},{"taxonomy":"post_tag","embeddable":true,"href":"https:\/\/www.conselharan.org\/ca\/wp-json\/wp\/v2\/tags?post=46665"}],"curies":[{"name":"wp","href":"https:\/\/api.w.org\/{rel}","templated":true}]}}