{"id":46766,"date":"2022-02-06T17:40:57","date_gmt":"2022-02-06T16:40:57","guid":{"rendered":"https:\/\/www.conselharan.org\/marta-cester-e-sadurni-betriu-se-proclamen-guanhadors-dera-42au-marxa-beret\/"},"modified":"2022-02-06T17:43:59","modified_gmt":"2022-02-06T16:43:59","slug":"marta-cester-e-sadurni-betriu-se-proclamen-guanhadors-dera-42au-marxa-beret","status":"publish","type":"post","link":"https:\/\/www.conselharan.org\/ca\/marta-cester-e-sadurni-betriu-se-proclamen-guanhadors-dera-42au-marxa-beret\/","title":{"rendered":"Marta Cester i Sadurn\u00ed Betriu es proclamen guanyadors de la 42\u00aa Marxa Beret"},"content":{"rendered":"<h5><img loading=\"lazy\" decoding=\"async\" class=\"aligncenter wp-image-46751 size-large\" src=\"https:\/\/www.conselharan.org\/wp-content\/uploads\/2022\/02\/005_220206_MarxaBeret_fototur-1024x684.jpg\" alt=\"\" width=\"1024\" height=\"684\" srcset=\"https:\/\/www.conselharan.org\/wp-content\/uploads\/2022\/02\/005_220206_MarxaBeret_fototur-1024x684.jpg 1024w, https:\/\/www.conselharan.org\/wp-content\/uploads\/2022\/02\/005_220206_MarxaBeret_fototur-300x200.jpg 300w, https:\/\/www.conselharan.org\/wp-content\/uploads\/2022\/02\/005_220206_MarxaBeret_fototur-768x513.jpg 768w, https:\/\/www.conselharan.org\/wp-content\/uploads\/2022\/02\/005_220206_MarxaBeret_fototur-1536x1025.jpg 1536w, https:\/\/www.conselharan.org\/wp-content\/uploads\/2022\/02\/005_220206_MarxaBeret_fototur-2048x1367.jpg 2048w\" sizes=\"(max-width: 1024px) 100vw, 1024px\" \/>FOTOTUR<\/h5>\n<ul>\n<li>\n<h3><strong>Despr\u00e9s d&#8217;haver estat posposada un any degut a la situaci\u00f3 sanit\u00e0ria, avui una molt bona meteorologia ha acompanyat la 42\u00aa edici\u00f3 de la competici\u00f3 popular d&#8217;esqu\u00ed de fons m\u00e9s multitudin\u00e0ria d&#8217;Espanya en les dist\u00e0ncies de 10, 21 i 42 km<\/strong><\/h3>\n<\/li>\n<li>\n<h3><strong>A nivell competitiu, ahir dissabte es van disputar els Campionats d&#8217;Espanya Sprint Salomon i avui diumenge ha estat el dia de l&#8217;esperada Marxa Beret, que \u00e9s puntuable per a la Copa d&#8217;Espanya d&#8217;esqu\u00ed de fons i forma part del calendari FIS de Llarga Dist\u00e0ncia, al voltant de 950 corredors en tot el cap de setmana<\/strong><\/h3>\n<\/li>\n<\/ul>\n<p>Despr\u00e9s d&#8217;un any posposada per la pand\u00e8mia, l&#8217;esperada 42\u00aa edici\u00f3 de la Marxa Beret s&#8217;ha celebrat amb unes condicions meteorol\u00f2giques magn\u00edfiques al Pla de Beret. L&#8217;esdeveniment ha tingut lloc a Beret, \u00d2rri, Montgarri i direcci\u00f3 Marimanha.<\/p>\n<p>La sortida en massa de gaireb\u00e9 800 participants ha estat espectacular, com en cada edici\u00f3, amb els esportistes d&#8217;elit a la zona davantera amb molt\u00edssimes ganes de pujar a un podi que ha estat molt disputat.<\/p>\n<p>En la categoria reina, l&#8217;aranesa Marta Cester (CAEI), amb 1h.58m.41, i Sadurn\u00ed Betriu (CEFUC), amb 1.39.59, s&#8217;han imposat amb autoritat. Tots dos han guanyat ja en diverses ocasions aquest esdeveniment i saben perfectament com dosificar-se en un tra\u00e7at tan llarg per a aconseguir entrar els primers en meta acompanyats, a m\u00e9s, pels seus amics i familiars.<\/p>\n<p><a href=\"https:\/\/www.conselharan.org\/wp-content\/uploads\/2022\/02\/061_220206_MarxaBeret_fototur-scaled.jpg\"><br \/>\n<img loading=\"lazy\" decoding=\"async\" class=\"aligncenter wp-image-46754 size-large\" src=\"https:\/\/www.conselharan.org\/wp-content\/uploads\/2022\/02\/061_220206_MarxaBeret_fototur-1024x683.jpg\" alt=\"\" width=\"1024\" height=\"683\" srcset=\"https:\/\/www.conselharan.org\/wp-content\/uploads\/2022\/02\/061_220206_MarxaBeret_fototur-1024x683.jpg 1024w, https:\/\/www.conselharan.org\/wp-content\/uploads\/2022\/02\/061_220206_MarxaBeret_fototur-300x200.jpg 300w, https:\/\/www.conselharan.org\/wp-content\/uploads\/2022\/02\/061_220206_MarxaBeret_fototur-768x512.jpg 768w, https:\/\/www.conselharan.org\/wp-content\/uploads\/2022\/02\/061_220206_MarxaBeret_fototur-1536x1024.jpg 1536w, https:\/\/www.conselharan.org\/wp-content\/uploads\/2022\/02\/061_220206_MarxaBeret_fototur-2048x1365.jpg 2048w\" sizes=\"(max-width: 1024px) 100vw, 1024px\" \/><\/a><\/p>\n<h5>FOTOTUR<\/h5>\n<p>En dones la segona a entrar per meta en els 42 km ha estat Varvara Prokhorova (Bones Sport) amb 2.01.07, seguida per Irati Cuadrado (IRRTZ) amb 2.01.12. En homes, Marc Alonso (CEFUC) ha quedat segon amb 1.42.36, i tercer amb 1.43.14 ha entrat Roberto Piqueras (EMEM).<\/p>\n<p>La vict\u00f2ria dels 21 km ha estat per a Martina Miquel (CENA) amb 1.18.13 i Marc Colell (CEFUC) amb 1.03.48. En la dist\u00e0ncia m\u00e9s curta, els 10 km, l&#8217;esgla\u00f3 m\u00e9s alt del podi ha estat per a Romane Cordonnier (MONTAGNARDS ARGELESIENS PYRENE) amb 30:53 i Peio A\u00f1arbe (Muntanya Gasteiz) amb 23.59.<\/p>\n<p><a href=\"https:\/\/www.conselharan.org\/wp-content\/uploads\/2022\/02\/060_220206_MarxaBeret_fototur-scaled.jpg\"><img loading=\"lazy\" decoding=\"async\" class=\"aligncenter wp-image-46757 size-large\" src=\"https:\/\/www.conselharan.org\/wp-content\/uploads\/2022\/02\/060_220206_MarxaBeret_fototur-1024x683.jpg\" alt=\"\" width=\"1024\" height=\"683\" srcset=\"https:\/\/www.conselharan.org\/wp-content\/uploads\/2022\/02\/060_220206_MarxaBeret_fototur-1024x683.jpg 1024w, https:\/\/www.conselharan.org\/wp-content\/uploads\/2022\/02\/060_220206_MarxaBeret_fototur-300x200.jpg 300w, https:\/\/www.conselharan.org\/wp-content\/uploads\/2022\/02\/060_220206_MarxaBeret_fototur-768x512.jpg 768w, https:\/\/www.conselharan.org\/wp-content\/uploads\/2022\/02\/060_220206_MarxaBeret_fototur-1536x1024.jpg 1536w, https:\/\/www.conselharan.org\/wp-content\/uploads\/2022\/02\/060_220206_MarxaBeret_fototur-2048x1365.jpg 2048w\" sizes=\"(max-width: 1024px) 100vw, 1024px\" \/><\/a><\/p>\n<h5>FOTOTUR<\/h5>\n<p>Els campions d&#8217;Espanya de Sprint del dissabte, en l&#8217;emocionant esdeveniment patrocinat per Salomon, van ser en categoria absoluta Alaia Juaristi i Marc Colell. En U16 Martina Sell\u00e9s i l&#8217;aran\u00e8s Pablo Moreno. En infantil U14 Joana Puig i Adrian Lanau. En U12 Queralt Arimon i Lorien Barri. I en U10 Alba Mellen i Jep Grau!<\/p>\n<p>La Marxa Beret \u00e9s molt m\u00e9s que una competici\u00f3, \u00e9s una de les proves d&#8217;esqu\u00ed n\u00f2rdic m\u00e9s consolidades que es realitzen a la pen\u00ednsula. M\u00e9s enll\u00e0 dels esportistes d\u2019elit, la majoria dels participants \u00e9s un p\u00fablic familiar i grups d&#8217;amics que s&#8217;ho prenen com una festa de l&#8217;esqu\u00ed de fons.<\/p>\n<p>Aquest esdeveniment est\u00e0 organitzat pel Conselh Generau d\u2019Aran, de la m\u00e0 de Baqueira Beret i el Conselh Esportiu dera Val d&#8217;Aran. Compta amb la col\u00b7laboraci\u00f3 de l&#8217;Associaci\u00f3 Volentaris Val d&#8217;Aran, l&#8217;Ajuntament de Vielha e Mijaran, Diputaci\u00f3 de Lleida, Pompi\u00e8rs d\u2019Aran, Aran Salut, Mossos d&#8217;Esquadra, INS d\u2019Aran, a m\u00e9s de la Real Federaci\u00f3n Espa\u00f1ola de Deportes de Invierno (RFEDI), la Federaci\u00f3 Catalana d\u2019Esports d\u2019Hivern (FCEH) i els diferents patrocinadors.<\/p>\n ","protected":false},"excerpt":{"rendered":"<p>FOTOTUR Despr\u00e9s d&#8217;haver estat posposada un any degut a la situaci\u00f3 sanit\u00e0ria, avui una molt bona meteorologia ha acompanyat la 42\u00aa edici\u00f3 de la competici\u00f3 popular d&#8217;esqu\u00ed de fons m\u00e9s multitudin\u00e0ria d&#8217;Espanya en les dist\u00e0ncies de 10, 21 i 42 km A nivell competitiu, ahir dissabte es van disputar els Campionats d&#8217;Espanya Sprint Salomon i&#8230;<\/p>\n","protected":false},"author":10,"featured_media":46752,"comment_status":"closed","ping_status":"closed","sticky":false,"template":"","format":"standard","meta":{"footnotes":""},"categories":[],"tags":[],"_links":{"self":[{"href":"https:\/\/www.conselharan.org\/ca\/wp-json\/wp\/v2\/posts\/46766"}],"collection":[{"href":"https:\/\/www.conselharan.org\/ca\/wp-json\/wp\/v2\/posts"}],"about":[{"href":"https:\/\/www.conselharan.org\/ca\/wp-json\/wp\/v2\/types\/post"}],"author":[{"embeddable":true,"href":"https:\/\/www.conselharan.org\/ca\/wp-json\/wp\/v2\/users\/10"}],"replies":[{"embeddable":true,"href":"https:\/\/www.conselharan.org\/ca\/wp-json\/wp\/v2\/comments?post=46766"}],"version-history":[{"count":2,"href":"https:\/\/www.conselharan.org\/ca\/wp-json\/wp\/v2\/posts\/46766\/revisions"}],"predecessor-version":[{"id":46768,"href":"https:\/\/www.conselharan.org\/ca\/wp-json\/wp\/v2\/posts\/46766\/revisions\/46768"}],"wp:featuredmedia":[{"embeddable":true,"href":"https:\/\/www.conselharan.org\/ca\/wp-json\/wp\/v2\/media\/46752"}],"wp:attachment":[{"href":"https:\/\/www.conselharan.org\/ca\/wp-json\/wp\/v2\/media?parent=46766"}],"wp:term":[{"taxonomy":"category","embeddable":true,"href":"https:\/\/www.conselharan.org\/ca\/wp-json\/wp\/v2\/categories?post=46766"},{"taxonomy":"post_tag","embeddable":true,"href":"https:\/\/www.conselharan.org\/ca\/wp-json\/wp\/v2\/tags?post=46766"}],"curies":[{"name":"wp","href":"https:\/\/api.w.org\/{rel}","templated":true}]}}