{"id":46961,"date":"2022-02-14T14:26:59","date_gmt":"2022-02-14T13:26:59","guid":{"rendered":"https:\/\/www.conselharan.org\/eth-conselh-generau-daran-impartis-charrades-sus-salut-mentau-e-emocionau-en-institut-daran\/"},"modified":"2022-02-14T14:28:30","modified_gmt":"2022-02-14T13:28:30","slug":"eth-conselh-generau-daran-impartis-charrades-sus-salut-mentau-e-emocionau-en-institut-daran","status":"publish","type":"post","link":"https:\/\/www.conselharan.org\/ca\/eth-conselh-generau-daran-impartis-charrades-sus-salut-mentau-e-emocionau-en-institut-daran\/","title":{"rendered":"El Conselh Generau d\u2019Aran imparteix xerrades sobre salut mental i emocional a l&#8217;Institut d&#8217;Aran"},"content":{"rendered":"<p><a href=\"https:\/\/www.conselharan.org\/wp-content\/uploads\/2022\/02\/Talh\u00e8r.jpg\"><img loading=\"lazy\" decoding=\"async\" class=\"aligncenter wp-image-46953 size-large\" src=\"https:\/\/www.conselharan.org\/wp-content\/uploads\/2022\/02\/Talh\u00e8r-e1644845192402-1024x836.jpg\" alt=\"\" width=\"1024\" height=\"836\" srcset=\"https:\/\/www.conselharan.org\/wp-content\/uploads\/2022\/02\/Talh\u00e8r-e1644845192402-1024x836.jpg 1024w, https:\/\/www.conselharan.org\/wp-content\/uploads\/2022\/02\/Talh\u00e8r-e1644845192402-300x245.jpg 300w, https:\/\/www.conselharan.org\/wp-content\/uploads\/2022\/02\/Talh\u00e8r-e1644845192402-768x627.jpg 768w, https:\/\/www.conselharan.org\/wp-content\/uploads\/2022\/02\/Talh\u00e8r-e1644845192402.jpg 1536w\" sizes=\"(max-width: 1024px) 100vw, 1024px\" \/><\/a><\/p>\n<ul>\n<li>\n<h3><strong>L&#8217;objectiu d&#8217;aquestes xerrades, que s&#8217;han impartit a l&#8217;alumnat de 2n d&#8217;ESO, i de la formaci\u00f3 en aquest \u00e0mbit per al professorat, EAP i t\u00e8cniques de Joventut del Conselh Generau d\u2019Aran, \u00e9s millorar la detecci\u00f3 de les problem\u00e0tiques en salut mental i emocional, alfabetitzar en la mat\u00e8ria i oferir eines per a millorar les intervencions dins d&#8217;aquest encastre<\/strong><\/h3>\n<\/li>\n<\/ul>\n<p>El Conselh Generau d\u2019Aran, a trav\u00e9s de la seva Oficina de Joventut, ha dut a terme quatre tallers de salut mental i emocional dirigides a l&#8217;alumnat de 2n d&#8217;ESO de l&#8217;Institut d&#8217;Aran. A m\u00e9s, s&#8217;ha realitzat tamb\u00e9 una formaci\u00f3 per al professorat, EAP i t\u00e8cniques de Joventut en aquest \u00e0mbit.<\/p>\n<p>A causa de la crisi sanit\u00e0ria de la COVID, el col\u00b7lectiu adolescent i juvenil ha patit una deterioraci\u00f3 generalitzada de la seva salut mental i emocional. Conscient d&#8217;aquesta problem\u00e0tica, el govern d&#8217;Aran, per mitj\u00e0 de l&#8217;empresa Aimentia Healt Tech, ha volgut brindar suport a l&#8217;Institut d&#8217;Aran amb un projecte pioner que t\u00e9 com a objectiu <strong>millorar la detecci\u00f3 de les problem\u00e0tiques de salut mental, alfabetitzar en la mat\u00e8ria i oferir eines per a millorar les intervencions dins d&#8217;aquest encastre<\/strong>.<\/p>\n<p>Fa anys que l&#8217;Organitzaci\u00f3 Mundial de la Salut (OMS) manifesta la necessitat d&#8217;actuar en l&#8217;\u00e0mbit de la salut mental i emocional de la poblaci\u00f3. Per les caracter\u00edstiques de la seva etapa evolutiva, el col\u00b7lectiu juvenil \u00e9s un dels m\u00e9s vulnerables. <strong>A Catalunya, s&#8217;estima que entre el 10 i el 20% dels adolescents sofreixen algun trastorn mental<\/strong>, i el su\u00efcidi \u00e9s ja la primera causa de mort no natural entre les persones joves.<\/p>\n<p>\u201c<strong>Des del Conselh Generau d\u2019Aran considerem imperatiu i ja treballem per a impulsar actuacions que tinguin la capacitat de prevenir, protegir i promoure la salut mental<\/strong>, de la mateixa manera que fem amb la salut f\u00edsica, afectiva, sexual o reproductiva\u201d, afirmava la s\u00edndica d&#8217;Aran, Maria Verg\u00e9s.<\/p>\n ","protected":false},"excerpt":{"rendered":"<p>L&#8217;objectiu d&#8217;aquestes xerrades, que s&#8217;han impartit a l&#8217;alumnat de 2n d&#8217;ESO, i de la formaci\u00f3 en aquest \u00e0mbit per al professorat, EAP i t\u00e8cniques de Joventut del Conselh Generau d\u2019Aran, \u00e9s millorar la detecci\u00f3 de les problem\u00e0tiques en salut mental i emocional, alfabetitzar en la mat\u00e8ria i oferir eines per a millorar les intervencions dins&#8230;<\/p>\n","protected":false},"author":10,"featured_media":46954,"comment_status":"closed","ping_status":"closed","sticky":false,"template":"","format":"standard","meta":{"footnotes":""},"categories":[],"tags":[],"_links":{"self":[{"href":"https:\/\/www.conselharan.org\/ca\/wp-json\/wp\/v2\/posts\/46961"}],"collection":[{"href":"https:\/\/www.conselharan.org\/ca\/wp-json\/wp\/v2\/posts"}],"about":[{"href":"https:\/\/www.conselharan.org\/ca\/wp-json\/wp\/v2\/types\/post"}],"author":[{"embeddable":true,"href":"https:\/\/www.conselharan.org\/ca\/wp-json\/wp\/v2\/users\/10"}],"replies":[{"embeddable":true,"href":"https:\/\/www.conselharan.org\/ca\/wp-json\/wp\/v2\/comments?post=46961"}],"version-history":[{"count":1,"href":"https:\/\/www.conselharan.org\/ca\/wp-json\/wp\/v2\/posts\/46961\/revisions"}],"predecessor-version":[{"id":46962,"href":"https:\/\/www.conselharan.org\/ca\/wp-json\/wp\/v2\/posts\/46961\/revisions\/46962"}],"wp:featuredmedia":[{"embeddable":true,"href":"https:\/\/www.conselharan.org\/ca\/wp-json\/wp\/v2\/media\/46954"}],"wp:attachment":[{"href":"https:\/\/www.conselharan.org\/ca\/wp-json\/wp\/v2\/media?parent=46961"}],"wp:term":[{"taxonomy":"category","embeddable":true,"href":"https:\/\/www.conselharan.org\/ca\/wp-json\/wp\/v2\/categories?post=46961"},{"taxonomy":"post_tag","embeddable":true,"href":"https:\/\/www.conselharan.org\/ca\/wp-json\/wp\/v2\/tags?post=46961"}],"curies":[{"name":"wp","href":"https:\/\/api.w.org\/{rel}","templated":true}]}}