{"id":47212,"date":"2022-02-28T13:20:56","date_gmt":"2022-02-28T12:20:56","guid":{"rendered":"https:\/\/www.conselharan.org\/se-detecten-26-casi-positius-per-covid-19-pendent-era-setmana-deth-21-ath-27-de-hereuer\/"},"modified":"2022-02-28T13:23:17","modified_gmt":"2022-02-28T12:23:17","slug":"se-detecten-26-casi-positius-per-covid-19-pendent-era-setmana-deth-21-ath-27-de-hereuer","status":"publish","type":"post","link":"https:\/\/www.conselharan.org\/ca\/se-detecten-26-casi-positius-per-covid-19-pendent-era-setmana-deth-21-ath-27-de-hereuer\/","title":{"rendered":"Es detecten 26 casos positius per COVID-19 durant la setmana del 21 al 27 de febrer"},"content":{"rendered":"<p><a href=\"https:\/\/www.conselharan.org\/wp-content\/uploads\/2022\/02\/A\u00f1adir-un-t\u00edtulo-5.png\"><img loading=\"lazy\" decoding=\"async\" class=\"aligncenter wp-image-47204 size-large\" src=\"https:\/\/www.conselharan.org\/wp-content\/uploads\/2022\/02\/A\u00f1adir-un-t\u00edtulo-5-1024x1024.png\" alt=\"\" width=\"1024\" height=\"1024\" srcset=\"https:\/\/www.conselharan.org\/wp-content\/uploads\/2022\/02\/A\u00f1adir-un-t\u00edtulo-5-1024x1024.png 1024w, https:\/\/www.conselharan.org\/wp-content\/uploads\/2022\/02\/A\u00f1adir-un-t\u00edtulo-5-300x300.png 300w, https:\/\/www.conselharan.org\/wp-content\/uploads\/2022\/02\/A\u00f1adir-un-t\u00edtulo-5-150x150.png 150w, https:\/\/www.conselharan.org\/wp-content\/uploads\/2022\/02\/A\u00f1adir-un-t\u00edtulo-5-768x768.png 768w, https:\/\/www.conselharan.org\/wp-content\/uploads\/2022\/02\/A\u00f1adir-un-t\u00edtulo-5-270x270.png 270w, https:\/\/www.conselharan.org\/wp-content\/uploads\/2022\/02\/A\u00f1adir-un-t\u00edtulo-5-207x207.png 207w, https:\/\/www.conselharan.org\/wp-content\/uploads\/2022\/02\/A\u00f1adir-un-t\u00edtulo-5-75x75.png 75w, https:\/\/www.conselharan.org\/wp-content\/uploads\/2022\/02\/A\u00f1adir-un-t\u00edtulo-5.png 1080w\" sizes=\"(max-width: 1024px) 100vw, 1024px\" \/><\/a><\/p>\n<ul>\n<li>\n<h3><strong>Actualment no hi ha cap persona ingressada a la planta COVID-19 de l\u2019Espitau Val d\u2019Aran.<\/strong><\/h3>\n<\/li>\n<\/ul>\n<p>Aquests positius van ser detectats els dies:<\/p>\n<p>21\/02\/2022:\u00a0 2 casos.<\/p>\n<p>22\/02\/2022: 7 casos.<\/p>\n<p>23\/02\/2022: 8 casos.<\/p>\n<p>24\/02\/2022: 1 cas.<\/p>\n<p>25\/02\/2022: 3 casos.<\/p>\n<p>26\/02\/2022: 2 casos.<\/p>\n<p>27\/02\/2022: 3 casos.<\/p>\n<p>El govern del Conselh Generau d\u2019Aran recorda la necessitat de seguir les mesures preventives establertes per les autoritats sanit\u00e0ries, aix\u00ed com la import\u00e0ncia de vacunar-se.<\/p>\n ","protected":false},"excerpt":{"rendered":"<p>Actualment no hi ha cap persona ingressada a la planta COVID-19 de l\u2019Espitau Val d\u2019Aran. Aquests positius van ser detectats els dies: 21\/02\/2022:\u00a0 2 casos. 22\/02\/2022: 7 casos. 23\/02\/2022: 8 casos. 24\/02\/2022: 1 cas. 25\/02\/2022: 3 casos. 26\/02\/2022: 2 casos. 27\/02\/2022: 3 casos. El govern del Conselh Generau d\u2019Aran recorda la necessitat de seguir les&#8230;<\/p>\n","protected":false},"author":10,"featured_media":47205,"comment_status":"closed","ping_status":"closed","sticky":false,"template":"","format":"standard","meta":{"footnotes":""},"categories":[33,805],"tags":[],"_links":{"self":[{"href":"https:\/\/www.conselharan.org\/ca\/wp-json\/wp\/v2\/posts\/47212"}],"collection":[{"href":"https:\/\/www.conselharan.org\/ca\/wp-json\/wp\/v2\/posts"}],"about":[{"href":"https:\/\/www.conselharan.org\/ca\/wp-json\/wp\/v2\/types\/post"}],"author":[{"embeddable":true,"href":"https:\/\/www.conselharan.org\/ca\/wp-json\/wp\/v2\/users\/10"}],"replies":[{"embeddable":true,"href":"https:\/\/www.conselharan.org\/ca\/wp-json\/wp\/v2\/comments?post=47212"}],"version-history":[{"count":1,"href":"https:\/\/www.conselharan.org\/ca\/wp-json\/wp\/v2\/posts\/47212\/revisions"}],"predecessor-version":[{"id":47213,"href":"https:\/\/www.conselharan.org\/ca\/wp-json\/wp\/v2\/posts\/47212\/revisions\/47213"}],"wp:featuredmedia":[{"embeddable":true,"href":"https:\/\/www.conselharan.org\/ca\/wp-json\/wp\/v2\/media\/47205"}],"wp:attachment":[{"href":"https:\/\/www.conselharan.org\/ca\/wp-json\/wp\/v2\/media?parent=47212"}],"wp:term":[{"taxonomy":"category","embeddable":true,"href":"https:\/\/www.conselharan.org\/ca\/wp-json\/wp\/v2\/categories?post=47212"},{"taxonomy":"post_tag","embeddable":true,"href":"https:\/\/www.conselharan.org\/ca\/wp-json\/wp\/v2\/tags?post=47212"}],"curies":[{"name":"wp","href":"https:\/\/api.w.org\/{rel}","templated":true}]}}