{"id":47256,"date":"2022-03-02T09:27:30","date_gmt":"2022-03-02T08:27:30","guid":{"rendered":"https:\/\/www.conselharan.org\/eth-conselh-generau-daran-impulse-ua-campanha-solidaria-damb-ucraina\/"},"modified":"2022-03-02T09:52:53","modified_gmt":"2022-03-02T08:52:53","slug":"eth-conselh-generau-daran-impulse-ua-campanha-solidaria-damb-ucraina","status":"publish","type":"post","link":"https:\/\/www.conselharan.org\/ca\/eth-conselh-generau-daran-impulse-ua-campanha-solidaria-damb-ucraina\/","title":{"rendered":"El Conselh Generau d\u2019Aran impulsa una campanya solid\u00e0ria amb Ucra\u00efna"},"content":{"rendered":"<p><a href=\"https:\/\/www.conselharan.org\/wp-content\/uploads\/2022\/03\/1.png\"><img loading=\"lazy\" decoding=\"async\" class=\"aligncenter wp-image-47245 size-large\" src=\"https:\/\/www.conselharan.org\/wp-content\/uploads\/2022\/03\/1-1024x1024.png\" alt=\"\" width=\"1024\" height=\"1024\" srcset=\"https:\/\/www.conselharan.org\/wp-content\/uploads\/2022\/03\/1-1024x1024.png 1024w, https:\/\/www.conselharan.org\/wp-content\/uploads\/2022\/03\/1-300x300.png 300w, https:\/\/www.conselharan.org\/wp-content\/uploads\/2022\/03\/1-150x150.png 150w, https:\/\/www.conselharan.org\/wp-content\/uploads\/2022\/03\/1-768x768.png 768w, https:\/\/www.conselharan.org\/wp-content\/uploads\/2022\/03\/1-270x270.png 270w, https:\/\/www.conselharan.org\/wp-content\/uploads\/2022\/03\/1-207x207.png 207w, https:\/\/www.conselharan.org\/wp-content\/uploads\/2022\/03\/1-75x75.png 75w, https:\/\/www.conselharan.org\/wp-content\/uploads\/2022\/03\/1.png 1080w\" sizes=\"(max-width: 1024px) 100vw, 1024px\" \/><\/a><\/p>\n<ul>\n<li>\n<h3><strong>Els Pompi\u00e8rs d\u2019Aran recolliran durant els dies 3 i 5 de mar\u00e7 material de primera necessitat i aliments als parcs de Pompi\u00e8rs de Vielha, Les, Boss\u00f2st i el Bar Montanha de Salard\u00fa, i des d&#8217;Aran Salut es prepara tamb\u00e9 un enviament de material sanitari, donant resposta a la sol\u00b7licitud d&#8217;ajuda del Consolat d&#8217;Ucra\u00efna a Barcelona<\/strong><\/h3>\n<\/li>\n<\/ul>\n<p>Davant la situaci\u00f3 d&#8217;emerg\u00e8ncia que viu actualment Ucra\u00efna, <strong>els Pompi\u00e8rs d\u2019Aran, amb la col\u00b7laboraci\u00f3 de Volentaris Val d&#8217;Aran i el Bar Montanha de Salard\u00fa, han organitzat els dies 3, 4 i 5 de mar\u00e7 una recollida de material i aliments<\/strong> d&#8217;acci\u00f3 humanit\u00e0ria.<\/p>\n<p>Els <strong>punts de recollida<\/strong> seran:<\/p>\n<p>&#8211; Parc de Pompi\u00e8rs de Vielha: de 10.00 a 20.00.<\/p>\n<p>&#8211; Parc de Pompi\u00e8rs de Les: de 10.00 a 13.00 \u2013 de 17.00 a 20.00.<\/p>\n<p>&#8211; Parc de Pompi\u00e8rs de Boss\u00f2st: de 10.00 a 13.00 \u2013 de 17.00 a 20.00.<\/p>\n<p>&#8211; Bar Montanha, Salard\u00fa: de 10.00 a 20.00.<\/p>\n<p>S\u00f3n necessaris els productes b\u00e0sics seg\u00fcents:<\/p>\n\n\t\t<style type=\"text\/css\">\n\t\t\t#gallery-1 {\n\t\t\t\tmargin: auto;\n\t\t\t}\n\t\t\t#gallery-1 .gallery-item {\n\t\t\t\tfloat: left;\n\t\t\t\tmargin-top: 10px;\n\t\t\t\ttext-align: center;\n\t\t\t\twidth: 50%;\n\t\t\t}\n\t\t\t#gallery-1 img {\n\t\t\t\tborder: 2px solid #cfcfcf;\n\t\t\t}\n\t\t\t#gallery-1 .gallery-caption {\n\t\t\t\tmargin-left: 0;\n\t\t\t}\n\t\t\t\/* see gallery_shortcode() in wp-includes\/media.php *\/\n\t\t<\/style>\n\t\t<div id='gallery-1' class='gallery galleryid-47256 gallery-columns-2 gallery-size-large'><dl class='gallery-item'>\n\t\t\t<dt class='gallery-icon landscape'>\n\t\t\t\t<a href='https:\/\/www.conselharan.org\/ca\/eth-conselh-generau-daran-impulse-ua-campanha-solidaria-damb-ucraina\/3-13-2\/'><img loading=\"lazy\" decoding=\"async\" width=\"1024\" height=\"1024\" src=\"https:\/\/www.conselharan.org\/wp-content\/uploads\/2022\/03\/3-1024x1024.png\" class=\"attachment-large size-large\" alt=\"\" srcset=\"https:\/\/www.conselharan.org\/wp-content\/uploads\/2022\/03\/3-1024x1024.png 1024w, https:\/\/www.conselharan.org\/wp-content\/uploads\/2022\/03\/3-300x300.png 300w, https:\/\/www.conselharan.org\/wp-content\/uploads\/2022\/03\/3-150x150.png 150w, https:\/\/www.conselharan.org\/wp-content\/uploads\/2022\/03\/3-768x768.png 768w, https:\/\/www.conselharan.org\/wp-content\/uploads\/2022\/03\/3-270x270.png 270w, https:\/\/www.conselharan.org\/wp-content\/uploads\/2022\/03\/3-207x207.png 207w, https:\/\/www.conselharan.org\/wp-content\/uploads\/2022\/03\/3-75x75.png 75w, https:\/\/www.conselharan.org\/wp-content\/uploads\/2022\/03\/3.png 1080w\" sizes=\"(max-width: 1024px) 100vw, 1024px\" \/><\/a>\n\t\t\t<\/dt><\/dl><dl class='gallery-item'>\n\t\t\t<dt class='gallery-icon landscape'>\n\t\t\t\t<a href='https:\/\/www.conselharan.org\/ca\/eth-conselh-generau-daran-impulse-ua-campanha-solidaria-damb-ucraina\/4-11-2\/'><img loading=\"lazy\" decoding=\"async\" width=\"1024\" height=\"1024\" src=\"https:\/\/www.conselharan.org\/wp-content\/uploads\/2022\/03\/4-1024x1024.png\" class=\"attachment-large size-large\" alt=\"\" srcset=\"https:\/\/www.conselharan.org\/wp-content\/uploads\/2022\/03\/4-1024x1024.png 1024w, https:\/\/www.conselharan.org\/wp-content\/uploads\/2022\/03\/4-300x300.png 300w, https:\/\/www.conselharan.org\/wp-content\/uploads\/2022\/03\/4-150x150.png 150w, https:\/\/www.conselharan.org\/wp-content\/uploads\/2022\/03\/4-768x768.png 768w, https:\/\/www.conselharan.org\/wp-content\/uploads\/2022\/03\/4-270x270.png 270w, https:\/\/www.conselharan.org\/wp-content\/uploads\/2022\/03\/4-207x207.png 207w, https:\/\/www.conselharan.org\/wp-content\/uploads\/2022\/03\/4-75x75.png 75w, https:\/\/www.conselharan.org\/wp-content\/uploads\/2022\/03\/4.png 1080w\" sizes=\"(max-width: 1024px) 100vw, 1024px\" \/><\/a>\n\t\t\t<\/dt><\/dl><br style=\"clear: both\" \/>\n\t\t<\/div>\n\n<p>&nbsp;<\/p>\n<p>Les persones que vulguin participar com a volunt\u00e0ries, poden posar-se en contacte amb el tel\u00e8fon 626 66 05 47.<\/p>\n<p>Per part seva, <strong>Aran Salut col\u00b7laborar\u00e0 tamb\u00e9 donant material sanitari i medicaments per a les persones afectades<\/strong> per aquesta situaci\u00f3.<\/p>\n<p>El Conselh Generau d\u2019Aran manifesta la seva solidaritat amb Ucra\u00efna i desitja que aquest conflicte b\u00e8l\u00b7lic finalitzi el m\u00e9s aviat possible.<\/p>\n ","protected":false},"excerpt":{"rendered":"<p>Els Pompi\u00e8rs d\u2019Aran recolliran durant els dies 3 i 5 de mar\u00e7 material de primera necessitat i aliments als parcs de Pompi\u00e8rs de Vielha, Les, Boss\u00f2st i el Bar Montanha de Salard\u00fa, i des d&#8217;Aran Salut es prepara tamb\u00e9 un enviament de material sanitari, donant resposta a la sol\u00b7licitud d&#8217;ajuda del Consolat d&#8217;Ucra\u00efna a Barcelona&#8230;<\/p>\n","protected":false},"author":10,"featured_media":47246,"comment_status":"closed","ping_status":"closed","sticky":false,"template":"","format":"standard","meta":{"footnotes":""},"categories":[53],"tags":[],"_links":{"self":[{"href":"https:\/\/www.conselharan.org\/ca\/wp-json\/wp\/v2\/posts\/47256"}],"collection":[{"href":"https:\/\/www.conselharan.org\/ca\/wp-json\/wp\/v2\/posts"}],"about":[{"href":"https:\/\/www.conselharan.org\/ca\/wp-json\/wp\/v2\/types\/post"}],"author":[{"embeddable":true,"href":"https:\/\/www.conselharan.org\/ca\/wp-json\/wp\/v2\/users\/10"}],"replies":[{"embeddable":true,"href":"https:\/\/www.conselharan.org\/ca\/wp-json\/wp\/v2\/comments?post=47256"}],"version-history":[{"count":4,"href":"https:\/\/www.conselharan.org\/ca\/wp-json\/wp\/v2\/posts\/47256\/revisions"}],"predecessor-version":[{"id":47260,"href":"https:\/\/www.conselharan.org\/ca\/wp-json\/wp\/v2\/posts\/47256\/revisions\/47260"}],"wp:featuredmedia":[{"embeddable":true,"href":"https:\/\/www.conselharan.org\/ca\/wp-json\/wp\/v2\/media\/47246"}],"wp:attachment":[{"href":"https:\/\/www.conselharan.org\/ca\/wp-json\/wp\/v2\/media?parent=47256"}],"wp:term":[{"taxonomy":"category","embeddable":true,"href":"https:\/\/www.conselharan.org\/ca\/wp-json\/wp\/v2\/categories?post=47256"},{"taxonomy":"post_tag","embeddable":true,"href":"https:\/\/www.conselharan.org\/ca\/wp-json\/wp\/v2\/tags?post=47256"}],"curies":[{"name":"wp","href":"https:\/\/api.w.org\/{rel}","templated":true}]}}