{"id":47302,"date":"2022-03-03T14:09:00","date_gmt":"2022-03-03T13:09:00","guid":{"rendered":"https:\/\/www.conselharan.org\/era-val-daran-acuelhera-dara-endeuant-es-proves-dacces-ara-universitat\/"},"modified":"2022-03-03T14:10:57","modified_gmt":"2022-03-03T13:10:57","slug":"era-val-daran-acuelhera-dara-endeuant-es-proves-dacces-ara-universitat","status":"publish","type":"post","link":"https:\/\/www.conselharan.org\/ca\/era-val-daran-acuelhera-dara-endeuant-es-proves-dacces-ara-universitat\/","title":{"rendered":"La Val d&#8217;Aran acollir\u00e0, d&#8217;ara endavant, les Proves d&#8217;Acc\u00e9s a la Universitat"},"content":{"rendered":"<p><a href=\"https:\/\/www.conselharan.org\/wp-content\/uploads\/2022\/03\/P1042584.png\"><img loading=\"lazy\" decoding=\"async\" class=\"aligncenter wp-image-47294 size-large\" src=\"https:\/\/www.conselharan.org\/wp-content\/uploads\/2022\/03\/P1042584-1024x575.png\" alt=\"\" width=\"1024\" height=\"575\" srcset=\"https:\/\/www.conselharan.org\/wp-content\/uploads\/2022\/03\/P1042584-1024x575.png 1024w, https:\/\/www.conselharan.org\/wp-content\/uploads\/2022\/03\/P1042584-300x169.png 300w, https:\/\/www.conselharan.org\/wp-content\/uploads\/2022\/03\/P1042584-768x431.png 768w, https:\/\/www.conselharan.org\/wp-content\/uploads\/2022\/03\/P1042584-1536x863.png 1536w, https:\/\/www.conselharan.org\/wp-content\/uploads\/2022\/03\/P1042584-2048x1150.png 2048w\" sizes=\"(max-width: 1024px) 100vw, 1024px\" \/><\/a><\/p>\n<ul>\n<li>\n<h3><strong>El Conselh Generau d\u2019Aran i el departament de Recerca i Universitats de la Generalitat de Catalunya han signat aquest mat\u00ed un conveni amb la UdL perqu\u00e8 l&#8217;alumnat d&#8217;Aran i l&#8217;Alta Ribagor\u00e7a realitzi les Proves d&#8217;Acc\u00e9s de la Universitat (PAU) a Vielha<\/strong><\/h3>\n<\/li>\n<\/ul>\n<p>La <strong>s\u00edndica d&#8217;Aran, Maria Verg\u00e9s<\/strong>, i la <strong>consellera de Coneixement, Angelina Cases<\/strong>, han rebut aquest mat\u00ed a la seu del Conselh Generau d\u2019Aran a la <strong>consellera de Recerca i Universitats de la Generalitat, Gemma Geis<\/strong> i la <strong>secret\u00e0ria del Consell Interuniversitari de Catalunya (CIC), Cristina Gelp\u00ed<\/strong>, amb qui han mantingut una reuni\u00f3 de treball abans de signar el conveni entre el Conselh Generau d\u2019Aran, el departament de Recerca i Universitats i la Universitat de Lleida (UdL) perqu\u00e8 <strong>l&#8217;alumnat d&#8217;Aran i l&#8217;Alta Ribagor\u00e7a realitzi les Proves d&#8217;Acc\u00e9s a la Universitat (PAU) a Vielha<\/strong>.<\/p>\n<p>\u201cPer al govern del Conselh Generau d\u2019Aran, <strong>aquest acord \u00e9s un avan\u00e7 molt important<\/strong>, at\u00e8s que aconseguim que els estudiants del nostre territori i de l&#8217;Alta Ribag\u00f2r\u00e7a <strong>s&#8217;estalvi\u00efn la necessitat de despla\u00e7ar-se<\/strong> gaireb\u00e9 200 km d&#8217;anada i 200\u00a0m\u00e9s de tornada per una carretera de muntanya fins a Lleida, com havien de fer abans de la pand\u00e8mia, un despla\u00e7ament i una estada que, a m\u00e9s, suposaven una <strong>despesa econ\u00f2mica important per a les fam\u00edlies<\/strong>\u201d, explicava la s\u00edndica d&#8217;Aran, afegint que: \u201caquest \u00e9s un pas m\u00e9s per <strong>a equiparar a la joventut de la Val d&#8217;Aran a la qual viu en les grans ciutats<\/strong>, oferint-los una facilitat i un dret que mereixen i que els facilitar\u00e0 la realitzaci\u00f3 d&#8217;aquestes proves\u201d.<\/p>\n<p>Per mitj\u00e0 d&#8217;aquest conveni, les tres parts es comprometen a aportar els mitjans econ\u00f2mics, t\u00e8cnics i personals necessaris perqu\u00e8 <strong>aquestes proves puguin desenvolupar-se al nostre territori amb totes les garanties<\/strong>, assumint el Conselh Generau d\u2019Aran el sobrecost que genera la incorporaci\u00f3 d&#8217;un tribunal de les PAU a Vielha. Per tant, les proves d&#8217;acc\u00e9s a la universitat de 2022 i fins que es mantingui la vig\u00e8ncia de l&#8217;acord (quatre anys prorrogables) es realitzaran a l\u2019Aran.<\/p>\n<p>La consellera Geis ha mostrat la seva: \u201csatisfacci\u00f3 per la signatura d&#8217;aquest conveni que respon a l&#8217;objectiu del departament de Recerca i Universitats de <strong>vertebrar el pa\u00eds a trav\u00e9s del coneixement<\/strong>, i aix\u00f2 vol dir que han de n\u00e9ixer oportunitats i que cal recon\u00e8ixer la diversitat de Catalunya i recon\u00e8ixer la singularitat de la Val d&#8217;Aran\u201d.<\/p>\n<p>Per part seva, la consellera Cases ha declarat que \u201cdes del Conselh Generau d\u2019Aran estem molt satisfets que aquesta iniciativa, proposada pels propis alumnes del Institut d\u2019Aran al Ple del Conselh Generau d\u2019Aran ara fa dos anys\u201d i afegia que: \u201c<strong>des del govern d&#8217;Aran hem insistits aquests anys per a aconseguir la realitzaci\u00f3 de les PAU al nostre territori<\/strong>, ja ho vam aconseguir com a mesura extraordin\u00e0ria per la pand\u00e8mia, per\u00f2 amb aquest conveni s&#8217;enforteix aquest dret fonamental per als nostres estudiants\u201d.<\/p>\n ","protected":false},"excerpt":{"rendered":"<p>El Conselh Generau d\u2019Aran i el departament de Recerca i Universitats de la Generalitat de Catalunya han signat aquest mat\u00ed un conveni amb la UdL perqu\u00e8 l&#8217;alumnat d&#8217;Aran i l&#8217;Alta Ribagor\u00e7a realitzi les Proves d&#8217;Acc\u00e9s de la Universitat (PAU) a Vielha La s\u00edndica d&#8217;Aran, Maria Verg\u00e9s, i la consellera de Coneixement, Angelina Cases, han rebut&#8230;<\/p>\n","protected":false},"author":10,"featured_media":47295,"comment_status":"closed","ping_status":"closed","sticky":false,"template":"","format":"standard","meta":{"footnotes":""},"categories":[],"tags":[],"_links":{"self":[{"href":"https:\/\/www.conselharan.org\/ca\/wp-json\/wp\/v2\/posts\/47302"}],"collection":[{"href":"https:\/\/www.conselharan.org\/ca\/wp-json\/wp\/v2\/posts"}],"about":[{"href":"https:\/\/www.conselharan.org\/ca\/wp-json\/wp\/v2\/types\/post"}],"author":[{"embeddable":true,"href":"https:\/\/www.conselharan.org\/ca\/wp-json\/wp\/v2\/users\/10"}],"replies":[{"embeddable":true,"href":"https:\/\/www.conselharan.org\/ca\/wp-json\/wp\/v2\/comments?post=47302"}],"version-history":[{"count":1,"href":"https:\/\/www.conselharan.org\/ca\/wp-json\/wp\/v2\/posts\/47302\/revisions"}],"predecessor-version":[{"id":47303,"href":"https:\/\/www.conselharan.org\/ca\/wp-json\/wp\/v2\/posts\/47302\/revisions\/47303"}],"wp:featuredmedia":[{"embeddable":true,"href":"https:\/\/www.conselharan.org\/ca\/wp-json\/wp\/v2\/media\/47295"}],"wp:attachment":[{"href":"https:\/\/www.conselharan.org\/ca\/wp-json\/wp\/v2\/media?parent=47302"}],"wp:term":[{"taxonomy":"category","embeddable":true,"href":"https:\/\/www.conselharan.org\/ca\/wp-json\/wp\/v2\/categories?post=47302"},{"taxonomy":"post_tag","embeddable":true,"href":"https:\/\/www.conselharan.org\/ca\/wp-json\/wp\/v2\/tags?post=47302"}],"curies":[{"name":"wp","href":"https:\/\/api.w.org\/{rel}","templated":true}]}}