{"id":47321,"date":"2022-03-04T13:03:31","date_gmt":"2022-03-04T12:03:31","guid":{"rendered":"https:\/\/www.conselharan.org\/actes-de-commemoracion-ta-celebrar-eth-dia-internacionau-dera-hemna\/"},"modified":"2022-03-04T13:26:22","modified_gmt":"2022-03-04T12:26:22","slug":"actes-de-commemoracion-ta-celebrar-eth-dia-internacionau-dera-hemna","status":"publish","type":"post","link":"https:\/\/www.conselharan.org\/ca\/actes-de-commemoracion-ta-celebrar-eth-dia-internacionau-dera-hemna\/","title":{"rendered":"Actes de commemoraci\u00f3 per a celebrar el Dia Internacional de la Dona"},"content":{"rendered":"<p><a href=\"https:\/\/www.conselharan.org\/wp-content\/uploads\/2022\/03\/Pann\u00e8u-e-programa-8-de-mar\u00e7-2022-01.png\"><img loading=\"lazy\" decoding=\"async\" class=\"aligncenter wp-image-47309 size-large\" src=\"https:\/\/www.conselharan.org\/wp-content\/uploads\/2022\/03\/Pann\u00e8u-e-programa-8-de-mar\u00e7-2022-01-819x1024.png\" alt=\"\" width=\"819\" height=\"1024\" srcset=\"https:\/\/www.conselharan.org\/wp-content\/uploads\/2022\/03\/Pann\u00e8u-e-programa-8-de-mar\u00e7-2022-01-819x1024.png 819w, https:\/\/www.conselharan.org\/wp-content\/uploads\/2022\/03\/Pann\u00e8u-e-programa-8-de-mar\u00e7-2022-01-240x300.png 240w, https:\/\/www.conselharan.org\/wp-content\/uploads\/2022\/03\/Pann\u00e8u-e-programa-8-de-mar\u00e7-2022-01-768x960.png 768w, https:\/\/www.conselharan.org\/wp-content\/uploads\/2022\/03\/Pann\u00e8u-e-programa-8-de-mar\u00e7-2022-01.png 1081w\" sizes=\"(max-width: 819px) 100vw, 819px\" \/><\/a><\/p>\n<ul>\n<li>\n<h3><strong>El Conselh Generau d\u2019Aran, aix\u00ed com diferents associacions de dones i Ajuntaments del territori, han organitzat diferents activitats per a commemorar aquest 8 de mar\u00e7<\/strong><\/h3>\n<\/li>\n<\/ul>\n<p>El dimarts, 8 de mar\u00e7, se celebra el Dia Internacional la Dona i la Val d&#8217;Aran acollir\u00e0 diferents actes commemoratius que se celebraran durant tota la setmana.<\/p>\n<p>Per part seva, el Conselh Generau d\u2019Aran ha organitzat per dimarts, 8 de mar\u00e7, la lectura del manifest pel Dia Internacional de la Dona i una lectura de l&#8217;alumnat del Institut d\u2019Aran de poemes escrits per dones a la Pla\u00e7a d&#8217;Aran de Vielha.<\/p>\n<p>El dimecres, 9 de mar\u00e7, es dur\u00e0 a terme el col\u00b7loqui entre dones de la Val d&#8217;Aran <em>Viv\u00e8ncies, passat, present i futur<\/em>, que tindr\u00e0 lloc a les 18.30 hores a la Biblioteca de Vielha.<\/p>\n<p>El divendres, 11 de mar\u00e7 a les 19 hores, el Museu Etnol\u00f2gic de la Val d&#8217;Aran acollir\u00e0 la conferencia <em>Dones que inspiren. Les muses de la mitologia cl\u00e0ssica<\/em>, a c\u00e0rrec de Mireia Rosich.<\/p>\n<p>Finalment, el diumenge 20 de mar\u00e7 a les 11 hores, es reprendr\u00e0 la celebraci\u00f3 de la tradicional Cursa la Dona, que celebrar\u00e0 enguany la seva 8a edici\u00f3, despr\u00e9s de no haver-se pogut celebrar l&#8217;any passat a causa de la pand\u00e8mia.<\/p>\n<p>A m\u00e9s, diferents associacions de dones i ajuntaments del territori han organitzat tamb\u00e9 diverses actes per a commemorar aquest 8 de mar\u00e7.<\/p>\n<p><a href=\"https:\/\/www.conselharan.org\/wp-content\/uploads\/2022\/03\/Programa-Aran\u00e9s.png\"><img loading=\"lazy\" decoding=\"async\" class=\"aligncenter wp-image-47313 size-large\" src=\"https:\/\/www.conselharan.org\/wp-content\/uploads\/2022\/03\/Programa-Aran\u00e9s-819x1024.png\" alt=\"\" width=\"819\" height=\"1024\" srcset=\"https:\/\/www.conselharan.org\/wp-content\/uploads\/2022\/03\/Programa-Aran\u00e9s-819x1024.png 819w, https:\/\/www.conselharan.org\/wp-content\/uploads\/2022\/03\/Programa-Aran\u00e9s-240x300.png 240w, https:\/\/www.conselharan.org\/wp-content\/uploads\/2022\/03\/Programa-Aran\u00e9s-768x960.png 768w, https:\/\/www.conselharan.org\/wp-content\/uploads\/2022\/03\/Programa-Aran\u00e9s.png 1081w\" sizes=\"(max-width: 819px) 100vw, 819px\" \/><\/a><\/p>\n ","protected":false},"excerpt":{"rendered":"<p>El Conselh Generau d\u2019Aran, aix\u00ed com diferents associacions de dones i Ajuntaments del territori, han organitzat diferents activitats per a commemorar aquest 8 de mar\u00e7 El dimarts, 8 de mar\u00e7, se celebra el Dia Internacional la Dona i la Val d&#8217;Aran acollir\u00e0 diferents actes commemoratius que se celebraran durant tota la setmana. Per part seva,&#8230;<\/p>\n","protected":false},"author":10,"featured_media":47310,"comment_status":"closed","ping_status":"closed","sticky":false,"template":"","format":"standard","meta":{"footnotes":""},"categories":[33,797],"tags":[],"_links":{"self":[{"href":"https:\/\/www.conselharan.org\/ca\/wp-json\/wp\/v2\/posts\/47321"}],"collection":[{"href":"https:\/\/www.conselharan.org\/ca\/wp-json\/wp\/v2\/posts"}],"about":[{"href":"https:\/\/www.conselharan.org\/ca\/wp-json\/wp\/v2\/types\/post"}],"author":[{"embeddable":true,"href":"https:\/\/www.conselharan.org\/ca\/wp-json\/wp\/v2\/users\/10"}],"replies":[{"embeddable":true,"href":"https:\/\/www.conselharan.org\/ca\/wp-json\/wp\/v2\/comments?post=47321"}],"version-history":[{"count":1,"href":"https:\/\/www.conselharan.org\/ca\/wp-json\/wp\/v2\/posts\/47321\/revisions"}],"predecessor-version":[{"id":47322,"href":"https:\/\/www.conselharan.org\/ca\/wp-json\/wp\/v2\/posts\/47321\/revisions\/47322"}],"wp:featuredmedia":[{"embeddable":true,"href":"https:\/\/www.conselharan.org\/ca\/wp-json\/wp\/v2\/media\/47310"}],"wp:attachment":[{"href":"https:\/\/www.conselharan.org\/ca\/wp-json\/wp\/v2\/media?parent=47321"}],"wp:term":[{"taxonomy":"category","embeddable":true,"href":"https:\/\/www.conselharan.org\/ca\/wp-json\/wp\/v2\/categories?post=47321"},{"taxonomy":"post_tag","embeddable":true,"href":"https:\/\/www.conselharan.org\/ca\/wp-json\/wp\/v2\/tags?post=47321"}],"curies":[{"name":"wp","href":"https:\/\/api.w.org\/{rel}","templated":true}]}}