{"id":47730,"date":"2022-03-25T12:54:13","date_gmt":"2022-03-25T11:54:13","guid":{"rendered":"https:\/\/www.conselharan.org\/era-sindica-daran-participe-enes-jornades-dera-associacion-esmontanas-sus-er-aigua-coma-element-generador-doportunitats\/"},"modified":"2022-03-25T12:57:36","modified_gmt":"2022-03-25T11:57:36","slug":"era-sindica-daran-participe-enes-jornades-dera-associacion-esmontanas-sus-er-aigua-coma-element-generador-doportunitats","status":"publish","type":"post","link":"https:\/\/www.conselharan.org\/ca\/era-sindica-daran-participe-enes-jornades-dera-associacion-esmontanas-sus-er-aigua-coma-element-generador-doportunitats\/","title":{"rendered":"La s\u00edndica d&#8217;Aran participa en les jornades de l&#8217;associaci\u00f3 esMonta\u00f1as sobre l&#8217;aigua com a element generador d&#8217;oportunitats"},"content":{"rendered":"<p><a href=\"https:\/\/www.conselharan.org\/wp-content\/uploads\/2022\/03\/FOoMw28XoAA6iRG.jpg\"><img loading=\"lazy\" decoding=\"async\" class=\"aligncenter wp-image-47722 size-large\" src=\"https:\/\/www.conselharan.org\/wp-content\/uploads\/2022\/03\/FOoMw28XoAA6iRG-1024x460.jpg\" alt=\"\" width=\"1024\" height=\"460\" srcset=\"https:\/\/www.conselharan.org\/wp-content\/uploads\/2022\/03\/FOoMw28XoAA6iRG-1024x460.jpg 1024w, https:\/\/www.conselharan.org\/wp-content\/uploads\/2022\/03\/FOoMw28XoAA6iRG-300x135.jpg 300w, https:\/\/www.conselharan.org\/wp-content\/uploads\/2022\/03\/FOoMw28XoAA6iRG-768x345.jpg 768w, https:\/\/www.conselharan.org\/wp-content\/uploads\/2022\/03\/FOoMw28XoAA6iRG-1536x690.jpg 1536w, https:\/\/www.conselharan.org\/wp-content\/uploads\/2022\/03\/FOoMw28XoAA6iRG.jpg 1600w\" sizes=\"(max-width: 1024px) 100vw, 1024px\" \/><\/a><\/p>\n<ul>\n<li>\n<h3><strong>Amb motiu del Dia Internacional de l&#8217;aigua, que va tenir lloc el passat 22 de mar\u00e7, l&#8217;associaci\u00f3 de municipis de muntanya esMonta\u00f1as ha organitzat en Sobrescobio (Ast\u00faries) durant els dies 24 i 25 de mar\u00e7 aquestes jornades, on la s\u00edndica va participar ahir com a moderadora en la taula rodona \u201cConcessions, caducitat, oportunitats i l\u00edmits a l&#8217;aprofitament de l&#8217;aigua en els petits municipis\u201d<\/strong><\/h3>\n<\/li>\n<\/ul>\n<p>La s\u00edndica d&#8217;Aran, Maria Verg\u00e9s, participa els dies 24 i 25 de mar\u00e7 en les jornades sobre l&#8217;aigua com a element generador d&#8217;oportunitats que l&#8217;associaci\u00f3 esMonta\u00f1as ha organitzat en la poblaci\u00f3 de Sobrescobio, a Ast\u00faries.<\/p>\n<p>La s\u00edndica, com a secret\u00e0ria general de esMonta\u00f1as, va moderar ahir la taula rodona \u201cConcessions, caducitat, oportunitats i l\u00edmits a l&#8217;aprofitament de l&#8217;aigua als petits municipis\u201d, que ha comptat amb la participaci\u00f3 del President de la Confederaci\u00f3 Hidrogr\u00e0fica del Cant\u00e0bric, Manuel Guti\u00e9rrez, el Director General de Medi natural del Principat d&#8217;Ast\u00faries, David Villar, la Secretaria General de Femembalses, Maite Bajard\u00ed, i l&#8217;alcalde de Somiedo, Belarmino Fern\u00e1ndez.<\/p>\n<p>Cal recordar que el Conselh Generau d\u2019Aran exerceix la secretaria general de esMonta\u00f1as des de l&#8217;any 2020. Aquesta associaci\u00f3 va n\u00e9ixer en 2013 amb l&#8217;objectiu de reunir els municipis de muntanya de tot l&#8217;estat, reivindicar les seves necessitats i promoure les millores legislatives i les accions necess\u00e0ries per a millorar la vida dels ve\u00efns i ve\u00efnes d&#8217;aquests territoris, frenar la despoblaci\u00f3 i generar desenvolupament econ\u00f2mic i social en aquests paratges.<\/p>\n ","protected":false},"excerpt":{"rendered":"<p>Amb motiu del Dia Internacional de l&#8217;aigua, que va tenir lloc el passat 22 de mar\u00e7, l&#8217;associaci\u00f3 de municipis de muntanya esMonta\u00f1as ha organitzat en Sobrescobio (Ast\u00faries) durant els dies 24 i 25 de mar\u00e7 aquestes jornades, on la s\u00edndica va participar ahir com a moderadora en la taula rodona \u201cConcessions, caducitat, oportunitats i l\u00edmits&#8230;<\/p>\n","protected":false},"author":10,"featured_media":47723,"comment_status":"closed","ping_status":"closed","sticky":false,"template":"","format":"standard","meta":{"footnotes":""},"categories":[],"tags":[],"_links":{"self":[{"href":"https:\/\/www.conselharan.org\/ca\/wp-json\/wp\/v2\/posts\/47730"}],"collection":[{"href":"https:\/\/www.conselharan.org\/ca\/wp-json\/wp\/v2\/posts"}],"about":[{"href":"https:\/\/www.conselharan.org\/ca\/wp-json\/wp\/v2\/types\/post"}],"author":[{"embeddable":true,"href":"https:\/\/www.conselharan.org\/ca\/wp-json\/wp\/v2\/users\/10"}],"replies":[{"embeddable":true,"href":"https:\/\/www.conselharan.org\/ca\/wp-json\/wp\/v2\/comments?post=47730"}],"version-history":[{"count":1,"href":"https:\/\/www.conselharan.org\/ca\/wp-json\/wp\/v2\/posts\/47730\/revisions"}],"predecessor-version":[{"id":47731,"href":"https:\/\/www.conselharan.org\/ca\/wp-json\/wp\/v2\/posts\/47730\/revisions\/47731"}],"wp:featuredmedia":[{"embeddable":true,"href":"https:\/\/www.conselharan.org\/ca\/wp-json\/wp\/v2\/media\/47723"}],"wp:attachment":[{"href":"https:\/\/www.conselharan.org\/ca\/wp-json\/wp\/v2\/media?parent=47730"}],"wp:term":[{"taxonomy":"category","embeddable":true,"href":"https:\/\/www.conselharan.org\/ca\/wp-json\/wp\/v2\/categories?post=47730"},{"taxonomy":"post_tag","embeddable":true,"href":"https:\/\/www.conselharan.org\/ca\/wp-json\/wp\/v2\/tags?post=47730"}],"curies":[{"name":"wp","href":"https:\/\/api.w.org\/{rel}","templated":true}]}}