{"id":47767,"date":"2022-03-28T15:26:02","date_gmt":"2022-03-28T13:26:02","guid":{"rendered":"https:\/\/www.conselharan.org\/era-sindica-daran-e-es-presidencies-des-conselhs-comarcaus-deth-naut-pireneu-samassen-telematicament-damb-eth-president-dera-generalitat\/"},"modified":"2022-03-28T15:28:32","modified_gmt":"2022-03-28T13:28:32","slug":"era-sindica-daran-e-es-presidencies-des-conselhs-comarcaus-deth-naut-pireneu-samassen-telematicament-damb-eth-president-dera-generalitat","status":"publish","type":"post","link":"https:\/\/www.conselharan.org\/ca\/era-sindica-daran-e-es-presidencies-des-conselhs-comarcaus-deth-naut-pireneu-samassen-telematicament-damb-eth-president-dera-generalitat\/","title":{"rendered":"La s\u00edndica d&#8217;Aran i les presid\u00e8ncia dels Consells Comarcals de l&#8217;Alt Pirineu es reuneixen telem\u00e0ticament amb el president de la Generalitat"},"content":{"rendered":"<p><a href=\"https:\/\/www.conselharan.org\/wp-content\/uploads\/2022\/03\/IMG_3398-scaled.jpg\"><img loading=\"lazy\" decoding=\"async\" class=\"aligncenter wp-image-47759 size-large\" src=\"https:\/\/www.conselharan.org\/wp-content\/uploads\/2022\/03\/IMG_3398-1024x768.jpg\" alt=\"\" width=\"1024\" height=\"768\" srcset=\"https:\/\/www.conselharan.org\/wp-content\/uploads\/2022\/03\/IMG_3398-1024x768.jpg 1024w, https:\/\/www.conselharan.org\/wp-content\/uploads\/2022\/03\/IMG_3398-300x225.jpg 300w, https:\/\/www.conselharan.org\/wp-content\/uploads\/2022\/03\/IMG_3398-768x576.jpg 768w, https:\/\/www.conselharan.org\/wp-content\/uploads\/2022\/03\/IMG_3398-1536x1152.jpg 1536w, https:\/\/www.conselharan.org\/wp-content\/uploads\/2022\/03\/IMG_3398-2048x1536.jpg 2048w\" sizes=\"(max-width: 1024px) 100vw, 1024px\" \/><\/a><\/p>\n<ul>\n<li>\n<h3><strong>Durant l&#8217;\u00faltima reuni\u00f3 peri\u00f2dica entre els Consells Comarcals de l&#8217;Alt Pirineu i el Conselh Generau d\u2019Aran, que ha tingut lloc avui a la seu del govern aran\u00e8s, s&#8217;ha parlat amb el president de la Generalitat sobre la candidatura dels JJOO d&#8217;hivern de 2030 i les presid\u00e8ncies i la s\u00edndica han manifestat que no veuen necess\u00e0ria una consulta per\u00f2, at\u00e8s que \u00e9s mandat parlamentari, han acordat treballar de manera conjunta per a evitar que aquest afer cre\u00ef tensions entre territoris ve\u00efns i han reclamat que en la proposta t\u00e8cnica de la candidatura hi hagi un repartiment equitatiu de les proves<\/strong><\/h3>\n<\/li>\n<\/ul>\n<p>La seu del Conselh Generau d\u2019Aran ha acollit aquest mat\u00ed la reuni\u00f3 peri\u00f2dica de la s\u00edndica d&#8217;Aran amb les presid\u00e8ncies dels Consells Comarcals de l&#8217;Alt Pirineu.<\/p>\n<p>Un dels principals afers tractats en aquesta reuni\u00f3 ha estat la candidatura dels Jocs Ol\u00edmpics d&#8217;hivern de 2030 al Pirineu, punt de l&#8217;ordre del dia que ha comptat amb la pres\u00e8ncia telem\u00e0tica del president de la Generalitat, Pere Aragon\u00e8s, que ha explicat en quin punt es troba la consulta a la ciutadania sobre aquesta candidatura i els ha demanat la seva opini\u00f3 sobre aquest assumpte.<\/p>\n<p>Tant la s\u00edndica d&#8217;Aran com les presid\u00e8ncies dels Consells Comarcals de l&#8217;Alt Pirineu han traslladat al president la seva opini\u00f3 un\u00e0nime que, a hores d&#8217;ara i despr\u00e9s d&#8217;haver conegut la proposta t\u00e8cnica de la candidatura, no veuen necess\u00e0ria la realitzaci\u00f3 d&#8217;aquesta consulta per\u00f2 que, al ser un mandat parlamentari, accepten la seva realitzaci\u00f3. No obstant aix\u00f2, han deixat clar que la seva voluntat \u00e9s evitar que es cre\u00efn tensions entre territoris ve\u00efns per aquest motiu i defensen que aquesta consulta no sigui nom\u00e9s per a demanar a la ciutadania si estan a favor o en contra d&#8217;uns JJOO, sin\u00f3 que serveixi per a parlar sobre quin model de territori es vol aconseguir.<\/p>\n<p>A m\u00e9s, tamb\u00e9 han posat damunt de la taula que volen que en la proposta t\u00e8cnica d&#8217;aquesta candidatura ol\u00edmpica hi hagi un repartiment equitatiu entre tots els territoris l&#8217;Alt Pirineu i Aran, ja que una oportunitat d&#8217;aquesta dimensions ajudaria a generar l&#8217;impuls en el desenvolupament social i territorial que el Pirineu necessita per a projectar-se com a territori de refer\u00e8ncia a nivell global.<\/p>\n<p>En aquesta reuni\u00f3, davant la falta de solucions a la problem\u00e0tica del transport escolar en algunes comarques de l&#8217;Alt Pirineu, els Consells Comarcals han tornat a posicionar-se en contra de les directrius del Departament d&#8217;Educaci\u00f3 que els insten a cobrar el servei de transport als alumnes de ensenyament no obligatori. Han acordat continuar treballant per a solucionar aquesta problem\u00e0tica i dirigir-se al conseller Cambray per a buscar solucions perqu\u00e8 el Departament reconsideri aquestes mesures i apliqui d\u2019altres m\u00e9s adequades a la realitat d&#8217;aquests territoris. En aquest sentit, el Conselh Generau d\u2019Aran ha mostrat tot el seu suport als Consells Comarcals en aquesta petici\u00f3 tan leg\u00edtima.<\/p>\n<p>Finalment, despr\u00e9s de con\u00e8ixer que en aquests \u00faltims dies el departament de Vicepresid\u00e8ncia de la Generalitat prepara un Estatut dels Municipis Rurals i que ja ha mantingut alguna reuni\u00f3 amb Consells Comarcals de l&#8217;Alt Pirineu, han demanat que aquest Estatut tingui en compte la visi\u00f3 dels territoris de muntanya i que es compti amb la participaci\u00f3 dels territoris implicats per a la redacci\u00f3 d&#8217;aquest document.<\/p>\n ","protected":false},"excerpt":{"rendered":"<p>Durant l&#8217;\u00faltima reuni\u00f3 peri\u00f2dica entre els Consells Comarcals de l&#8217;Alt Pirineu i el Conselh Generau d\u2019Aran, que ha tingut lloc avui a la seu del govern aran\u00e8s, s&#8217;ha parlat amb el president de la Generalitat sobre la candidatura dels JJOO d&#8217;hivern de 2030 i les presid\u00e8ncies i la s\u00edndica han manifestat que no veuen necess\u00e0ria&#8230;<\/p>\n","protected":false},"author":10,"featured_media":47760,"comment_status":"closed","ping_status":"closed","sticky":false,"template":"","format":"standard","meta":{"footnotes":""},"categories":[],"tags":[],"_links":{"self":[{"href":"https:\/\/www.conselharan.org\/ca\/wp-json\/wp\/v2\/posts\/47767"}],"collection":[{"href":"https:\/\/www.conselharan.org\/ca\/wp-json\/wp\/v2\/posts"}],"about":[{"href":"https:\/\/www.conselharan.org\/ca\/wp-json\/wp\/v2\/types\/post"}],"author":[{"embeddable":true,"href":"https:\/\/www.conselharan.org\/ca\/wp-json\/wp\/v2\/users\/10"}],"replies":[{"embeddable":true,"href":"https:\/\/www.conselharan.org\/ca\/wp-json\/wp\/v2\/comments?post=47767"}],"version-history":[{"count":1,"href":"https:\/\/www.conselharan.org\/ca\/wp-json\/wp\/v2\/posts\/47767\/revisions"}],"predecessor-version":[{"id":47768,"href":"https:\/\/www.conselharan.org\/ca\/wp-json\/wp\/v2\/posts\/47767\/revisions\/47768"}],"wp:featuredmedia":[{"embeddable":true,"href":"https:\/\/www.conselharan.org\/ca\/wp-json\/wp\/v2\/media\/47760"}],"wp:attachment":[{"href":"https:\/\/www.conselharan.org\/ca\/wp-json\/wp\/v2\/media?parent=47767"}],"wp:term":[{"taxonomy":"category","embeddable":true,"href":"https:\/\/www.conselharan.org\/ca\/wp-json\/wp\/v2\/categories?post=47767"},{"taxonomy":"post_tag","embeddable":true,"href":"https:\/\/www.conselharan.org\/ca\/wp-json\/wp\/v2\/tags?post=47767"}],"curies":[{"name":"wp","href":"https:\/\/api.w.org\/{rel}","templated":true}]}}