{"id":47781,"date":"2022-03-29T10:34:30","date_gmt":"2022-03-29T08:34:30","guid":{"rendered":"https:\/\/www.conselharan.org\/detectadi-22-casi-positius-per-covid-19-pendent-era-setmana-deth-21-ath-27-de-marc\/"},"modified":"2022-03-29T10:36:31","modified_gmt":"2022-03-29T08:36:31","slug":"detectadi-22-casi-positius-per-covid-19-pendent-era-setmana-deth-21-ath-27-de-marc","status":"publish","type":"post","link":"https:\/\/www.conselharan.org\/ca\/detectadi-22-casi-positius-per-covid-19-pendent-era-setmana-deth-21-ath-27-de-marc\/","title":{"rendered":"Detectats 22 casos positius per COVID-19 durant la setmana del 21 al 27 de mar\u00e7"},"content":{"rendered":"<p><a href=\"https:\/\/www.conselharan.org\/wp-content\/uploads\/2022\/03\/A\u00f1adir-un-t\u00edtulo-6-3.png\"><img loading=\"lazy\" decoding=\"async\" class=\"aligncenter wp-image-47773 size-large\" src=\"https:\/\/www.conselharan.org\/wp-content\/uploads\/2022\/03\/A\u00f1adir-un-t\u00edtulo-6-3-1024x1024.png\" alt=\"\" width=\"1024\" height=\"1024\" srcset=\"https:\/\/www.conselharan.org\/wp-content\/uploads\/2022\/03\/A\u00f1adir-un-t\u00edtulo-6-3-1024x1024.png 1024w, https:\/\/www.conselharan.org\/wp-content\/uploads\/2022\/03\/A\u00f1adir-un-t\u00edtulo-6-3-300x300.png 300w, https:\/\/www.conselharan.org\/wp-content\/uploads\/2022\/03\/A\u00f1adir-un-t\u00edtulo-6-3-150x150.png 150w, https:\/\/www.conselharan.org\/wp-content\/uploads\/2022\/03\/A\u00f1adir-un-t\u00edtulo-6-3-768x768.png 768w, https:\/\/www.conselharan.org\/wp-content\/uploads\/2022\/03\/A\u00f1adir-un-t\u00edtulo-6-3-270x270.png 270w, https:\/\/www.conselharan.org\/wp-content\/uploads\/2022\/03\/A\u00f1adir-un-t\u00edtulo-6-3-207x207.png 207w, https:\/\/www.conselharan.org\/wp-content\/uploads\/2022\/03\/A\u00f1adir-un-t\u00edtulo-6-3-75x75.png 75w, https:\/\/www.conselharan.org\/wp-content\/uploads\/2022\/03\/A\u00f1adir-un-t\u00edtulo-6-3.png 1080w\" sizes=\"(max-width: 1024px) 100vw, 1024px\" \/><\/a><\/p>\n<ul>\n<li>\n<h3><strong>Actualment hi ha 2 persones ingressades amb diagn\u00f2stic COVID-19 a l\u2019Espitau Val d\u2019Aran.<\/strong><\/h3>\n<\/li>\n<\/ul>\n<p>Aquests positius van ser detectats els dies:<\/p>\n<p>21\/03\/2022:\u00a0 4 \u00a0casos.<\/p>\n<p>22\/03\/2022: 6 casos.<\/p>\n<p>23\/03\/2022: 5 casos.<\/p>\n<p>24\/03\/2022: 2 casos.<\/p>\n<p>25\/03\/2022: 2 casos.<\/p>\n<p>26\/03\/2022: 1 caso.<\/p>\n<p>27\/03\/2022: 2 casos.<\/p>\n<p>El govern del Conselh Generau d\u2019Aran recorda la necessitat de seguir les mesures preventives establertes per les autoritats sanit\u00e0ries, aix\u00ed com la import\u00e0ncia de vacunar-se.<\/p>\n ","protected":false},"excerpt":{"rendered":"<p>Actualment hi ha 2 persones ingressades amb diagn\u00f2stic COVID-19 a l\u2019Espitau Val d\u2019Aran. Aquests positius van ser detectats els dies: 21\/03\/2022:\u00a0 4 \u00a0casos. 22\/03\/2022: 6 casos. 23\/03\/2022: 5 casos. 24\/03\/2022: 2 casos. 25\/03\/2022: 2 casos. 26\/03\/2022: 1 caso. 27\/03\/2022: 2 casos. El govern del Conselh Generau d\u2019Aran recorda la necessitat de seguir les mesures preventives&#8230;<\/p>\n","protected":false},"author":10,"featured_media":47774,"comment_status":"closed","ping_status":"closed","sticky":false,"template":"","format":"standard","meta":{"footnotes":""},"categories":[33,805],"tags":[],"_links":{"self":[{"href":"https:\/\/www.conselharan.org\/ca\/wp-json\/wp\/v2\/posts\/47781"}],"collection":[{"href":"https:\/\/www.conselharan.org\/ca\/wp-json\/wp\/v2\/posts"}],"about":[{"href":"https:\/\/www.conselharan.org\/ca\/wp-json\/wp\/v2\/types\/post"}],"author":[{"embeddable":true,"href":"https:\/\/www.conselharan.org\/ca\/wp-json\/wp\/v2\/users\/10"}],"replies":[{"embeddable":true,"href":"https:\/\/www.conselharan.org\/ca\/wp-json\/wp\/v2\/comments?post=47781"}],"version-history":[{"count":1,"href":"https:\/\/www.conselharan.org\/ca\/wp-json\/wp\/v2\/posts\/47781\/revisions"}],"predecessor-version":[{"id":47782,"href":"https:\/\/www.conselharan.org\/ca\/wp-json\/wp\/v2\/posts\/47781\/revisions\/47782"}],"wp:featuredmedia":[{"embeddable":true,"href":"https:\/\/www.conselharan.org\/ca\/wp-json\/wp\/v2\/media\/47774"}],"wp:attachment":[{"href":"https:\/\/www.conselharan.org\/ca\/wp-json\/wp\/v2\/media?parent=47781"}],"wp:term":[{"taxonomy":"category","embeddable":true,"href":"https:\/\/www.conselharan.org\/ca\/wp-json\/wp\/v2\/categories?post=47781"},{"taxonomy":"post_tag","embeddable":true,"href":"https:\/\/www.conselharan.org\/ca\/wp-json\/wp\/v2\/tags?post=47781"}],"curies":[{"name":"wp","href":"https:\/\/api.w.org\/{rel}","templated":true}]}}