{"id":47813,"date":"2022-03-30T14:51:08","date_gmt":"2022-03-30T12:51:08","guid":{"rendered":"https:\/\/www.conselharan.org\/eth-conselh-generau-daran-participe-en-plan-especiau-de-cooperacion-comarcau-dera-deputacion-de-lleida-2\/"},"modified":"2022-03-30T14:57:40","modified_gmt":"2022-03-30T12:57:40","slug":"eth-conselh-generau-daran-participe-en-plan-especiau-de-cooperacion-comarcau-dera-deputacion-de-lleida-2","status":"publish","type":"post","link":"https:\/\/www.conselharan.org\/ca\/eth-conselh-generau-daran-participe-en-plan-especiau-de-cooperacion-comarcau-dera-deputacion-de-lleida-2\/","title":{"rendered":"El Conselh Generau d\u2019Aran participa en el Pla Especial de Cooperaci\u00f3 Comarcal de la Diputaci\u00f3 de Lleida"},"content":{"rendered":"<p><a href=\"https:\/\/www.conselharan.org\/wp-content\/uploads\/2022\/03\/g_wPX0IM.jpeg\"><img loading=\"lazy\" decoding=\"async\" class=\"aligncenter wp-image-47796 size-large\" src=\"https:\/\/www.conselharan.org\/wp-content\/uploads\/2022\/03\/g_wPX0IM-1024x683.jpeg\" alt=\"\" width=\"1024\" height=\"683\" srcset=\"https:\/\/www.conselharan.org\/wp-content\/uploads\/2022\/03\/g_wPX0IM-1024x683.jpeg 1024w, https:\/\/www.conselharan.org\/wp-content\/uploads\/2022\/03\/g_wPX0IM-300x200.jpeg 300w, https:\/\/www.conselharan.org\/wp-content\/uploads\/2022\/03\/g_wPX0IM-768x512.jpeg 768w, https:\/\/www.conselharan.org\/wp-content\/uploads\/2022\/03\/g_wPX0IM-1536x1024.jpeg 1536w, https:\/\/www.conselharan.org\/wp-content\/uploads\/2022\/03\/g_wPX0IM.jpeg 2048w\" sizes=\"(max-width: 1024px) 100vw, 1024px\" \/><\/a><\/p>\n<ul>\n<li>\n<h3><strong>Durant tot el passat 2021, el Conselh Generau d\u2019Aran ha prestat assist\u00e8ncia i cooperaci\u00f3 jur\u00eddica, econ\u00f2mica i t\u00e8cnica als municipis aranesos i, en el cas dels municipis de menys de 1.000 habitants, ha garantit la prestaci\u00f3 dels serveis de secretaria i intervenci\u00f3, amb el suport econ\u00f2mic de la Diputaci\u00f3 de Lleida<\/strong><\/h3>\n<\/li>\n<\/ul>\n<p>El Conselh Generau d\u2019Aran i la Diputaci\u00f3 de Lleida han tornat a col\u00b7laborar, un any m\u00e9s, per a prestar cooperaci\u00f3 i assist\u00e8ncia t\u00e8cnica als municipis aranesos mitjan\u00e7ant el Pla Especial de Cooperaci\u00f3 Comarcal de la Diputaci\u00f3 provincial.<\/p>\n<p>Mitjan\u00e7ant aquest Pla, la Diputaci\u00f3 de Lleida ha invertit gaireb\u00e9 180.000 euros perqu\u00e8 el govern aran\u00e8s pugui prestar assist\u00e8ncia i cooperaci\u00f3 jur\u00eddica, econ\u00f2mica i t\u00e8cnica als municipis d&#8217;Aran, especialment als de menys capacitat econ\u00f2mica i de gesti\u00f3.<\/p>\n<p>En el cas dels municipis de menys de 1.000 habitants, aquest Pla de Cooperaci\u00f3 garanteix tamb\u00e9 la prestaci\u00f3 dels serveis de secretaria i intervenci\u00f3 per mitj\u00e0 d&#8217;una dotaci\u00f3 de 42.000 \u20ac per part de la Diputaci\u00f3.<\/p>\n<p>A m\u00e9s, la Diputaci\u00f3 dota al Conselh Generau d\u2019Aran de gaireb\u00e9 8.000 \u20ac al Programa Hestia de lloguer de serveis d&#8217;aplicacions de Serveis Socials, m\u00e9s de 19.000 per al Pla econ\u00f2mic en l&#8217;\u00e0mbit de la salut, 27.000 \u20ac en assessorament i suport t\u00e8cnic en mat\u00e8ria de cultura i patrimoni i 30.000 \u20ac en el Pla de Redacci\u00f3 de Projectes d&#8217;Inversi\u00f3 NGEU 2021.<\/p>\n\n\t\t<style type=\"text\/css\">\n\t\t\t#gallery-1 {\n\t\t\t\tmargin: auto;\n\t\t\t}\n\t\t\t#gallery-1 .gallery-item {\n\t\t\t\tfloat: left;\n\t\t\t\tmargin-top: 10px;\n\t\t\t\ttext-align: center;\n\t\t\t\twidth: 50%;\n\t\t\t}\n\t\t\t#gallery-1 img {\n\t\t\t\tborder: 2px solid #cfcfcf;\n\t\t\t}\n\t\t\t#gallery-1 .gallery-caption {\n\t\t\t\tmargin-left: 0;\n\t\t\t}\n\t\t\t\/* see gallery_shortcode() in wp-includes\/media.php *\/\n\t\t<\/style>\n\t\t<div id='gallery-1' class='gallery galleryid-47813 gallery-columns-2 gallery-size-medium'><dl class='gallery-item'>\n\t\t\t<dt class='gallery-icon landscape'>\n\t\t\t\t<a href='https:\/\/www.conselharan.org\/ca\/eth-conselh-generau-daran-participe-en-plan-especiau-de-cooperacion-comarcau-dera-deputacion-de-lleida-2\/iei-logo-2-2\/'><img loading=\"lazy\" decoding=\"async\" width=\"300\" height=\"164\" src=\"https:\/\/www.conselharan.org\/wp-content\/uploads\/2022\/03\/IEI-logo-300x164.jpg\" class=\"attachment-medium size-medium\" alt=\"\" srcset=\"https:\/\/www.conselharan.org\/wp-content\/uploads\/2022\/03\/IEI-logo-300x164.jpg 300w, https:\/\/www.conselharan.org\/wp-content\/uploads\/2022\/03\/IEI-logo-768x419.jpg 768w, https:\/\/www.conselharan.org\/wp-content\/uploads\/2022\/03\/IEI-logo.jpg 854w\" sizes=\"(max-width: 300px) 100vw, 300px\" \/><\/a>\n\t\t\t<\/dt><\/dl><dl class='gallery-item'>\n\t\t\t<dt class='gallery-icon landscape'>\n\t\t\t\t<a href='https:\/\/www.conselharan.org\/ca\/eth-conselh-generau-daran-participe-en-plan-especiau-de-cooperacion-comarcau-dera-deputacion-de-lleida-2\/logotipo_de_la_diputacion_de_lleida-2\/'><img loading=\"lazy\" decoding=\"async\" width=\"300\" height=\"150\" src=\"https:\/\/www.conselharan.org\/wp-content\/uploads\/2022\/03\/Logotipo_de_la_Diputaci\u00f3n_de_Lleida-300x150.jpg\" class=\"attachment-medium size-medium\" alt=\"\" srcset=\"https:\/\/www.conselharan.org\/wp-content\/uploads\/2022\/03\/Logotipo_de_la_Diputaci\u00f3n_de_Lleida-300x150.jpg 300w, https:\/\/www.conselharan.org\/wp-content\/uploads\/2022\/03\/Logotipo_de_la_Diputaci\u00f3n_de_Lleida-1024x512.jpg 1024w, https:\/\/www.conselharan.org\/wp-content\/uploads\/2022\/03\/Logotipo_de_la_Diputaci\u00f3n_de_Lleida-768x384.jpg 768w, https:\/\/www.conselharan.org\/wp-content\/uploads\/2022\/03\/Logotipo_de_la_Diputaci\u00f3n_de_Lleida-1536x768.jpg 1536w, https:\/\/www.conselharan.org\/wp-content\/uploads\/2022\/03\/Logotipo_de_la_Diputaci\u00f3n_de_Lleida-640x320.jpg 640w, https:\/\/www.conselharan.org\/wp-content\/uploads\/2022\/03\/Logotipo_de_la_Diputaci\u00f3n_de_Lleida.jpg 1654w\" sizes=\"(max-width: 300px) 100vw, 300px\" \/><\/a>\n\t\t\t<\/dt><\/dl><br style=\"clear: both\" \/>\n\t\t<\/div>\n\n ","protected":false},"excerpt":{"rendered":"<p>Durant tot el passat 2021, el Conselh Generau d\u2019Aran ha prestat assist\u00e8ncia i cooperaci\u00f3 jur\u00eddica, econ\u00f2mica i t\u00e8cnica als municipis aranesos i, en el cas dels municipis de menys de 1.000 habitants, ha garantit la prestaci\u00f3 dels serveis de secretaria i intervenci\u00f3, amb el suport econ\u00f2mic de la Diputaci\u00f3 de Lleida El Conselh Generau d\u2019Aran&#8230;<\/p>\n","protected":false},"author":10,"featured_media":47797,"comment_status":"closed","ping_status":"closed","sticky":false,"template":"","format":"standard","meta":{"footnotes":""},"categories":[],"tags":[],"_links":{"self":[{"href":"https:\/\/www.conselharan.org\/ca\/wp-json\/wp\/v2\/posts\/47813"}],"collection":[{"href":"https:\/\/www.conselharan.org\/ca\/wp-json\/wp\/v2\/posts"}],"about":[{"href":"https:\/\/www.conselharan.org\/ca\/wp-json\/wp\/v2\/types\/post"}],"author":[{"embeddable":true,"href":"https:\/\/www.conselharan.org\/ca\/wp-json\/wp\/v2\/users\/10"}],"replies":[{"embeddable":true,"href":"https:\/\/www.conselharan.org\/ca\/wp-json\/wp\/v2\/comments?post=47813"}],"version-history":[{"count":1,"href":"https:\/\/www.conselharan.org\/ca\/wp-json\/wp\/v2\/posts\/47813\/revisions"}],"predecessor-version":[{"id":47814,"href":"https:\/\/www.conselharan.org\/ca\/wp-json\/wp\/v2\/posts\/47813\/revisions\/47814"}],"wp:featuredmedia":[{"embeddable":true,"href":"https:\/\/www.conselharan.org\/ca\/wp-json\/wp\/v2\/media\/47797"}],"wp:attachment":[{"href":"https:\/\/www.conselharan.org\/ca\/wp-json\/wp\/v2\/media?parent=47813"}],"wp:term":[{"taxonomy":"category","embeddable":true,"href":"https:\/\/www.conselharan.org\/ca\/wp-json\/wp\/v2\/categories?post=47813"},{"taxonomy":"post_tag","embeddable":true,"href":"https:\/\/www.conselharan.org\/ca\/wp-json\/wp\/v2\/tags?post=47813"}],"curies":[{"name":"wp","href":"https:\/\/api.w.org\/{rel}","templated":true}]}}