{"id":47827,"date":"2022-03-31T08:48:09","date_gmt":"2022-03-31T06:48:09","guid":{"rendered":"https:\/\/www.conselharan.org\/era-sindica-daran-samasse-damb-secretari-generau-dinfraestructures-der-estat\/"},"modified":"2022-03-31T09:00:12","modified_gmt":"2022-03-31T07:00:12","slug":"era-sindica-daran-samasse-damb-secretari-generau-dinfraestructures-der-estat","status":"publish","type":"post","link":"https:\/\/www.conselharan.org\/ca\/era-sindica-daran-samasse-damb-secretari-generau-dinfraestructures-der-estat\/","title":{"rendered":"La s\u00edndica d&#8217;Aran es reuneix amb el Secretari General d&#8217;Infraestructures de l&#8217;Estat"},"content":{"rendered":"<p><a href=\"https:\/\/www.conselharan.org\/wp-content\/uploads\/2022\/03\/Image-2022-03-30-at-2.59.29-PM.jpeg\"><img loading=\"lazy\" decoding=\"async\" class=\"aligncenter wp-image-47816 size-full\" src=\"https:\/\/www.conselharan.org\/wp-content\/uploads\/2022\/03\/Image-2022-03-30-at-2.59.29-PM.jpeg\" alt=\"\" width=\"1024\" height=\"683\" srcset=\"https:\/\/www.conselharan.org\/wp-content\/uploads\/2022\/03\/Image-2022-03-30-at-2.59.29-PM.jpeg 1024w, https:\/\/www.conselharan.org\/wp-content\/uploads\/2022\/03\/Image-2022-03-30-at-2.59.29-PM-300x200.jpeg 300w, https:\/\/www.conselharan.org\/wp-content\/uploads\/2022\/03\/Image-2022-03-30-at-2.59.29-PM-768x512.jpeg 768w\" sizes=\"(max-width: 1024px) 100vw, 1024px\" \/><\/a><\/p>\n<ul>\n<li>\n<h3><strong>Acompanyada pels presidents de les Diputacions d&#8217;Osca i Lleida, Miguel Gracia i Joan Talarn, i dels presidents de les comarques de la Ribagor\u00e7a catalana, M\u00aa Jos\u00e9 Erta, i aragonesa, Marcel Iglesias, la s\u00edndica d&#8217;Aran, Maria Verg\u00e9s, va assistir ahir a Madrid a una reuni\u00f3 de treball amb el Secretari General d&#8217;Infraestructures de l&#8217;Estat, Xavier Flores, per a tractar sobre la situaci\u00f3 de la N-230 on van acordar treballar conjuntament per a la seva millora<\/strong><\/h3>\n<\/li>\n<\/ul>\n<p>Ahir al mat\u00ed, la s\u00edndica d&#8217;Aran, Maria Verg\u00e9s, juntament amb els presidents de les Diputacions d&#8217;Osca i Lleida, Miguel Gracia i Joan Talarn, i dels presidents de les comarques de la Ribagor\u00e7a catalana, M\u00aa Jos\u00e9 Erta, i aragonesa, Marcel Iglesias, va mantenir una reuni\u00f3 de treball amb el Secretari General d&#8217;Infraestructures de l&#8217;Estat, Xavier Flores, per a plantejar possibles solucions a la millora de la carretera N-230 i debatre sobre els projectes en curs referents a aquesta via.<\/p>\n<p>Durant la trobada es va acordar abordar, de forma prioritzada i consensuada amb el territori, les actuacions necess\u00e0ries per a la millora d&#8217;aquesta via que es troba entre una de les m\u00e9s perilloses de l&#8217;Estat.<\/p>\n<p>Aix\u00ed mateix, totes les parts van coincidir en la necessitat de completar i resoldre la problem\u00e0tica generada pel pas de vehicles pesants en la N-230 fins la Val d&#8217;Aran millorant la funcionalitat i condicions de seguretat. En aquest sentit, es va acordar per part del Ministeri de Transports, Mobilitat i Agenda Urbana dissenyar un calendari d&#8217;actuacions i projectes a dur a terme que es presentar\u00e0 en les pr\u00f2ximes setmanes i una nova reuni\u00f3 entre els representants dels territoris pels quals passa aquesta via.<\/p>\n<p>Per a la s\u00edndica d&#8217;Aran, aquesta trobada \u201cha estat molt important at\u00e8s que no sempre es t\u00e9 en compte l&#8217;opini\u00f3 i la veu del territori, d&#8217;Aran en aquest cas, i comencem una nova etapa que ha de permetre que, en no massa temps, puguin comen\u00e7ar-se a veure actuacions de millora en la N-230 que ajudin a millorar la seva seguretat i sostenibilitat ambiental i territorial\u201d, aix\u00ed mateix la s\u00edndica ha volgut \u201cagrair la predisposici\u00f3 del Secretari General, que coneix la nostra realitat, aix\u00ed com la dels presidents de les diputacions i comarques amb els qui treballem conjuntament en aquest assumpte\u201d.<\/p>\n ","protected":false},"excerpt":{"rendered":"<p>Acompanyada pels presidents de les Diputacions d&#8217;Osca i Lleida, Miguel Gracia i Joan Talarn, i dels presidents de les comarques de la Ribagor\u00e7a catalana, M\u00aa Jos\u00e9 Erta, i aragonesa, Marcel Iglesias, la s\u00edndica d&#8217;Aran, Maria Verg\u00e9s, va assistir ahir a Madrid a una reuni\u00f3 de treball amb el Secretari General d&#8217;Infraestructures de l&#8217;Estat, Xavier Flores,&#8230;<\/p>\n","protected":false},"author":10,"featured_media":47817,"comment_status":"closed","ping_status":"closed","sticky":false,"template":"","format":"standard","meta":{"footnotes":""},"categories":[],"tags":[],"_links":{"self":[{"href":"https:\/\/www.conselharan.org\/ca\/wp-json\/wp\/v2\/posts\/47827"}],"collection":[{"href":"https:\/\/www.conselharan.org\/ca\/wp-json\/wp\/v2\/posts"}],"about":[{"href":"https:\/\/www.conselharan.org\/ca\/wp-json\/wp\/v2\/types\/post"}],"author":[{"embeddable":true,"href":"https:\/\/www.conselharan.org\/ca\/wp-json\/wp\/v2\/users\/10"}],"replies":[{"embeddable":true,"href":"https:\/\/www.conselharan.org\/ca\/wp-json\/wp\/v2\/comments?post=47827"}],"version-history":[{"count":1,"href":"https:\/\/www.conselharan.org\/ca\/wp-json\/wp\/v2\/posts\/47827\/revisions"}],"predecessor-version":[{"id":47828,"href":"https:\/\/www.conselharan.org\/ca\/wp-json\/wp\/v2\/posts\/47827\/revisions\/47828"}],"wp:featuredmedia":[{"embeddable":true,"href":"https:\/\/www.conselharan.org\/ca\/wp-json\/wp\/v2\/media\/47817"}],"wp:attachment":[{"href":"https:\/\/www.conselharan.org\/ca\/wp-json\/wp\/v2\/media?parent=47827"}],"wp:term":[{"taxonomy":"category","embeddable":true,"href":"https:\/\/www.conselharan.org\/ca\/wp-json\/wp\/v2\/categories?post=47827"},{"taxonomy":"post_tag","embeddable":true,"href":"https:\/\/www.conselharan.org\/ca\/wp-json\/wp\/v2\/tags?post=47827"}],"curies":[{"name":"wp","href":"https:\/\/api.w.org\/{rel}","templated":true}]}}