{"id":47845,"date":"2022-03-31T15:18:50","date_gmt":"2022-03-31T13:18:50","guid":{"rendered":"https:\/\/www.conselharan.org\/era-sindica-daran-recep-ara-secretaria-de-salut-publica-dera-generalitat\/"},"modified":"2022-03-31T15:22:49","modified_gmt":"2022-03-31T13:22:49","slug":"era-sindica-daran-recep-ara-secretaria-de-salut-publica-dera-generalitat","status":"publish","type":"post","link":"https:\/\/www.conselharan.org\/ca\/era-sindica-daran-recep-ara-secretaria-de-salut-publica-dera-generalitat\/","title":{"rendered":"La s\u00edndica d&#8217;Aran rep a la secret\u00e0ria de Salut P\u00fablica de la Generalitat"},"content":{"rendered":"\n\t\t<style type=\"text\/css\">\n\t\t\t#gallery-1 {\n\t\t\t\tmargin: auto;\n\t\t\t}\n\t\t\t#gallery-1 .gallery-item {\n\t\t\t\tfloat: left;\n\t\t\t\tmargin-top: 10px;\n\t\t\t\ttext-align: center;\n\t\t\t\twidth: 50%;\n\t\t\t}\n\t\t\t#gallery-1 img {\n\t\t\t\tborder: 2px solid #cfcfcf;\n\t\t\t}\n\t\t\t#gallery-1 .gallery-caption {\n\t\t\t\tmargin-left: 0;\n\t\t\t}\n\t\t\t\/* see gallery_shortcode() in wp-includes\/media.php *\/\n\t\t<\/style>\n\t\t<div id='gallery-1' class='gallery galleryid-47845 gallery-columns-2 gallery-size-large'><dl class='gallery-item'>\n\t\t\t<dt class='gallery-icon landscape'>\n\t\t\t\t<a href='https:\/\/www.conselharan.org\/ca\/era-sindica-daran-recep-ara-secretaria-de-salut-publica-dera-generalitat\/img_3451-2\/'><img loading=\"lazy\" decoding=\"async\" width=\"1024\" height=\"768\" src=\"https:\/\/www.conselharan.org\/wp-content\/uploads\/2022\/03\/IMG_3451-1024x768.jpg\" class=\"attachment-large size-large\" alt=\"\" srcset=\"https:\/\/www.conselharan.org\/wp-content\/uploads\/2022\/03\/IMG_3451-1024x768.jpg 1024w, https:\/\/www.conselharan.org\/wp-content\/uploads\/2022\/03\/IMG_3451-300x225.jpg 300w, https:\/\/www.conselharan.org\/wp-content\/uploads\/2022\/03\/IMG_3451-768x576.jpg 768w, https:\/\/www.conselharan.org\/wp-content\/uploads\/2022\/03\/IMG_3451-1536x1152.jpg 1536w, https:\/\/www.conselharan.org\/wp-content\/uploads\/2022\/03\/IMG_3451-2048x1536.jpg 2048w\" sizes=\"(max-width: 1024px) 100vw, 1024px\" \/><\/a>\n\t\t\t<\/dt><\/dl><dl class='gallery-item'>\n\t\t\t<dt class='gallery-icon landscape'>\n\t\t\t\t<a href='https:\/\/www.conselharan.org\/ca\/era-sindica-daran-recep-ara-secretaria-de-salut-publica-dera-generalitat\/img_3459-2\/'><img loading=\"lazy\" decoding=\"async\" width=\"1024\" height=\"768\" src=\"https:\/\/www.conselharan.org\/wp-content\/uploads\/2022\/03\/IMG_3459-1024x768.jpg\" class=\"attachment-large size-large\" alt=\"\" srcset=\"https:\/\/www.conselharan.org\/wp-content\/uploads\/2022\/03\/IMG_3459-1024x768.jpg 1024w, https:\/\/www.conselharan.org\/wp-content\/uploads\/2022\/03\/IMG_3459-300x225.jpg 300w, https:\/\/www.conselharan.org\/wp-content\/uploads\/2022\/03\/IMG_3459-768x576.jpg 768w, https:\/\/www.conselharan.org\/wp-content\/uploads\/2022\/03\/IMG_3459-1536x1152.jpg 1536w, https:\/\/www.conselharan.org\/wp-content\/uploads\/2022\/03\/IMG_3459-2048x1536.jpg 2048w\" sizes=\"(max-width: 1024px) 100vw, 1024px\" \/><\/a>\n\t\t\t<\/dt><\/dl><br style=\"clear: both\" \/>\n\t\t<\/div>\n\n<h3><\/h3>\n<ul>\n<li>\n<h3><strong>Durant la reuni\u00f3 de treball mantinguda aquest mat\u00ed a la seu del Conselh Generau d\u2019Aran, s&#8217;ha valorat l&#8217;evoluci\u00f3 de la pand\u00e8mia al nostre territori i, tant la s\u00edndica d&#8217;Aran com la secret\u00e0ria de Salut P\u00fablica, han coincidit en la import\u00e0ncia de continuar treballant de manera conjunta en q\u00fcestions de salut p\u00fablica, al mateix temps que es garanteix l&#8217;autonomia de la Val d&#8217;Aran en aquest \u00e0mbit<\/strong><\/h3>\n<\/li>\n<\/ul>\n<p>La s\u00edndica d&#8217;Aran, Maria Verg\u00e9s, ha rebut avui a la secret\u00e0ria de Salut P\u00fablica de la Generalitat de Catalunya, Carme Cabezas, amb qui ha mantingut una reuni\u00f3 de treball en la qual han estat presents tamb\u00e9 la directora del SABS, Maria \u00c0ngels Borr\u00e0s, el director-gerent d&#8217;AranSalut, Jordi Vilana, el gerent de la Regi\u00f3 Sanit\u00e0ria de l&#8217;Alt Pirineu i Aran, Felip Benavent, aix\u00ed com altres representants d&#8217;Aran Salut i CatSalut.<\/p>\n<p>Durant aquesta reuni\u00f3, s&#8217;ha posat en valor la import\u00e0ncia de la relaci\u00f3 entre el Conselh Generau d\u2019Aran i el Departament de Salut de la Generalitat, en aquest sentit, cal destacar que el govern d&#8217;Aran forma part del Consell de Salut de Catalunya, presidit pel propi conseller de Salut, Josep M\u00aa Argimon. En aquesta trobada tamb\u00e9 s&#8217;ha valorat l&#8217;evoluci\u00f3 de la pand\u00e8mia a la Val d&#8217;Aran, aix\u00ed com les accions de col\u00b7laboraci\u00f3 que es duen a terme amb el servei de Salut P\u00fablica tant de Lleida com de Barcelona.<\/p>\n<p>\u201cDes del Conselh Generau d\u2019Aran estem molt agra\u00efts per la visita de la secret\u00e0ria general i per la predisposici\u00f3 a treballar de manera conjunta amb nosaltres en q\u00fcestions de desenvolupament de l&#8217;\u00e0mbit de salut p\u00fablica al nostre territori\u201d afirmava la s\u00edndica d&#8217;Aran, afegint que: \u201cmalgrat mantenir la nostra autonomia en aquest \u00e0mbit, \u00e9s molt important per a nosaltres seguir vinculats al Departament de Salut i continuar col\u00b7laborant per a aconseguir una millor atenci\u00f3 a les persones al nostre territori\u201d.<\/p>\n ","protected":false},"excerpt":{"rendered":"<p>Durant la reuni\u00f3 de treball mantinguda aquest mat\u00ed a la seu del Conselh Generau d\u2019Aran, s&#8217;ha valorat l&#8217;evoluci\u00f3 de la pand\u00e8mia al nostre territori i, tant la s\u00edndica d&#8217;Aran com la secret\u00e0ria de Salut P\u00fablica, han coincidit en la import\u00e0ncia de continuar treballant de manera conjunta en q\u00fcestions de salut p\u00fablica, al mateix temps que&#8230;<\/p>\n","protected":false},"author":10,"featured_media":47837,"comment_status":"closed","ping_status":"closed","sticky":false,"template":"","format":"standard","meta":{"footnotes":""},"categories":[],"tags":[],"_links":{"self":[{"href":"https:\/\/www.conselharan.org\/ca\/wp-json\/wp\/v2\/posts\/47845"}],"collection":[{"href":"https:\/\/www.conselharan.org\/ca\/wp-json\/wp\/v2\/posts"}],"about":[{"href":"https:\/\/www.conselharan.org\/ca\/wp-json\/wp\/v2\/types\/post"}],"author":[{"embeddable":true,"href":"https:\/\/www.conselharan.org\/ca\/wp-json\/wp\/v2\/users\/10"}],"replies":[{"embeddable":true,"href":"https:\/\/www.conselharan.org\/ca\/wp-json\/wp\/v2\/comments?post=47845"}],"version-history":[{"count":1,"href":"https:\/\/www.conselharan.org\/ca\/wp-json\/wp\/v2\/posts\/47845\/revisions"}],"predecessor-version":[{"id":47846,"href":"https:\/\/www.conselharan.org\/ca\/wp-json\/wp\/v2\/posts\/47845\/revisions\/47846"}],"wp:featuredmedia":[{"embeddable":true,"href":"https:\/\/www.conselharan.org\/ca\/wp-json\/wp\/v2\/media\/47837"}],"wp:attachment":[{"href":"https:\/\/www.conselharan.org\/ca\/wp-json\/wp\/v2\/media?parent=47845"}],"wp:term":[{"taxonomy":"category","embeddable":true,"href":"https:\/\/www.conselharan.org\/ca\/wp-json\/wp\/v2\/categories?post=47845"},{"taxonomy":"post_tag","embeddable":true,"href":"https:\/\/www.conselharan.org\/ca\/wp-json\/wp\/v2\/tags?post=47845"}],"curies":[{"name":"wp","href":"https:\/\/api.w.org\/{rel}","templated":true}]}}