{"id":48056,"date":"2022-04-13T12:06:17","date_gmt":"2022-04-13T10:06:17","guid":{"rendered":"https:\/\/www.conselharan.org\/eth-conselh-generau-daran-met-en-foncionament-un-plan-pilot-de-proteccion-ath-bestiar-gros-damb-cans-de-proteccion\/"},"modified":"2022-04-13T12:12:34","modified_gmt":"2022-04-13T10:12:34","slug":"eth-conselh-generau-daran-met-en-foncionament-un-plan-pilot-de-proteccion-ath-bestiar-gros-damb-cans-de-proteccion","status":"publish","type":"post","link":"https:\/\/www.conselharan.org\/ca\/eth-conselh-generau-daran-met-en-foncionament-un-plan-pilot-de-proteccion-ath-bestiar-gros-damb-cans-de-proteccion\/","title":{"rendered":"El Conselh Generau d\u2019Aran posa en funcionament un pla pilot de protecci\u00f3 al bestiar amb gossos de protecci\u00f3"},"content":{"rendered":"<p><a href=\"https:\/\/www.conselharan.org\/wp-content\/uploads\/2022\/04\/WhatsApp-Image-2022-04-06-at-2.01.17-PM.jpeg\"><img loading=\"lazy\" decoding=\"async\" class=\"aligncenter wp-image-48040 size-large\" src=\"https:\/\/www.conselharan.org\/wp-content\/uploads\/2022\/04\/WhatsApp-Image-2022-04-06-at-2.01.17-PM-1024x1024.jpeg\" alt=\"\" width=\"1024\" height=\"1024\" srcset=\"https:\/\/www.conselharan.org\/wp-content\/uploads\/2022\/04\/WhatsApp-Image-2022-04-06-at-2.01.17-PM-1024x1024.jpeg 1024w, https:\/\/www.conselharan.org\/wp-content\/uploads\/2022\/04\/WhatsApp-Image-2022-04-06-at-2.01.17-PM-300x300.jpeg 300w, https:\/\/www.conselharan.org\/wp-content\/uploads\/2022\/04\/WhatsApp-Image-2022-04-06-at-2.01.17-PM-150x150.jpeg 150w, https:\/\/www.conselharan.org\/wp-content\/uploads\/2022\/04\/WhatsApp-Image-2022-04-06-at-2.01.17-PM-768x768.jpeg 768w, https:\/\/www.conselharan.org\/wp-content\/uploads\/2022\/04\/WhatsApp-Image-2022-04-06-at-2.01.17-PM-1536x1536.jpeg 1536w, https:\/\/www.conselharan.org\/wp-content\/uploads\/2022\/04\/WhatsApp-Image-2022-04-06-at-2.01.17-PM-270x270.jpeg 270w, https:\/\/www.conselharan.org\/wp-content\/uploads\/2022\/04\/WhatsApp-Image-2022-04-06-at-2.01.17-PM-207x207.jpeg 207w, https:\/\/www.conselharan.org\/wp-content\/uploads\/2022\/04\/WhatsApp-Image-2022-04-06-at-2.01.17-PM-75x75.jpeg 75w, https:\/\/www.conselharan.org\/wp-content\/uploads\/2022\/04\/WhatsApp-Image-2022-04-06-at-2.01.17-PM.jpeg 1600w\" sizes=\"(max-width: 1024px) 100vw, 1024px\" \/><\/a><\/p>\n<ul>\n<li>\n<h3><strong>Aquesta prova pilot \u00e9s el resultat de l&#8217;intercanvi d&#8217;experi\u00e8ncies entre el Conselh Generau d\u2019Aran, la Generalitat de Catalunya i la Junta de Castella i Lle\u00f3 dut a terme el mes de novembre passat a Lle\u00f3, on l&#8217;\u00fas de gossos de protecci\u00f3 est\u00e0 implementat des de fa molts anys i dona bons resultats, facilitant la conviv\u00e8ncia entre ramaderia i fauna salvatge<\/strong><\/h3>\n<\/li>\n<\/ul>\n<p>El Conselh Generau d\u2019Aran ha posat en funcionament un pla pilot per a protegir el bestiar bov\u00ed i equ\u00ed de possibles atacs d&#8217;ossos amb gossos de protecci\u00f3, una mesura implementada en territoris com Castella i Lle\u00f3 amb molt bons resultats.<\/p>\n<p>El Conselh Generau d\u2019Aran, la Generalitat de Catalunya i la Junta de Castella i Lle\u00f3 van participar durant el mes de novembre passat en un intercanvi de coneixements i experi\u00e8ncies sobre la conviv\u00e8ncia de la ramaderia i la fauna salvatge, visitant diferents explotacions ramaderes i ap\u00edcoles de Lle\u00f3 i posant en com\u00fa diferents l\u00ednies de treball en aquesta mat\u00e8ria, entre elles, l&#8217;\u00fas de gossos de protecci\u00f3.<\/p>\n<p>A trav\u00e9s d&#8217;aquesta prova pilot, el Conselh Generau d\u2019Aran ha posat a disposici\u00f3 d&#8217;un ramader de Les tres cadells de mast\u00ed del Pirineu per a iniciar el per\u00edode d&#8217;implementaci\u00f3 a un ramat equ\u00ed, aquesta implementaci\u00f3 consisteix en l&#8217;adaptaci\u00f3 dels gossos als cavalls per a establir un vincle amb ells pel qual desenvoluparan un instint de protecci\u00f3.<\/p>\n<p>A m\u00e9s, s&#8217;ha posat tamb\u00e9 a disposici\u00f3 d&#8217;un ramader de Mont un altre gos de protecci\u00f3 de sis anys i amb experi\u00e8ncia pr\u00e8via per a implementar al seu ramat de cavalls.<\/p>\n<p>\u201cDes del Conselh Generau d\u2019Aran portem temps treballant intensament per a trobar solucions a la problem\u00e0tica dels atacs d&#8217;os al bestiar bov\u00ed i equ\u00ed que hem estat patint els \u00faltims anys i pensem que aquesta forma de protecci\u00f3 podria ser una bona soluci\u00f3\u201d, afirma el conseller de Territori, Paisatge i Gesti\u00f3 Ambiental, Franc\u00e9s Bruna, que ha volgut tamb\u00e9 \u201cagrair la predisposici\u00f3 dels dos ramaders que han accedit a col\u00b7laborar amb nosaltres per a implementar aquesta prova pilot amb els gossos de protecci\u00f3\u201d.<\/p>\n\n\t\t<style type=\"text\/css\">\n\t\t\t#gallery-1 {\n\t\t\t\tmargin: auto;\n\t\t\t}\n\t\t\t#gallery-1 .gallery-item {\n\t\t\t\tfloat: left;\n\t\t\t\tmargin-top: 10px;\n\t\t\t\ttext-align: center;\n\t\t\t\twidth: 50%;\n\t\t\t}\n\t\t\t#gallery-1 img {\n\t\t\t\tborder: 2px solid #cfcfcf;\n\t\t\t}\n\t\t\t#gallery-1 .gallery-caption {\n\t\t\t\tmargin-left: 0;\n\t\t\t}\n\t\t\t\/* see gallery_shortcode() in wp-includes\/media.php *\/\n\t\t<\/style>\n\t\t<div id='gallery-1' class='gallery galleryid-48056 gallery-columns-2 gallery-size-large'><dl class='gallery-item'>\n\t\t\t<dt class='gallery-icon portrait'>\n\t\t\t\t<a href='https:\/\/www.conselharan.org\/ca\/eth-conselh-generau-daran-met-en-foncionament-un-plan-pilot-de-proteccion-ath-bestiar-gros-damb-cans-de-proteccion\/whatsapp-image-2022-04-06-at-2-00-21-pm-2\/'><img loading=\"lazy\" decoding=\"async\" width=\"768\" height=\"1024\" src=\"https:\/\/www.conselharan.org\/wp-content\/uploads\/2022\/04\/WhatsApp-Image-2022-04-06-at-2.00.21-PM.jpeg\" class=\"attachment-large size-large\" alt=\"\" srcset=\"https:\/\/www.conselharan.org\/wp-content\/uploads\/2022\/04\/WhatsApp-Image-2022-04-06-at-2.00.21-PM.jpeg 768w, https:\/\/www.conselharan.org\/wp-content\/uploads\/2022\/04\/WhatsApp-Image-2022-04-06-at-2.00.21-PM-225x300.jpeg 225w\" sizes=\"(max-width: 768px) 100vw, 768px\" \/><\/a>\n\t\t\t<\/dt><\/dl><dl class='gallery-item'>\n\t\t\t<dt class='gallery-icon portrait'>\n\t\t\t\t<a href='https:\/\/www.conselharan.org\/ca\/eth-conselh-generau-daran-met-en-foncionament-un-plan-pilot-de-proteccion-ath-bestiar-gros-damb-cans-de-proteccion\/whatsapp-image-2022-04-06-at-2-00-20-pm-2\/'><img loading=\"lazy\" decoding=\"async\" width=\"576\" height=\"1024\" src=\"https:\/\/www.conselharan.org\/wp-content\/uploads\/2022\/04\/WhatsApp-Image-2022-04-06-at-2.00.20-PM.jpeg\" class=\"attachment-large size-large\" alt=\"\" srcset=\"https:\/\/www.conselharan.org\/wp-content\/uploads\/2022\/04\/WhatsApp-Image-2022-04-06-at-2.00.20-PM.jpeg 576w, https:\/\/www.conselharan.org\/wp-content\/uploads\/2022\/04\/WhatsApp-Image-2022-04-06-at-2.00.20-PM-169x300.jpeg 169w\" sizes=\"(max-width: 576px) 100vw, 576px\" \/><\/a>\n\t\t\t<\/dt><\/dl><br style=\"clear: both\" \/>\n\t\t<\/div>\n\n ","protected":false},"excerpt":{"rendered":"<p>Aquesta prova pilot \u00e9s el resultat de l&#8217;intercanvi d&#8217;experi\u00e8ncies entre el Conselh Generau d\u2019Aran, la Generalitat de Catalunya i la Junta de Castella i Lle\u00f3 dut a terme el mes de novembre passat a Lle\u00f3, on l&#8217;\u00fas de gossos de protecci\u00f3 est\u00e0 implementat des de fa molts anys i dona bons resultats, facilitant la conviv\u00e8ncia&#8230;<\/p>\n","protected":false},"author":10,"featured_media":48041,"comment_status":"closed","ping_status":"closed","sticky":false,"template":"","format":"standard","meta":{"footnotes":""},"categories":[53,127],"tags":[],"_links":{"self":[{"href":"https:\/\/www.conselharan.org\/ca\/wp-json\/wp\/v2\/posts\/48056"}],"collection":[{"href":"https:\/\/www.conselharan.org\/ca\/wp-json\/wp\/v2\/posts"}],"about":[{"href":"https:\/\/www.conselharan.org\/ca\/wp-json\/wp\/v2\/types\/post"}],"author":[{"embeddable":true,"href":"https:\/\/www.conselharan.org\/ca\/wp-json\/wp\/v2\/users\/10"}],"replies":[{"embeddable":true,"href":"https:\/\/www.conselharan.org\/ca\/wp-json\/wp\/v2\/comments?post=48056"}],"version-history":[{"count":1,"href":"https:\/\/www.conselharan.org\/ca\/wp-json\/wp\/v2\/posts\/48056\/revisions"}],"predecessor-version":[{"id":48057,"href":"https:\/\/www.conselharan.org\/ca\/wp-json\/wp\/v2\/posts\/48056\/revisions\/48057"}],"wp:featuredmedia":[{"embeddable":true,"href":"https:\/\/www.conselharan.org\/ca\/wp-json\/wp\/v2\/media\/48041"}],"wp:attachment":[{"href":"https:\/\/www.conselharan.org\/ca\/wp-json\/wp\/v2\/media?parent=48056"}],"wp:term":[{"taxonomy":"category","embeddable":true,"href":"https:\/\/www.conselharan.org\/ca\/wp-json\/wp\/v2\/categories?post=48056"},{"taxonomy":"post_tag","embeddable":true,"href":"https:\/\/www.conselharan.org\/ca\/wp-json\/wp\/v2\/tags?post=48056"}],"curies":[{"name":"wp","href":"https:\/\/api.w.org\/{rel}","templated":true}]}}