{"id":4813,"date":"2014-09-16T15:42:47","date_gmt":"2014-09-16T13:42:47","guid":{"rendered":"http:\/\/www.conselharan.org\/?p=4813"},"modified":"2014-09-16T15:42:47","modified_gmt":"2014-09-16T13:42:47","slug":"linstitut-destudis-aranesi-academia-aranesa-dera-lengua-occitana-dona-comptes-sobre-lestat-actual-de-lacademia","status":"publish","type":"post","link":"https:\/\/www.conselharan.org\/ca\/linstitut-destudis-aranesi-academia-aranesa-dera-lengua-occitana-dona-comptes-sobre-lestat-actual-de-lacademia\/","title":{"rendered":"L\u2019Institut d\u2019Estudis Aranesi-Acad\u00e9mia Aranesa dera Lengua Occitana d\u00f3na comptes sobre l\u2019estat actual de l\u2019Acad\u00e9mia"},"content":{"rendered":"<p>Diversos membres de <strong>l&#8217;Institut d\u2019Estudis Aranesi-Acad\u00e9mia Aranesa dera Lengua Occitana, han comparegut en el Ple del Conselh Generau d\u2019Aran per donar comptes sobre l&#8217;estat actual de la constituci\u00f3 de l&#8217;IEA en Acad\u00e8mia.<\/strong> En aquest sentit, l&#8217;organisme compta amb un <strong>Consell Permanent<\/strong> format per: <strong>Jus\u00e8p Lo\u00eds Sans com a president, Angelina Cases com a vicepresidenta, Rosa Maria Salgueiro com a secret\u00e0ria i Miqu\u00e8u Segal\u00e0s com a vocal<\/strong>, tots ells presents en la sessi\u00f3.<\/p>\n<p>Ara mateix, l&#8217;Acad\u00e8mia est\u00e0 formada provisionalment per <strong>15 membres<\/strong> dividits en dues seccions: <strong>10 en la secci\u00f3 aranesa<\/strong>, que t\u00e9 l&#8217;autoritat sobre la normativa ling\u00fc\u00edstica, la topon\u00edmia i l&#8217;onom\u00e0stica araneses, i <strong>5 en la secci\u00f3 st\u00e0ndard<\/strong>,\u00a0 per aconsellar sobre la unitat de la llengua occitana i el tronc com\u00fa. De totes maneres, l&#8217;Acad\u00e8mia podria arribar a un total de 21 membres, ja que hi ha la possibilitat de que pugui tenir nous acad\u00e8mics i que s&#8217;incorporin noves seccions a l&#8217;Acad\u00e8mia. Podr\u00e0 tenir membres corresponents i honor\u00edfics i tamb\u00e9 podr\u00e0 haver-hi societats filials i entitats corresponents.<\/p>\n<p><a href=\"http:\/\/www.conselharan.org\/wp-content\/uploads\/2014\/09\/la-foto-1.jpg\"><img loading=\"lazy\" decoding=\"async\" class=\"aligncenter size-large wp-image-4809\" alt=\"la foto 1\" src=\"http:\/\/www.conselharan.org\/wp-content\/uploads\/2014\/09\/la-foto-1-1024x768.jpg\" width=\"1024\" height=\"768\" srcset=\"https:\/\/www.conselharan.org\/wp-content\/uploads\/2014\/09\/la-foto-1-1024x768.jpg 1024w, https:\/\/www.conselharan.org\/wp-content\/uploads\/2014\/09\/la-foto-1-300x225.jpg 300w\" sizes=\"(max-width: 1024px) 100vw, 1024px\" \/><\/a><\/p>\n<p>Durant la sessi\u00f3 es va remarcar quines s\u00f3n les funcions b\u00e0siques de l&#8217;Acad\u00e8mia, de les quals podr\u00edem destacar: establir i actualitzar la norma ling\u00fc\u00edstica de la varietat aranesa de l&#8217;occit\u00e0 i vetllar per que el proc\u00e9s de normativitzaci\u00f3 d&#8217;aquesta llengua sigui coherent per a tot el seu \u00e0mbit ling\u00fc\u00edstic, i \u00e9s l&#8217;autoritat per l&#8217;assessorament que, en mat\u00e8ria de llengua occitana, li sigui sol\u00b7licitat per les administracions p\u00fabliques i els organismes que en depenen, i tamb\u00e9 pels centres d&#8217;ensenyament p\u00fablics i privats i pels medis de comunicaci\u00f3 de titularitat p\u00fablica, d&#8217;acord amb l&#8217;article 4 de la Llei 35\/2010, de 1 d&#8217;octubre, de l&#8217;occit\u00e0, aran\u00e8s a l\u2019Aran.<\/p>\n<p>A m\u00e9s a m\u00e9s, la condici\u00f3 de membre de l&#8217;IEA-AALO \u00e9s vital\u00edcia. Els c\u00e0rrecs s\u00f3n escollits per un per\u00edode de quatre anys i nom\u00e9s podran renovar-se en una reelecci\u00f3. Per prendre possessi\u00f3 de qualsevol c\u00e0rrec \u00e9s imprescindible la lectura d&#8217;un discurs d&#8217;entrada. Ara falta elaborar nom\u00e9s un Reglament de R\u00e8gim Intern perqu\u00e8 es pugui treballar amb total normalitat.<\/p>\n<p>El Ple del Conselh Generau d\u2019Aran reunit en sessi\u00f3 ordin\u00e0ria ha acordat per unanimitat la incorporaci\u00f3 del Conselh al Patronat Catalunya M\u00f3n-Consell Diplom\u00e0cia P\u00fablica de Catalunya (PCM-DIPLOCAT). El PCM-DIPLOCAT \u00e9s un consorci p\u00fablic-privat dissenyat per fomentar el di\u00e0leg i construir relacions entre Catalunya i la resta del m\u00f3n.<\/p>\n<p>En paraules del Mgfc. S\u00edndic d\u2019Aran, <strong>Carlos Barrera, \u201camb aquest acord, que ha de ser ratificat pel plenari del PCM-DIPLOCAT, tenim l&#8217;oportunitat de donar a con\u00e8ixer la realitat i singularitat d\u2019Aran, la seva cultura i les seves institucions a tot el m\u00f3n\u201d<\/strong>.<\/p>\n<p>En aquest mateix acord s\u2019ha designat al Vicesindic Prum\u00e8r d\u2019Aran, Mgfc. Sr. <strong>Luis Carlos Medina<\/strong>, com a <strong>representant del Conselh Generau en aquest consorci<\/strong>.<\/p>\n<p>D\u2019Altra banda, en aquesta mateixa sessi\u00f3 plen\u00e0ria s\u2019ha aprovat amb els vots favorables del grup de CDA i l&#8217;abstenci\u00f3 dels grups d\u2019UA-PSC i del PRAG, el compte general del Conselh Generau, dels seus organismes aut\u00f2noms, de les seves societats mercantils i de la seva entitat empresarial corresponent a l&#8217;exercici 2013.<\/p>\n<p>En una alta ordre de coses, el S\u00edndic d\u2019Aran, Carlos Barrera, ha donat compte al Ple del Conselh Generau d\u2019Aran de les actuacions de restituci\u00f3 dels marges i de la retirada de les restes vegetals perqu\u00e8 es recuperi el curs fluvial del riu Garona, que la CHEbro ha previst realitzar abans de la finalitzaci\u00f3 d\u2019aquest 2014.<\/p>\n ","protected":false},"excerpt":{"rendered":"<p>Diversos membres de l&#8217;Institut d\u2019Estudis Aranesi-Acad\u00e9mia Aranesa dera Lengua Occitana, han comparegut en el Ple del Conselh Generau d\u2019Aran per donar comptes sobre l&#8217;estat actual de la constituci\u00f3 de l&#8217;IEA en Acad\u00e8mia. En aquest sentit, l&#8217;organisme compta amb un Consell Permanent format per: Jus\u00e8p Lo\u00eds Sans com a president, Angelina Cases com a vicepresidenta, Rosa&#8230;<\/p>\n","protected":false},"author":2,"featured_media":4809,"comment_status":"closed","ping_status":"closed","sticky":false,"template":"","format":"standard","meta":{"footnotes":""},"categories":[31,33,36],"tags":[],"_links":{"self":[{"href":"https:\/\/www.conselharan.org\/ca\/wp-json\/wp\/v2\/posts\/4813"}],"collection":[{"href":"https:\/\/www.conselharan.org\/ca\/wp-json\/wp\/v2\/posts"}],"about":[{"href":"https:\/\/www.conselharan.org\/ca\/wp-json\/wp\/v2\/types\/post"}],"author":[{"embeddable":true,"href":"https:\/\/www.conselharan.org\/ca\/wp-json\/wp\/v2\/users\/2"}],"replies":[{"embeddable":true,"href":"https:\/\/www.conselharan.org\/ca\/wp-json\/wp\/v2\/comments?post=4813"}],"version-history":[{"count":1,"href":"https:\/\/www.conselharan.org\/ca\/wp-json\/wp\/v2\/posts\/4813\/revisions"}],"predecessor-version":[{"id":4814,"href":"https:\/\/www.conselharan.org\/ca\/wp-json\/wp\/v2\/posts\/4813\/revisions\/4814"}],"wp:featuredmedia":[{"embeddable":true,"href":"https:\/\/www.conselharan.org\/ca\/wp-json\/wp\/v2\/media\/4809"}],"wp:attachment":[{"href":"https:\/\/www.conselharan.org\/ca\/wp-json\/wp\/v2\/media?parent=4813"}],"wp:term":[{"taxonomy":"category","embeddable":true,"href":"https:\/\/www.conselharan.org\/ca\/wp-json\/wp\/v2\/categories?post=4813"},{"taxonomy":"post_tag","embeddable":true,"href":"https:\/\/www.conselharan.org\/ca\/wp-json\/wp\/v2\/tags?post=4813"}],"curies":[{"name":"wp","href":"https:\/\/api.w.org\/{rel}","templated":true}]}}