{"id":48205,"date":"2022-04-27T15:02:07","date_gmt":"2022-04-27T13:02:07","guid":{"rendered":"https:\/\/www.conselharan.org\/se-confirme-eth-prumer-atac-dos-a-ua-oelha-en-gessa\/"},"modified":"2022-04-27T15:05:54","modified_gmt":"2022-04-27T13:05:54","slug":"se-confirme-eth-prumer-atac-dos-a-ua-oelha-en-gessa","status":"publish","type":"post","link":"https:\/\/www.conselharan.org\/ca\/se-confirme-eth-prumer-atac-dos-a-ua-oelha-en-gessa\/","title":{"rendered":"Es confirma un atac d&#8217;os a una ovella a Gessa"},"content":{"rendered":"<p><a href=\"https:\/\/www.conselharan.org\/wp-content\/uploads\/2022\/04\/Peada-os.jpg\"><img loading=\"lazy\" decoding=\"async\" class=\"aligncenter wp-image-48197 size-large\" src=\"https:\/\/www.conselharan.org\/wp-content\/uploads\/2022\/04\/Peada-os-768x1024.jpg\" alt=\"\" width=\"768\" height=\"1024\" srcset=\"https:\/\/www.conselharan.org\/wp-content\/uploads\/2022\/04\/Peada-os-768x1024.jpg 768w, https:\/\/www.conselharan.org\/wp-content\/uploads\/2022\/04\/Peada-os-225x300.jpg 225w, https:\/\/www.conselharan.org\/wp-content\/uploads\/2022\/04\/Peada-os-1152x1536.jpg 1152w, https:\/\/www.conselharan.org\/wp-content\/uploads\/2022\/04\/Peada-os.jpg 1536w\" sizes=\"(max-width: 768px) 100vw, 768px\" \/><\/a><\/p>\n<ul>\n<li>\n<h3><strong>Seguint els protocols establerts, el Conselh Generau d\u2019Aran indemnitzar\u00e0 la mort de l&#8217;animal al ramader afectat per a cobrir la p\u00e8rdua del cap de bestiar perqu\u00e8 els indicis de la pres\u00e8ncia de l&#8217;os s\u00f3n evidents<\/strong><\/h3>\n<\/li>\n<\/ul>\n<p>La nit del passat dilluns es va produir un atac d&#8217;os a una ovella de quatre anys a Gessa, a pocs metres de la carretera.<\/p>\n<p>Els Agents de Medi Ambient del Conselh Generau d\u2019Aran es van acostar a la zona per a realitzar el peritatge, on van trobar indicis de la pres\u00e8ncia de l&#8217;os i tamb\u00e9 evid\u00e8ncies clares en les restes del cad\u00e0ver,<\/p>\n<p>El departament de Territori, Paisatge i Medi Ambient es far\u00e0 c\u00e0rrec de la compensaci\u00f3 al ramader afectat per a cobrir la p\u00e8rdua del cap de bestiar.<\/p>\n ","protected":false},"excerpt":{"rendered":"<p>Seguint els protocols establerts, el Conselh Generau d\u2019Aran indemnitzar\u00e0 la mort de l&#8217;animal al ramader afectat per a cobrir la p\u00e8rdua del cap de bestiar perqu\u00e8 els indicis de la pres\u00e8ncia de l&#8217;os s\u00f3n evidents La nit del passat dilluns es va produir un atac d&#8217;os a una ovella de quatre anys a Gessa, a&#8230;<\/p>\n","protected":false},"author":10,"featured_media":48198,"comment_status":"closed","ping_status":"closed","sticky":false,"template":"","format":"standard","meta":{"footnotes":""},"categories":[],"tags":[],"_links":{"self":[{"href":"https:\/\/www.conselharan.org\/ca\/wp-json\/wp\/v2\/posts\/48205"}],"collection":[{"href":"https:\/\/www.conselharan.org\/ca\/wp-json\/wp\/v2\/posts"}],"about":[{"href":"https:\/\/www.conselharan.org\/ca\/wp-json\/wp\/v2\/types\/post"}],"author":[{"embeddable":true,"href":"https:\/\/www.conselharan.org\/ca\/wp-json\/wp\/v2\/users\/10"}],"replies":[{"embeddable":true,"href":"https:\/\/www.conselharan.org\/ca\/wp-json\/wp\/v2\/comments?post=48205"}],"version-history":[{"count":2,"href":"https:\/\/www.conselharan.org\/ca\/wp-json\/wp\/v2\/posts\/48205\/revisions"}],"predecessor-version":[{"id":48208,"href":"https:\/\/www.conselharan.org\/ca\/wp-json\/wp\/v2\/posts\/48205\/revisions\/48208"}],"wp:featuredmedia":[{"embeddable":true,"href":"https:\/\/www.conselharan.org\/ca\/wp-json\/wp\/v2\/media\/48198"}],"wp:attachment":[{"href":"https:\/\/www.conselharan.org\/ca\/wp-json\/wp\/v2\/media?parent=48205"}],"wp:term":[{"taxonomy":"category","embeddable":true,"href":"https:\/\/www.conselharan.org\/ca\/wp-json\/wp\/v2\/categories?post=48205"},{"taxonomy":"post_tag","embeddable":true,"href":"https:\/\/www.conselharan.org\/ca\/wp-json\/wp\/v2\/tags?post=48205"}],"curies":[{"name":"wp","href":"https:\/\/api.w.org\/{rel}","templated":true}]}}