{"id":48281,"date":"2022-05-03T14:48:55","date_gmt":"2022-05-03T12:48:55","guid":{"rendered":"https:\/\/www.conselharan.org\/eth-conselh-generau-daran-aufris-corsi-de-lenguatge-inclusiu-ena-administracion-entath-son-personau\/"},"modified":"2022-05-03T14:55:45","modified_gmt":"2022-05-03T12:55:45","slug":"eth-conselh-generau-daran-aufris-corsi-de-lenguatge-inclusiu-ena-administracion-entath-son-personau","status":"publish","type":"post","link":"https:\/\/www.conselharan.org\/ca\/eth-conselh-generau-daran-aufris-corsi-de-lenguatge-inclusiu-ena-administracion-entath-son-personau\/","title":{"rendered":"El Conselh Generau d\u2019Aran duu a terme cursos de llenguatge inclusiu en l&#8217;administraci\u00f3 per al seu personal"},"content":{"rendered":"<p><a href=\"https:\/\/www.conselharan.org\/wp-content\/uploads\/2022\/05\/IMG_3980-scaled.jpg\"><img loading=\"lazy\" decoding=\"async\" class=\"aligncenter wp-image-48272 size-large\" src=\"https:\/\/www.conselharan.org\/wp-content\/uploads\/2022\/05\/IMG_3980-1024x768.jpg\" alt=\"\" width=\"1024\" height=\"768\" srcset=\"https:\/\/www.conselharan.org\/wp-content\/uploads\/2022\/05\/IMG_3980-1024x768.jpg 1024w, https:\/\/www.conselharan.org\/wp-content\/uploads\/2022\/05\/IMG_3980-300x225.jpg 300w, https:\/\/www.conselharan.org\/wp-content\/uploads\/2022\/05\/IMG_3980-768x576.jpg 768w, https:\/\/www.conselharan.org\/wp-content\/uploads\/2022\/05\/IMG_3980-1536x1152.jpg 1536w, https:\/\/www.conselharan.org\/wp-content\/uploads\/2022\/05\/IMG_3980-2048x1536.jpg 2048w\" sizes=\"(max-width: 1024px) 100vw, 1024px\" \/><\/a><\/p>\n<ul>\n<li>\n<h3><strong>En aquesta mateixa l\u00ednia, el Conselh Generau d\u2019Aran ha editat la seva pr\u00f2pia \u201cGuia del llenguatge inclusiu en els textos administratius\u201d en aran\u00e8s, que es va repartir als assistents a aquestes formacions i que es far\u00e0 arribar tamb\u00e9, en les pr\u00f2ximes setmanes, a tots els ajuntaments del territori<\/strong><\/h3>\n<\/li>\n<\/ul>\n<p>La setmana passada, el personal del Conselh Generau d\u2019Aran va assistir a una formaci\u00f3 sobre llenguatge inclusiu en l&#8217;administraci\u00f3, una iniciativa promoguda per l&#8217;\u00e0rea d&#8217;Igualtat de la m\u00e0xima instituci\u00f3 aranesa. La formaci\u00f3 va ser impartida per les socioling\u00fcistes de la UdL Helena Torres i S\u00f2nia Mas.<\/p>\n<p>En aquestes jornades, els i les professionals de l&#8217;administraci\u00f3 van rebre instruments per a l&#8217;\u00fas d&#8217;un llenguatge que no discrimini cap persona en el desenvolupament de les seves funcions i es van fer diversos exercicis pr\u00e0ctics per a posar a prova els coneixements adquirits.<\/p>\n<p>En aquesta l\u00ednia, el Conselh Generau d\u2019Aran ha editat la seva pr\u00f2pia \u201cGuia del llenguatge inclusiu en els textos administratius\u201d, que es va repartir tamb\u00e9 entre els i les assistents a aquesta formaci\u00f3 i que es far\u00e0 arribar, en les pr\u00f2ximes setmanes, a tots els ajuntaments del nostre territori.<\/p>\n<p>\u201cAquestes accions responen a l&#8217;objectiu del govern del Conselh Generau d\u2019Aran de proposar formes per a utilitzar un llenguatge inclusiu i no sexista ni discriminatori amb cap persona dins de l&#8217;administraci\u00f3, per a fomentar la igualtat. I ho fem, per primera vegada, en la nostra llengua pr\u00f2pia, l&#8217;aran\u00e8s, que \u00e9s tamb\u00e9 l&#8217;oficial en l&#8217;administraci\u00f3 d&#8217;Aran\u201d, manifestava la s\u00edndica d&#8217;Aran, Maria Verg\u00e9s, que destacava la import\u00e0ncia d&#8217;aquestes accions perqu\u00e8 \u201cen l\u2019encastre de la igualtat, la llengua juga un paper fonamental perqu\u00e8 el llenguatge \u00e9s l&#8217;instrument de comunicaci\u00f3 entre les persones i est\u00e0 \u00edntimament relacionat amb el pensament i la vida social\u201d.<\/p>\n ","protected":false},"excerpt":{"rendered":"<p>En aquesta mateixa l\u00ednia, el Conselh Generau d\u2019Aran ha editat la seva pr\u00f2pia \u201cGuia del llenguatge inclusiu en els textos administratius\u201d en aran\u00e8s, que es va repartir als assistents a aquestes formacions i que es far\u00e0 arribar tamb\u00e9, en les pr\u00f2ximes setmanes, a tots els ajuntaments del territori La setmana passada, el personal del Conselh&#8230;<\/p>\n","protected":false},"author":10,"featured_media":48273,"comment_status":"closed","ping_status":"closed","sticky":false,"template":"","format":"standard","meta":{"footnotes":""},"categories":[],"tags":[],"_links":{"self":[{"href":"https:\/\/www.conselharan.org\/ca\/wp-json\/wp\/v2\/posts\/48281"}],"collection":[{"href":"https:\/\/www.conselharan.org\/ca\/wp-json\/wp\/v2\/posts"}],"about":[{"href":"https:\/\/www.conselharan.org\/ca\/wp-json\/wp\/v2\/types\/post"}],"author":[{"embeddable":true,"href":"https:\/\/www.conselharan.org\/ca\/wp-json\/wp\/v2\/users\/10"}],"replies":[{"embeddable":true,"href":"https:\/\/www.conselharan.org\/ca\/wp-json\/wp\/v2\/comments?post=48281"}],"version-history":[{"count":1,"href":"https:\/\/www.conselharan.org\/ca\/wp-json\/wp\/v2\/posts\/48281\/revisions"}],"predecessor-version":[{"id":48282,"href":"https:\/\/www.conselharan.org\/ca\/wp-json\/wp\/v2\/posts\/48281\/revisions\/48282"}],"wp:featuredmedia":[{"embeddable":true,"href":"https:\/\/www.conselharan.org\/ca\/wp-json\/wp\/v2\/media\/48273"}],"wp:attachment":[{"href":"https:\/\/www.conselharan.org\/ca\/wp-json\/wp\/v2\/media?parent=48281"}],"wp:term":[{"taxonomy":"category","embeddable":true,"href":"https:\/\/www.conselharan.org\/ca\/wp-json\/wp\/v2\/categories?post=48281"},{"taxonomy":"post_tag","embeddable":true,"href":"https:\/\/www.conselharan.org\/ca\/wp-json\/wp\/v2\/tags?post=48281"}],"curies":[{"name":"wp","href":"https:\/\/api.w.org\/{rel}","templated":true}]}}