{"id":48300,"date":"2022-05-05T14:33:36","date_gmt":"2022-05-05T12:33:36","guid":{"rendered":"https:\/\/www.conselharan.org\/eth-conselh-generau-daran-consolide-es-espacis-de-coworking-ena-val-daran\/"},"modified":"2022-05-05T14:35:32","modified_gmt":"2022-05-05T12:35:32","slug":"eth-conselh-generau-daran-consolide-es-espacis-de-coworking-ena-val-daran","status":"publish","type":"post","link":"https:\/\/www.conselharan.org\/ca\/eth-conselh-generau-daran-consolide-es-espacis-de-coworking-ena-val-daran\/","title":{"rendered":"El Conselh Generau d\u2019Aran consolida els espais de coworking a la Val d\u2019Aran"},"content":{"rendered":"<p><a href=\"https:\/\/www.conselharan.org\/wp-content\/uploads\/2022\/05\/IMG_4267-scaled.jpg\"><img loading=\"lazy\" decoding=\"async\" class=\"aligncenter wp-image-48292 size-large\" src=\"https:\/\/www.conselharan.org\/wp-content\/uploads\/2022\/05\/IMG_4267-1024x768.jpg\" alt=\"\" width=\"1024\" height=\"768\" srcset=\"https:\/\/www.conselharan.org\/wp-content\/uploads\/2022\/05\/IMG_4267-1024x768.jpg 1024w, https:\/\/www.conselharan.org\/wp-content\/uploads\/2022\/05\/IMG_4267-300x225.jpg 300w, https:\/\/www.conselharan.org\/wp-content\/uploads\/2022\/05\/IMG_4267-768x576.jpg 768w, https:\/\/www.conselharan.org\/wp-content\/uploads\/2022\/05\/IMG_4267-1536x1152.jpg 1536w, https:\/\/www.conselharan.org\/wp-content\/uploads\/2022\/05\/IMG_4267-2048x1536.jpg 2048w\" sizes=\"(max-width: 1024px) 100vw, 1024px\" \/><\/a><\/p>\n<ul>\n<li>\n<h3><strong>Aquests espais, situats al HUB d&#8217;innovaci\u00f3 rural H\u00e8Pic i el CEI de Casau, acolliran a persones emprenedores, petites empreses, startups o professionals independents perqu\u00e8 tinguin un lloc f\u00edsic on treballar, compartir idees i coneixements, i est\u00e0 previst que es posin en funcionament en les pr\u00f2ximes setmanes<\/strong><\/h3>\n<\/li>\n<\/ul>\n<p>El Ple del Conselh Generau d\u2019Aran ha aprovat avui, a la seva sessi\u00f3 extraordin\u00e0ria, el reglament dels espais de coworking al HUB d&#8217;innovaci\u00f3 rural H\u00e8Pic i al CEI de Casau.<\/p>\n<p>Els espais de coworking s\u00f3n oficines compartides on persones emprenedores, petites empreses, startups o professionals independents es donen cita per a treballar en un mateix espai, on poder crear una xarxa de contactes i compartir idees i coneixements.<\/p>\n<p>\u201cL&#8217;aposta del Conselh Generau d\u2019Aran per la creaci\u00f3, implementaci\u00f3 i expansi\u00f3 de projectes innovadores i sostenibles amb impacte positiu a la Val d\u2019Aran \u00e9s clara, i la creaci\u00f3 d&#8217;espais de coworking al nostre territori segueix la l\u00ednia d&#8217;aquesta aposta per la innovaci\u00f3 i la retenci\u00f3 del talent jove\u201d afirmava la s\u00edndica d&#8217;Aran, Maria Verg\u00e9s, afegint que: \u201cvolem oferir als joves emprenedors\/ws totes les facilitats a la nostra m\u00e0 perqu\u00e8 puguin aconseguir els seus objectius i dotar-los d&#8217;un espai f\u00edsic i facilitats a trav\u00e9s del nostre HUB d&#8217;innovaci\u00f3\u201d.<\/p>\n<p>Despr\u00e9s de l&#8217;aprovaci\u00f3 d&#8217;aquest reglament per part del Ple, la posada en funcionament d&#8217;aquests espais \u00e9s imminent i s&#8217;espera poder obrir-los al p\u00fablic en les pr\u00f2ximes setmanes.<\/p>\n<p>En aquest Ple s&#8217;ha aprovat tamb\u00e9 una modificaci\u00f3 de cr\u00e8dit que ha de permetre dur a terme algunes licitacions que han quedat desertes o han tingut una certa complexitat per les dificultats que es viu en aquests moments per la inflaci\u00f3.<\/p>\n<p>El Ple del Conselh Generau d\u2019Aran ha aprovat tamb\u00e9, per unanimitat, la declaraci\u00f3 de l&#8217;any 2022 com a Any Sandaran per a commemorar el 80 aniversari de la mort d&#8217;aquest insigne aran\u00e8s. Es realitzaran una s\u00e8rie d&#8217;actes com la presentaci\u00f3 del llibre sobre la vida i obra de Sandaran, la realitzaci\u00f3 d&#8217;un v\u00eddeo commemoratiu i altres activitats que s&#8217;aniran anunciant al llarg de l&#8217;any.<\/p>\n<p>A m\u00e9s, el Conselh Generau d\u2019Aran ha recuperat els Plens a la seu institucional de la m\u00e0xima instituci\u00f3 aranesa, la Casa deth Senhor d\u2019Arr\u00f2s, despr\u00e9s de dos anys d&#8217;haver-los celebrat tots a la seu administrativa a causa de la situaci\u00f3 sanit\u00e0ria.<\/p>\n ","protected":false},"excerpt":{"rendered":"<p>Aquests espais, situats al HUB d&#8217;innovaci\u00f3 rural H\u00e8Pic i el CEI de Casau, acolliran a persones emprenedores, petites empreses, startups o professionals independents perqu\u00e8 tinguin un lloc f\u00edsic on treballar, compartir idees i coneixements, i est\u00e0 previst que es posin en funcionament en les pr\u00f2ximes setmanes El Ple del Conselh Generau d\u2019Aran ha aprovat avui,&#8230;<\/p>\n","protected":false},"author":10,"featured_media":48293,"comment_status":"closed","ping_status":"closed","sticky":false,"template":"","format":"standard","meta":{"footnotes":""},"categories":[],"tags":[],"_links":{"self":[{"href":"https:\/\/www.conselharan.org\/ca\/wp-json\/wp\/v2\/posts\/48300"}],"collection":[{"href":"https:\/\/www.conselharan.org\/ca\/wp-json\/wp\/v2\/posts"}],"about":[{"href":"https:\/\/www.conselharan.org\/ca\/wp-json\/wp\/v2\/types\/post"}],"author":[{"embeddable":true,"href":"https:\/\/www.conselharan.org\/ca\/wp-json\/wp\/v2\/users\/10"}],"replies":[{"embeddable":true,"href":"https:\/\/www.conselharan.org\/ca\/wp-json\/wp\/v2\/comments?post=48300"}],"version-history":[{"count":1,"href":"https:\/\/www.conselharan.org\/ca\/wp-json\/wp\/v2\/posts\/48300\/revisions"}],"predecessor-version":[{"id":48301,"href":"https:\/\/www.conselharan.org\/ca\/wp-json\/wp\/v2\/posts\/48300\/revisions\/48301"}],"wp:featuredmedia":[{"embeddable":true,"href":"https:\/\/www.conselharan.org\/ca\/wp-json\/wp\/v2\/media\/48293"}],"wp:attachment":[{"href":"https:\/\/www.conselharan.org\/ca\/wp-json\/wp\/v2\/media?parent=48300"}],"wp:term":[{"taxonomy":"category","embeddable":true,"href":"https:\/\/www.conselharan.org\/ca\/wp-json\/wp\/v2\/categories?post=48300"},{"taxonomy":"post_tag","embeddable":true,"href":"https:\/\/www.conselharan.org\/ca\/wp-json\/wp\/v2\/tags?post=48300"}],"curies":[{"name":"wp","href":"https:\/\/api.w.org\/{rel}","templated":true}]}}