{"id":48352,"date":"2022-05-10T14:40:43","date_gmt":"2022-05-10T12:40:43","guid":{"rendered":"https:\/\/www.conselharan.org\/eth-museu-dera-val-daran-commemore-eth-dia-internacionau-des-museus-damb-ua-setmana-plea-dactivitats-culturaus\/"},"modified":"2022-05-10T14:45:07","modified_gmt":"2022-05-10T12:45:07","slug":"eth-museu-dera-val-daran-commemore-eth-dia-internacionau-des-museus-damb-ua-setmana-plea-dactivitats-culturaus","status":"publish","type":"post","link":"https:\/\/www.conselharan.org\/ca\/eth-museu-dera-val-daran-commemore-eth-dia-internacionau-des-museus-damb-ua-setmana-plea-dactivitats-culturaus\/","title":{"rendered":"El Mus\u00e8u dera Val d\u2019Aran conmemora el D\u00eda Internacional de los Museos con una semana llena de actividades culturales"},"content":{"rendered":"<p><a href=\"https:\/\/www.conselharan.org\/wp-content\/uploads\/2022\/05\/CARTELL-DIM-ARANES_OK.png\"><img loading=\"lazy\" decoding=\"async\" class=\"aligncenter wp-image-48342 size-full\" src=\"https:\/\/www.conselharan.org\/wp-content\/uploads\/2022\/05\/CARTELL-DIM-ARANES_OK.png\" alt=\"\" width=\"794\" height=\"864\" srcset=\"https:\/\/www.conselharan.org\/wp-content\/uploads\/2022\/05\/CARTELL-DIM-ARANES_OK.png 794w, https:\/\/www.conselharan.org\/wp-content\/uploads\/2022\/05\/CARTELL-DIM-ARANES_OK-276x300.png 276w, https:\/\/www.conselharan.org\/wp-content\/uploads\/2022\/05\/CARTELL-DIM-ARANES_OK-768x836.png 768w\" sizes=\"(max-width: 794px) 100vw, 794px\" \/><\/a><\/p>\n<ul>\n<li><strong>El Conselh Generau d\u2019Aran, a trav\u00e9s de su red de Mus\u00e8us dera Val d\u2019Aran, ha organizado un amplio abanico de actividades durante los d\u00edas 14 y 22 de mayo para conmemorar el D\u00eda Internacional de los Museos en Aran<\/strong><\/li>\n<\/ul>\n<p>Desde 1997, el International Council of Museums (ICOM) promueve que los museos de todo el mundo organicen actividades culturales alrededor del 18 de mayo (D\u00eda Internacional de los Museos) y el 14 de mayo (la Noche de los Museos).<\/p>\n<p>Este a\u00f1o la tem\u00e1tica propuesta por ICOM es \u201cEl poder de los museos\u201d y las actividades organizadas se han creado en relaci\u00f3n a los tres ejes principales: el poder de conseguir la sostenibilidad, el poder de la accesibilidad y el poder de construir comunidad.<\/p>\n<p>Desde la red de Museos de la Val d\u2019Aran se ha organizado un programa de acuerdo con estas directrices, pero tambi\u00e9n teniendo en cuenta el \u201cA\u00f1o de los Mitos\u201d, de manera que las acciones tendr\u00e1n como hilo conductor la mitolog\u00eda y las leyendas, tanto a nivel local como universal.<\/p>\n<p>En esta l\u00ednea, desde el Mus\u00e8u se han organizado acciones para el p\u00fablico general, especialmente destinadas a la comunidad local, teniendo en cuenta tambi\u00e9n a asociaciones locales, como la Associacion de Discapacitats d\u2019Aran (ADDA) y Hemnes de Les, para las que se han elaborado unas acciones especialmente personalizadas.<\/p>\n<p><strong><u>Programa especial con motivo de la conmemoraci\u00f3n del D\u00eda Internacional de <\/u><\/strong><strong><u>Museos: <\/u><\/strong><\/p>\n<p><strong><u>S\u00e1bado, 14 de mayo<\/u><\/strong><\/p>\n<p>22 horas \u2013 <strong>El Poder de la M\u00fasica<\/strong>:\u00a0 \u201cCuando llegan las musas\u201d<\/p>\n<p>Concierto de arpa con Berta Puigdemassa<\/p>\n<p>Recepci\u00f3n del Mus\u00e8u dera Val d\u2019Aran, Vielha<\/p>\n<p>P\u00fablico general. Sin reserva.<\/p>\n<p>&nbsp;<\/p>\n<p><strong><u>Mi\u00e9rcoles, 18 de mayo<\/u><\/strong><\/p>\n<p>19 horas\u00a0 &#8211; <strong>Eth Poder Dera Op\u00e8ra<\/strong>: \u201cEr Orf\u00e8u de Claudio Monteverdi: m\u00e8s enl\u00e0 deth mite\u201d<\/p>\n<p>Conferencia musicada con el music\u00f3logo Oriol P\u00e9rez i Trevi\u00f1o<\/p>\n<p>Recepci\u00f3n del Mus\u00e8u dera Val d\u2019Aran, Vielha<\/p>\n<p>P\u00fablico general. Sin reserva.<\/p>\n<p>&nbsp;<\/p>\n<p><strong><u>Jueves, 19 de mayo<\/u><\/strong><\/p>\n<p>18 horas &#8211;\u00a0 <strong>Eth Poder Dera Mem\u00f2ria<\/strong>: \u201cMites, legendes e rebrembes des carr\u00e8rs de Les\u201d<\/p>\n<p>Itinerario a pie por el pueblo de Les, desde la plaza del Haro hasta la capilla de Sant Blas<\/p>\n<p>Actividad dirigida a la <em>Associacion<\/em> <em>Hemnes de Les. <\/em><\/p>\n<p>&nbsp;<\/p>\n<p><strong><u>Viernes, 20 de mayo<\/u><\/strong><\/p>\n<p>10:30 horas &#8211; <em>\u00a0<\/em><strong>Personatges Damb Superpoders<\/strong>: \u201cTorna-te un \u00e8ster poder\u00f3s\u201d<\/p>\n<p>Taller de caracterizaci\u00f3n de personajes heroicos con material reciclado<\/p>\n<p>Mus\u00e8u dera Val d\u2019Aran, Vielha<\/p>\n<p>Actividad dirigida a la Associacion de Discapacitats d\u2019Aran (ADDA).<\/p>\n<p>&nbsp;<\/p>\n<p>10:30 horas &#8211; <em>\u00a0<\/em><strong>Personatges Damb Superpoders<\/strong>: \u201cTorna-te un \u00e8ster poder\u00f3s\u201d<\/p>\n<p>Talh\u00e8r de caracterizaci\u00f3n de personajes heroicos con\u00a0 material reciclado<\/p>\n<p>Mus\u00e8u dera Val d\u2019Aran, Vielha<\/p>\n<p>Actividad infantil, recomendada de 8-11 a\u00f1os. Reserva por adelantado a trav\u00e9s del tel\u00e9fono del Mus\u00e8u dera Val d\u2019Aran (973 64 18 15).<\/p>\n<p>&nbsp;<\/p>\n<p><strong><u>S\u00e1bado, 21 de mayo\u00a0 <\/u><\/strong><\/p>\n<p>21horas &#8211;\u00a0 <strong>Eth Poder Des Esteles<\/strong>: \u201cIst\u00f2ries der univ\u00e8rs\u201d<\/p>\n<p>Observaci\u00f3n del cielo con telescopio, explicaci\u00f3n en clave mitol\u00f3gica, con Verd e Blu e Obaga.<\/p>\n<p>Lugar de encuentro: parking de la entrada de Vilam\u00f3s<\/p>\n<p>P\u00fablico general. Reserva por adelantado a trav\u00e9s del tel\u00e9fono del Mus\u00e8u dera Val d\u2019Aran (973 64 18 15).<\/p>\n<p><strong>\u00a0<\/strong><\/p>\n<p><strong>Adem\u00e1s, entre los d\u00edas 14 y 22 de mayo, los Mus\u00e8us d\u2019Aran se podr\u00e1n visitar de forma gratuita:<\/strong><\/p>\n<p>&nbsp;<\/p>\n<p><strong>Mus\u00e8u dera Val d\u2019Aran, Vielha<\/strong><\/p>\n<p>De martes a s\u00e1bado: de 10-13:30 horas y de 17-20 horas<\/p>\n<p>Dimenge: de 10-13:30 horas<\/p>\n<p>Lunes cerrado<\/p>\n<p><strong>Ecomus\u00e8u \u00e7\u00f2 de Joanchiquet, Vilam\u00f2s<\/strong><\/p>\n<p>De martes a s\u00e1bado: de 11-14 horas y de 16-19 horas<\/p>\n<p>Domingo: de 11-14 horas<\/p>\n<p>Lunes cerrado<\/p>\n<p><strong>Mus\u00e8u dera Nh\u00e8u, Unha<\/strong><\/p>\n<p>De martes a mi\u00e9rcoles: de 10-13 horas<\/p>\n<p>De jueves a s\u00e1bado: de 17-20 horas<\/p>\n<p>Cerrado los\u00a0 d\u00edas 14, 15, 16 y 22 de mayo<\/p>\n ","protected":false},"excerpt":{"rendered":"<p>El Conselh Generau d\u2019Aran, a trav\u00e9s de su red de Mus\u00e8us dera Val d\u2019Aran, ha organizado un amplio abanico de actividades durante los d\u00edas 14 y 22 de mayo para conmemorar el D\u00eda Internacional de los Museos en Aran Desde 1997, el International Council of Museums (ICOM) promueve que los museos de todo el mundo&#8230;<\/p>\n","protected":false},"author":10,"featured_media":48343,"comment_status":"closed","ping_status":"closed","sticky":false,"template":"","format":"standard","meta":{"footnotes":""},"categories":[],"tags":[],"_links":{"self":[{"href":"https:\/\/www.conselharan.org\/ca\/wp-json\/wp\/v2\/posts\/48352"}],"collection":[{"href":"https:\/\/www.conselharan.org\/ca\/wp-json\/wp\/v2\/posts"}],"about":[{"href":"https:\/\/www.conselharan.org\/ca\/wp-json\/wp\/v2\/types\/post"}],"author":[{"embeddable":true,"href":"https:\/\/www.conselharan.org\/ca\/wp-json\/wp\/v2\/users\/10"}],"replies":[{"embeddable":true,"href":"https:\/\/www.conselharan.org\/ca\/wp-json\/wp\/v2\/comments?post=48352"}],"version-history":[{"count":1,"href":"https:\/\/www.conselharan.org\/ca\/wp-json\/wp\/v2\/posts\/48352\/revisions"}],"predecessor-version":[{"id":48353,"href":"https:\/\/www.conselharan.org\/ca\/wp-json\/wp\/v2\/posts\/48352\/revisions\/48353"}],"wp:featuredmedia":[{"embeddable":true,"href":"https:\/\/www.conselharan.org\/ca\/wp-json\/wp\/v2\/media\/48343"}],"wp:attachment":[{"href":"https:\/\/www.conselharan.org\/ca\/wp-json\/wp\/v2\/media?parent=48352"}],"wp:term":[{"taxonomy":"category","embeddable":true,"href":"https:\/\/www.conselharan.org\/ca\/wp-json\/wp\/v2\/categories?post=48352"},{"taxonomy":"post_tag","embeddable":true,"href":"https:\/\/www.conselharan.org\/ca\/wp-json\/wp\/v2\/tags?post=48352"}],"curies":[{"name":"wp","href":"https:\/\/api.w.org\/{rel}","templated":true}]}}