{"id":48370,"date":"2022-05-11T11:13:06","date_gmt":"2022-05-11T09:13:06","guid":{"rendered":"https:\/\/www.conselharan.org\/era-sindica-daran-repren-es-sues-visites-as-tercons-dera-val-daran\/"},"modified":"2022-05-11T11:28:56","modified_gmt":"2022-05-11T09:28:56","slug":"era-sindica-daran-repren-es-sues-visites-as-tercons-dera-val-daran","status":"publish","type":"post","link":"https:\/\/www.conselharan.org\/ca\/era-sindica-daran-repren-es-sues-visites-as-tercons-dera-val-daran\/","title":{"rendered":"La s\u00edndica d&#8217;Aran repr\u00e8n les seves visites als ter\u00e7ons de la Val d&#8217;Aran"},"content":{"rendered":"<p><a href=\"https:\/\/www.conselharan.org\/wp-content\/uploads\/2022\/05\/Castie\u0300ro_Cat.png\"><img loading=\"lazy\" decoding=\"async\" class=\"aligncenter wp-image-48371 size-large\" src=\"https:\/\/www.conselharan.org\/wp-content\/uploads\/2022\/05\/Castie\u0300ro_Cat-819x1024.png\" alt=\"\" width=\"819\" height=\"1024\" srcset=\"https:\/\/www.conselharan.org\/wp-content\/uploads\/2022\/05\/Castie\u0300ro_Cat-819x1024.png 819w, https:\/\/www.conselharan.org\/wp-content\/uploads\/2022\/05\/Castie\u0300ro_Cat-240x300.png 240w, https:\/\/www.conselharan.org\/wp-content\/uploads\/2022\/05\/Castie\u0300ro_Cat-768x960.png 768w, https:\/\/www.conselharan.org\/wp-content\/uploads\/2022\/05\/Castie\u0300ro_Cat.png 1080w\" sizes=\"(max-width: 819px) 100vw, 819px\" \/><\/a><\/p>\n<ul>\n<li>\n<h3><strong>Durant aquesta ronda de visites, que es va dur a terme per primera vegada la tardor passada, la s\u00edndica es reunir\u00e0 amb els alcaldes i alcaldesses de cada ter\u00e7on i s&#8217;entrevistar\u00e0 amb la ciutadania que, sota cita pr\u00e8via, vulgui reunir-se amb ella i amb els consellers i conselleres del govern a cada ter\u00e7on per a plantejar-los els assumptes que considerin oportuns <\/strong><\/h3>\n<\/li>\n<li>\n<h3><strong>Aquesta iniciativa respon a la voluntat del govern del Conselh Generau d\u2019Aran de potenciar la proximitat i la comunicaci\u00f3 bidireccional amb la ciutadania aranesa<\/strong><\/h3>\n<\/li>\n<\/ul>\n<p>La s\u00edndica d&#8217;Aran, Maria Verg\u00e9s, acompanyada pels consellers i conselleres del govern a cada ter\u00e7on, iniciar\u00e0 la setmana vinent una nova ronda de visites als diferents ter\u00e7ons de la Val d&#8217;Aran per a reunir-se amb els alcaldes i alcaldesses, rebre a la ciutadania que tingui algun assumpte a exposar i con\u00e8ixer aix\u00ed de primera m\u00e0 les necessitats de cada lloc.<\/p>\n<p>\u201cAquestes visites, que ja vam realitzar la passada tardor per primera vegada, responen a la voluntat del govern del Conselh Generau de potenciar la proximitat amb la ciutadania aranesa, conscients que la transpar\u00e8ncia i la comunicaci\u00f3 s\u00f3n q\u00fcestions claus per a, d&#8217;una banda, donar a con\u00e8ixer el treball que el govern d&#8217;Aran duu a terme i, per l&#8217;altra, rebre les opinions i preocupacions dels nostres ve\u00efns i ve\u00efnes\u201d, explicava la s\u00edndica d&#8217;Aran.<\/p>\n<p>Dimecres que ve, 18 de maig, la s\u00edndica visitar\u00e0 el ter\u00e7on de Casti\u00e8ro. Les persones que vulguin reunir-se amb ella i els consellers del govern, podran sol\u00b7licitar una cita enviant un email a <a href=\"mailto:sindicatura@aran.org\">sindicatura@aran.org<\/a> o telefonant al 973 64 18 01.<\/p>\n<p>&nbsp;<\/p>\n ","protected":false},"excerpt":{"rendered":"<p>Durant aquesta ronda de visites, que es va dur a terme per primera vegada la tardor passada, la s\u00edndica es reunir\u00e0 amb els alcaldes i alcaldesses de cada ter\u00e7on i s&#8217;entrevistar\u00e0 amb la ciutadania que, sota cita pr\u00e8via, vulgui reunir-se amb ella i amb els consellers i conselleres del govern a cada ter\u00e7on per a&#8230;<\/p>\n","protected":false},"author":10,"featured_media":48371,"comment_status":"closed","ping_status":"closed","sticky":false,"template":"","format":"standard","meta":{"footnotes":""},"categories":[],"tags":[],"_links":{"self":[{"href":"https:\/\/www.conselharan.org\/ca\/wp-json\/wp\/v2\/posts\/48370"}],"collection":[{"href":"https:\/\/www.conselharan.org\/ca\/wp-json\/wp\/v2\/posts"}],"about":[{"href":"https:\/\/www.conselharan.org\/ca\/wp-json\/wp\/v2\/types\/post"}],"author":[{"embeddable":true,"href":"https:\/\/www.conselharan.org\/ca\/wp-json\/wp\/v2\/users\/10"}],"replies":[{"embeddable":true,"href":"https:\/\/www.conselharan.org\/ca\/wp-json\/wp\/v2\/comments?post=48370"}],"version-history":[{"count":1,"href":"https:\/\/www.conselharan.org\/ca\/wp-json\/wp\/v2\/posts\/48370\/revisions"}],"predecessor-version":[{"id":48374,"href":"https:\/\/www.conselharan.org\/ca\/wp-json\/wp\/v2\/posts\/48370\/revisions\/48374"}],"wp:featuredmedia":[{"embeddable":true,"href":"https:\/\/www.conselharan.org\/ca\/wp-json\/wp\/v2\/media\/48371"}],"wp:attachment":[{"href":"https:\/\/www.conselharan.org\/ca\/wp-json\/wp\/v2\/media?parent=48370"}],"wp:term":[{"taxonomy":"category","embeddable":true,"href":"https:\/\/www.conselharan.org\/ca\/wp-json\/wp\/v2\/categories?post=48370"},{"taxonomy":"post_tag","embeddable":true,"href":"https:\/\/www.conselharan.org\/ca\/wp-json\/wp\/v2\/tags?post=48370"}],"curies":[{"name":"wp","href":"https:\/\/api.w.org\/{rel}","templated":true}]}}