{"id":48548,"date":"2022-05-24T14:49:46","date_gmt":"2022-05-24T12:49:46","guid":{"rendered":"https:\/\/www.conselharan.org\/eth-conselh-generau-daran-autrejara-a-titol-postum-eth-reconeishement-daranes-illustre-ar-exsindic-carlos-barrera\/"},"modified":"2022-05-24T14:49:46","modified_gmt":"2022-05-24T12:49:46","slug":"eth-conselh-generau-daran-autrejara-a-titol-postum-eth-reconeishement-daranes-illustre-ar-exsindic-carlos-barrera","status":"publish","type":"post","link":"https:\/\/www.conselharan.org\/ca\/eth-conselh-generau-daran-autrejara-a-titol-postum-eth-reconeishement-daranes-illustre-ar-exsindic-carlos-barrera\/","title":{"rendered":"El Conselh Generau d\u2019Aran otorgar\u00e1, a t\u00edtulo p\u00f3stumo, el reconocimiento de Aran\u00e9s Ilustre al ex s\u00edndico Carlos Barrera"},"content":{"rendered":"<p><a href=\"https:\/\/www.conselharan.org\/wp-content\/uploads\/2022\/04\/thumbnail_20160617_GKMPH_0384.jpeg\"><img loading=\"lazy\" decoding=\"async\" class=\"aligncenter wp-image-48023 size-large\" src=\"https:\/\/www.conselharan.org\/wp-content\/uploads\/2022\/04\/thumbnail_20160617_GKMPH_0384-1024x682.jpeg\" alt=\"\" width=\"1024\" height=\"682\" srcset=\"https:\/\/www.conselharan.org\/wp-content\/uploads\/2022\/04\/thumbnail_20160617_GKMPH_0384-1024x682.jpeg 1024w, https:\/\/www.conselharan.org\/wp-content\/uploads\/2022\/04\/thumbnail_20160617_GKMPH_0384-300x200.jpeg 300w, https:\/\/www.conselharan.org\/wp-content\/uploads\/2022\/04\/thumbnail_20160617_GKMPH_0384-768x512.jpeg 768w, https:\/\/www.conselharan.org\/wp-content\/uploads\/2022\/04\/thumbnail_20160617_GKMPH_0384.jpeg 1280w\" sizes=\"(max-width: 1024px) 100vw, 1024px\" \/><\/a><\/p>\n<ul>\n<li>\n<h3><strong>La s\u00edndica de Aran convocar\u00e1 en los pr\u00f3ximos d\u00edas un Pleno extraordinario del Conselh Generau d\u2019Aran para presentar la propuesta que ser\u00e1 debatida y votada por las consejeras y consejeros generales, tal como marca el reglamento que regula este tipo de honores <\/strong><\/h3>\n<\/li>\n<\/ul>\n<p>El gobierno del Conselh Generau d\u2019Aran conceder\u00e1 a Carlos Barrera la distinci\u00f3n de Aran\u00e9s Ilustre a t\u00edtulo p\u00f3stumo.<\/p>\n<p>\u201cDesde el gobierno de Aran queremos otorgar al s\u00edndico Barrera, a t\u00edtulo p\u00f3stumo, esta distinci\u00f3n como muestra de reconocimiento a todos los a\u00f1os al frente de la m\u00e1xima instituci\u00f3n aranesa, trabajando por Aran, su autogobierno y su ciudadan\u00eda con compromiso y lealtad al territorio\u201d, explicaba la s\u00edndica de Aran, Maria Verg\u00e9s.<\/p>\n<p>El t\u00edtulo de Aran\u00e9s Ilustre es la m\u00e1xima distinci\u00f3n que otorga el Conselh Generau, \u00a0tal y como marca el Reglamento de Honores y Distinciones de la m\u00e1xima instituci\u00f3n aranesa, aprobado por el Pleno del Conselh, que establece que: \u201cla concesi\u00f3n del t\u00edtulo de Aran\u00e9s\/a Ilustre\/a solo podr\u00e1 recaer en aquellas personas que, habiendo nacido en la Val d\u2019Aran, hayan destacado de forma extraordinaria por cualidades y m\u00e9ritos personales o por servicios prestados en beneficio o honor de la Val d\u2019Aran que hayan contribuido de forma indiscutible al bien p\u00fablico\u201d.<\/p>\n<p>En los pr\u00f3ximos d\u00edas, se llevar\u00e1 a cabo un pleno extraordinario en el cual se presentar\u00e1 la propuesta que ser\u00e1 debatida y votada por los consejeros y consejeras generales, tal como marca el reglamento.<\/p>\n ","protected":false},"excerpt":{"rendered":"<p>La s\u00edndica de Aran convocar\u00e1 en los pr\u00f3ximos d\u00edas un Pleno extraordinario del Conselh Generau d\u2019Aran para presentar la propuesta que ser\u00e1 debatida y votada por las consejeras y consejeros generales, tal como marca el reglamento que regula este tipo de honores El gobierno del Conselh Generau d\u2019Aran conceder\u00e1 a Carlos Barrera la distinci\u00f3n de&#8230;<\/p>\n","protected":false},"author":10,"featured_media":48024,"comment_status":"closed","ping_status":"closed","sticky":false,"template":"","format":"standard","meta":{"footnotes":""},"categories":[33],"tags":[],"_links":{"self":[{"href":"https:\/\/www.conselharan.org\/ca\/wp-json\/wp\/v2\/posts\/48548"}],"collection":[{"href":"https:\/\/www.conselharan.org\/ca\/wp-json\/wp\/v2\/posts"}],"about":[{"href":"https:\/\/www.conselharan.org\/ca\/wp-json\/wp\/v2\/types\/post"}],"author":[{"embeddable":true,"href":"https:\/\/www.conselharan.org\/ca\/wp-json\/wp\/v2\/users\/10"}],"replies":[{"embeddable":true,"href":"https:\/\/www.conselharan.org\/ca\/wp-json\/wp\/v2\/comments?post=48548"}],"version-history":[{"count":0,"href":"https:\/\/www.conselharan.org\/ca\/wp-json\/wp\/v2\/posts\/48548\/revisions"}],"wp:featuredmedia":[{"embeddable":true,"href":"https:\/\/www.conselharan.org\/ca\/wp-json\/wp\/v2\/media\/48024"}],"wp:attachment":[{"href":"https:\/\/www.conselharan.org\/ca\/wp-json\/wp\/v2\/media?parent=48548"}],"wp:term":[{"taxonomy":"category","embeddable":true,"href":"https:\/\/www.conselharan.org\/ca\/wp-json\/wp\/v2\/categories?post=48548"},{"taxonomy":"post_tag","embeddable":true,"href":"https:\/\/www.conselharan.org\/ca\/wp-json\/wp\/v2\/tags?post=48548"}],"curies":[{"name":"wp","href":"https:\/\/api.w.org\/{rel}","templated":true}]}}