{"id":48584,"date":"2022-05-26T13:38:56","date_gmt":"2022-05-26T11:38:56","guid":{"rendered":"https:\/\/www.conselharan.org\/eth-conselh-generau-daran-e-era-generalitat-de-catalunya-impulsen-era-agenda-de-mobilitat-sostenibla-dera-val-daran-e-era-melhora-dera-c-28\/"},"modified":"2022-05-26T13:46:41","modified_gmt":"2022-05-26T11:46:41","slug":"eth-conselh-generau-daran-e-era-generalitat-de-catalunya-impulsen-era-agenda-de-mobilitat-sostenibla-dera-val-daran-e-era-melhora-dera-c-28","status":"publish","type":"post","link":"https:\/\/www.conselharan.org\/ca\/eth-conselh-generau-daran-e-era-generalitat-de-catalunya-impulsen-era-agenda-de-mobilitat-sostenibla-dera-val-daran-e-era-melhora-dera-c-28\/","title":{"rendered":"El Conselh Generau d\u2019Aran i la Generalitat de Catalunya impulsen l&#8217;Agenda de Mobilitat Sostenible de la Val d&#8217;Aran i la millora de la C-28"},"content":{"rendered":"<p><a href=\"https:\/\/www.conselharan.org\/wp-content\/uploads\/2022\/05\/WhatsApp-Image-2022-05-26-at-1.30.32-PM.jpeg\"><img loading=\"lazy\" decoding=\"async\" class=\"aligncenter wp-image-48576 size-full\" src=\"https:\/\/www.conselharan.org\/wp-content\/uploads\/2022\/05\/WhatsApp-Image-2022-05-26-at-1.30.32-PM.jpeg\" alt=\"\" width=\"1024\" height=\"768\" srcset=\"https:\/\/www.conselharan.org\/wp-content\/uploads\/2022\/05\/WhatsApp-Image-2022-05-26-at-1.30.32-PM.jpeg 1024w, https:\/\/www.conselharan.org\/wp-content\/uploads\/2022\/05\/WhatsApp-Image-2022-05-26-at-1.30.32-PM-300x225.jpeg 300w, https:\/\/www.conselharan.org\/wp-content\/uploads\/2022\/05\/WhatsApp-Image-2022-05-26-at-1.30.32-PM-768x576.jpeg 768w\" sizes=\"(max-width: 1024px) 100vw, 1024px\" \/><\/a><\/p>\n<ul>\n<li>\n<h3><strong>La s\u00edndica d&#8217;Aran va acordar la setmana passada amb el secretari general de Territori de la Generalitat iniciar els treballs per abordar de manera conjunta les possibles millores per la C-28 al seu tram entre Vielha i Naut Aran i impulsar tamb\u00e9 una Agenda de Mobilitat Sostenible de la Val d&#8217;Aran que permeti al nostre territori avan\u00e7ar a un model de desenvolupament m\u00e9s sostenible i que sigui tamb\u00e9 un element potenciador de la nostra economia<\/strong><\/h3>\n<\/li>\n<\/ul>\n<p>La setmana passada, durant la reuni\u00f3 mantinguda entre els representants del Conselh Generau d\u2019Aran i el departament de Pol\u00edtiques Digitals i Territori de la Generalitat, presidida per la s\u00edndica d\u2019Aran, Maria Verg\u00e9s, el secretari general de Vicepresid\u00e8ncia, Pol\u00edtiques Digitals i Territori, Ricard Font, i el secretari de Territori i Mobilitat, Isidre Gav\u00edn, i que va comptar tamb\u00e9 amb la pres\u00e8ncia del secretari general per al Repte Demogr\u00e0fic, Franc\u00e9s Boya, i l&#8217;alcalde de Naut Aran, C\u00e9sar Ruiz-Canela, es va acordar iniciar els treballs entre la Generalitat i el Conselh Generau per a tractar assumptes relacionats amb la mobilitat al territori, entre ells la millora i adequaci\u00f3 de la carretera C-28.<\/p>\n<p>\u201cL&#8217;objectiu que compartim \u00e9s el d&#8217;abordar de manera integral la mobilitat de la Val d&#8217;Aran i, per tant, les possibles solucions per a la C-28 en el seu tram de Vielha a Naut Aran i la seva connexi\u00f3 amb la N-230, per\u00f2 tamb\u00e9 volem impulsar una Agenda de Mobilitat del territori que ens permeti avan\u00e7ar a un nou model de desenvolupament m\u00e9s sostenible i que tamb\u00e9 sigui un element potenciador de la nostra economia\u201d, afirmava la s\u00edndica d&#8217;Aran.<\/p>\n<p>Durant aquesta reuni\u00f3, es va manifestar la voluntat del Conselh Generau i la Generalitat d&#8217;abordar els reptes en mat\u00e8ria de mobilitat de la Val d&#8217;Aran i les problem\u00e0tiques de la C-28 de manera conjunta, trobant solucions a una problem\u00e0tica hist\u00f2rica del territori, i fer-ho de manera coordinada amb el govern de l&#8217;Estat, amb qui ja s&#8217;ha acordat, a trav\u00e9s de la secretaria general d&#8217;infraestructures, treballar en la millora de la N-230.<\/p>\n<p>En la trobada es van tractar tamb\u00e9 les possibilitats en mat\u00e8ria de transport p\u00fablic i la xarxa ciclable de la Val d&#8217;Aran per a incloure aquesta proposta a la millora de la C-28. En aquest sentit, el departament de Territori de la Generalitat dur\u00e0 a terme la contractaci\u00f3 d&#8217;un equip de suport per a la redacci\u00f3 d&#8217;aquesta agenda i dels projectes a impulsar.<\/p>\n ","protected":false},"excerpt":{"rendered":"<p>La s\u00edndica d&#8217;Aran va acordar la setmana passada amb el secretari general de Territori de la Generalitat iniciar els treballs per abordar de manera conjunta les possibles millores per la C-28 al seu tram entre Vielha i Naut Aran i impulsar tamb\u00e9 una Agenda de Mobilitat Sostenible de la Val d&#8217;Aran que permeti al nostre&#8230;<\/p>\n","protected":false},"author":10,"featured_media":48577,"comment_status":"closed","ping_status":"closed","sticky":false,"template":"","format":"standard","meta":{"footnotes":""},"categories":[],"tags":[],"_links":{"self":[{"href":"https:\/\/www.conselharan.org\/ca\/wp-json\/wp\/v2\/posts\/48584"}],"collection":[{"href":"https:\/\/www.conselharan.org\/ca\/wp-json\/wp\/v2\/posts"}],"about":[{"href":"https:\/\/www.conselharan.org\/ca\/wp-json\/wp\/v2\/types\/post"}],"author":[{"embeddable":true,"href":"https:\/\/www.conselharan.org\/ca\/wp-json\/wp\/v2\/users\/10"}],"replies":[{"embeddable":true,"href":"https:\/\/www.conselharan.org\/ca\/wp-json\/wp\/v2\/comments?post=48584"}],"version-history":[{"count":2,"href":"https:\/\/www.conselharan.org\/ca\/wp-json\/wp\/v2\/posts\/48584\/revisions"}],"predecessor-version":[{"id":48586,"href":"https:\/\/www.conselharan.org\/ca\/wp-json\/wp\/v2\/posts\/48584\/revisions\/48586"}],"wp:featuredmedia":[{"embeddable":true,"href":"https:\/\/www.conselharan.org\/ca\/wp-json\/wp\/v2\/media\/48577"}],"wp:attachment":[{"href":"https:\/\/www.conselharan.org\/ca\/wp-json\/wp\/v2\/media?parent=48584"}],"wp:term":[{"taxonomy":"category","embeddable":true,"href":"https:\/\/www.conselharan.org\/ca\/wp-json\/wp\/v2\/categories?post=48584"},{"taxonomy":"post_tag","embeddable":true,"href":"https:\/\/www.conselharan.org\/ca\/wp-json\/wp\/v2\/tags?post=48584"}],"curies":[{"name":"wp","href":"https:\/\/api.w.org\/{rel}","templated":true}]}}