{"id":48677,"date":"2022-05-31T13:54:34","date_gmt":"2022-05-31T11:54:34","guid":{"rendered":"https:\/\/www.conselharan.org\/eth-conselh-generau-daran-cerque-solucions-viables-ara-residencia-sant-joan-de-les\/"},"modified":"2022-05-31T13:58:09","modified_gmt":"2022-05-31T11:58:09","slug":"eth-conselh-generau-daran-cerque-solucions-viables-ara-residencia-sant-joan-de-les","status":"publish","type":"post","link":"https:\/\/www.conselharan.org\/ca\/eth-conselh-generau-daran-cerque-solucions-viables-ara-residencia-sant-joan-de-les\/","title":{"rendered":"El Conselh Generau d\u2019Aran busca solucions viables a la Resid\u00e8ncia Sant Joan de Les"},"content":{"rendered":"<p><a href=\"https:\/\/www.conselharan.org\/wp-content\/uploads\/2022\/05\/Image-2022-05-31-at-10.51.43-AM-1.jpeg\"><img loading=\"lazy\" decoding=\"async\" class=\"aligncenter wp-image-48666 size-full\" src=\"https:\/\/www.conselharan.org\/wp-content\/uploads\/2022\/05\/Image-2022-05-31-at-10.51.43-AM-1.jpeg\" alt=\"\" width=\"1024\" height=\"768\" srcset=\"https:\/\/www.conselharan.org\/wp-content\/uploads\/2022\/05\/Image-2022-05-31-at-10.51.43-AM-1.jpeg 1024w, https:\/\/www.conselharan.org\/wp-content\/uploads\/2022\/05\/Image-2022-05-31-at-10.51.43-AM-1-300x225.jpeg 300w, https:\/\/www.conselharan.org\/wp-content\/uploads\/2022\/05\/Image-2022-05-31-at-10.51.43-AM-1-768x576.jpeg 768w\" sizes=\"(max-width: 1024px) 100vw, 1024px\" \/><\/a><\/p>\n<ul>\n<li>\n<h3><strong>La construcci\u00f3 d&#8217;aquest equipament, iniciada en la passada legislatura, es va impulsar sense comptar amb cap estudi de viabilitat t\u00e8cnica ni econ\u00f2mica, fet que, juntament amb l&#8217;impacte de la COVID-19, han impossibilitat la seva obertura<\/strong><\/h3>\n<\/li>\n<li>\n<h3><strong>Actualment, el Conselh Generau d\u2019Aran estudia possibles solucions perqu\u00e8 la Resid\u00e8ncia Sant Joan s&#8217;adapti a les necessitats reals del territori i de la seva gent gran i que es pugui posar en funcionament el m\u00e9s aviat possible de manera sostenible econ\u00f2mica i socialment<\/strong><\/h3>\n<\/li>\n<\/ul>\n<p>La s\u00edndica d&#8217;Aran, Maria Verg\u00e9s, acompanyada pels responsables d&#8217;Aran Salut i el Servei Aran\u00e8s de Benestar i Salut, ha visitat aquest mat\u00ed la Resid\u00e8ncia Sant Joan de Les, equipament per al qual el govern d&#8217;Aran busca solucions viables davant les problem\u00e0tiques que presenta.<\/p>\n<p>El govern del Conselh Generau d\u2019Aran ja havia visitat per primera vegada aquest equipament al juliol de 2019, per a con\u00e8ixer el seu estat i poder valorar la seva obertura. No obstant aix\u00f2, durant tot aquest temps, a m\u00e9s dels retards en l&#8217;execuci\u00f3 de l&#8217;obra i els inconvenients provocats per la pand\u00e8mia, s\u2019ha hagut d\u2019esperar a les \u00faltimes autoritzacions administratives per a poder donar l&#8217;obra per lliurada, que han arribat aquests \u00faltims dies.<\/p>\n<p>\u201cDurant la passada legislatura, de 2015 a 2019, el Conselh Generau d\u2019Aran va iniciar el projecte de construcci\u00f3 de la Resid\u00e8ncia Sant Joan de Les per a la gent gran, per\u00f2 aquest projecte no comptava amb cap estudi de viabilitat t\u00e8cnica ni econ\u00f2mica que tingu\u00e9s en compte les necessitats reals del territori en aquest \u00e0mbit\u201d explicava la s\u00edndica, afegint que: \u201cel cost de l&#8217;obra (2.415.000 \u20ac) va ser finan\u00e7at \u00edntegrament pel Conselh Generau d\u2019Aran i no es va comptar amb partida pressupost\u00e0ria per a equipament i mobiliari\u201d.<\/p>\n<p>La resid\u00e8ncia compta actualment amb 60 places i la possibilitat d&#8217;un conveni amb la Generalitat de Catalunya per al cofinan\u00e7ament de les places concertades. No obstant aix\u00f2, d&#8217;acord amb el que estableix l&#8217;OMS respecte al nombre de places de resid\u00e8ncia cada 100 habitants majors de 65 anys, la Val d&#8217;Aran presenta un r\u00e0tio de 3,1, mentre que el valor aconsellat de cobertura \u00e9s de 5. Per tant, aix\u00f2 suposa una necessitat de 72 places que, amb les 44 ja existents en la Resid\u00e8ncia Sant Ant\u00f2ni de Vielha, ens deixa amb un d\u00e8ficit te\u00f2ric a l\u2019Aran de 28 places.<\/p>\n<p>L&#8217;actual govern del Conselh Generau d\u2019Aran va encarregar un estudi de viabilitat econ\u00f2mica d&#8217;aquest equipament a Camon Consulting Group SL. Aquest estudi plantejava 18 escenaris diferenciats que contemplaven tant una modalitat de gesti\u00f3 directa a trav\u00e9s del SABS com una externalitzaci\u00f3 del servei, amb l&#8217;obertura de la resid\u00e8ncia amb centre de dia o sense ell i amb diferents nivells d&#8217;ocupaci\u00f3.<\/p>\n<p>De tots els escenaris plantejats, cap d&#8217;ells preveia un resultat econ\u00f2mic positiu pel que fa a la gesti\u00f3 de la Resid\u00e8ncia Sant Joan, amb p\u00e8rdues que fluctuen entre els 340.000 \u20ac i els 40.000 \u20ac, en funci\u00f3 del tipus de gesti\u00f3.<\/p>\n<p>La m\u00e0xima instituci\u00f3 aranesa rep, per part de la Generalitat de Catalunya, un total d&#8217;1.906.853 \u20ac per a atenci\u00f3 social, repartits en:<\/p>\n<ul>\n<li>Resid\u00e8ncia St Ant\u00f2ni de Vielha: 1.379.437 \u20ac<\/li>\n<li>Serveis d&#8217;Atenci\u00f3 Prim\u00e0ria: 261.903 \u20ac<\/li>\n<li>Centre Ocupacional: 124.729 \u20ac<\/li>\n<li>Atenci\u00f3 Preco\u00e7: 56.238 \u20ac<\/li>\n<li>Transport adaptat: 32.143 \u20ac<\/li>\n<li>SIAH: 30.095 \u20ac<\/li>\n<li>Atenci\u00f3 domiciliaria: 19.728 \u20ac<\/li>\n<li>Viol\u00e8ncia de g\u00e8nere: 2.577 \u20ac<\/li>\n<\/ul>\n<p>Aquesta xifra ens situa com el territori del Pirineu amb la inversi\u00f3 en atenci\u00f3 social m\u00e9s baixa per part de la Generalitat.<\/p>\n<p><a href=\"https:\/\/www.conselharan.org\/wp-content\/uploads\/2022\/05\/4364-\u20ac.png\"><img loading=\"lazy\" decoding=\"async\" class=\"aligncenter wp-image-48669 size-medium\" src=\"https:\/\/www.conselharan.org\/wp-content\/uploads\/2022\/05\/4364-\u20ac-300x300.png\" alt=\"\" width=\"300\" height=\"300\" srcset=\"https:\/\/www.conselharan.org\/wp-content\/uploads\/2022\/05\/4364-\u20ac-300x300.png 300w, https:\/\/www.conselharan.org\/wp-content\/uploads\/2022\/05\/4364-\u20ac-1024x1024.png 1024w, https:\/\/www.conselharan.org\/wp-content\/uploads\/2022\/05\/4364-\u20ac-150x150.png 150w, https:\/\/www.conselharan.org\/wp-content\/uploads\/2022\/05\/4364-\u20ac-768x768.png 768w, https:\/\/www.conselharan.org\/wp-content\/uploads\/2022\/05\/4364-\u20ac-270x270.png 270w, https:\/\/www.conselharan.org\/wp-content\/uploads\/2022\/05\/4364-\u20ac-207x207.png 207w, https:\/\/www.conselharan.org\/wp-content\/uploads\/2022\/05\/4364-\u20ac-75x75.png 75w, https:\/\/www.conselharan.org\/wp-content\/uploads\/2022\/05\/4364-\u20ac.png 1080w\" sizes=\"(max-width: 300px) 100vw, 300px\" \/><\/a><\/p>\n<p>Davant aquestes dades, per tant, el Conselh Generau d\u2019Aran, avui dia, no t\u00e9 la capacitat financera per a assumir la gesti\u00f3 d&#8217;aquest equipament.<\/p>\n<p>\u201cLa realitat social i demogr\u00e0fica del nostre territori \u00e9s complexa, dues de cada tres persones majors de 75 anys no tenen cap expedient obert als Serveis Socials d&#8217;Atenci\u00f3 Prim\u00e0ria, la qual cosa demostra que no coneixem les seves prefer\u00e8ncies sobre com i on volen ser cuidades, ni coneixem si la seva voluntat passa per triar un recurs residencial\u201d, manifestava la s\u00edndica d&#8217;Aran, que afegia que \u201c\u00e9s per aquest motiu que l&#8217;actual govern del Conselh Generau ha impulsat el Servei d&#8217;Atenci\u00f3 a l&#8217;entorn Domiciliari (SAeD), que entenem com un recurs essencial per al territori, mentre estudiem quin \u00e9s el model d&#8217;atenci\u00f3 a la gent gran que volem per al nostre pa\u00eds, un model que ha de tenir en compte les seves prefer\u00e8ncies i necessitats i que ha d&#8217;ajustar-se a la realitat del nostre territori\u201d<\/p>\n<p>Davant aquesta situaci\u00f3, el govern del Conselh Generau d\u2019Aran, a trav\u00e9s dels serveis d&#8217;Aran Salut, treballa per a actualitzar i ajustar la gesti\u00f3 de la Resid\u00e8ncia Sant Joan perqu\u00e8, amb finan\u00e7ament europeu i de la Generalitat, es converteixi en un servei d&#8217;atenci\u00f3 a la ciutadania, que pugui incloure places de resid\u00e8ncia per\u00f2 que tamb\u00e9 inclogui serveis d&#8217;atenci\u00f3 a la discapacitat, entre altres, per a convertir-se en un centre integral d&#8217;atenci\u00f3 a les persones i que contempli les necessitats de futur de la ciutadania aranesa en totes les seves etapes vitals.<\/p>\n ","protected":false},"excerpt":{"rendered":"<p>La construcci\u00f3 d&#8217;aquest equipament, iniciada en la passada legislatura, es va impulsar sense comptar amb cap estudi de viabilitat t\u00e8cnica ni econ\u00f2mica, fet que, juntament amb l&#8217;impacte de la COVID-19, han impossibilitat la seva obertura Actualment, el Conselh Generau d\u2019Aran estudia possibles solucions perqu\u00e8 la Resid\u00e8ncia Sant Joan s&#8217;adapti a les necessitats reals del territori&#8230;<\/p>\n","protected":false},"author":10,"featured_media":48667,"comment_status":"closed","ping_status":"closed","sticky":false,"template":"","format":"standard","meta":{"footnotes":""},"categories":[],"tags":[],"_links":{"self":[{"href":"https:\/\/www.conselharan.org\/ca\/wp-json\/wp\/v2\/posts\/48677"}],"collection":[{"href":"https:\/\/www.conselharan.org\/ca\/wp-json\/wp\/v2\/posts"}],"about":[{"href":"https:\/\/www.conselharan.org\/ca\/wp-json\/wp\/v2\/types\/post"}],"author":[{"embeddable":true,"href":"https:\/\/www.conselharan.org\/ca\/wp-json\/wp\/v2\/users\/10"}],"replies":[{"embeddable":true,"href":"https:\/\/www.conselharan.org\/ca\/wp-json\/wp\/v2\/comments?post=48677"}],"version-history":[{"count":1,"href":"https:\/\/www.conselharan.org\/ca\/wp-json\/wp\/v2\/posts\/48677\/revisions"}],"predecessor-version":[{"id":48678,"href":"https:\/\/www.conselharan.org\/ca\/wp-json\/wp\/v2\/posts\/48677\/revisions\/48678"}],"wp:featuredmedia":[{"embeddable":true,"href":"https:\/\/www.conselharan.org\/ca\/wp-json\/wp\/v2\/media\/48667"}],"wp:attachment":[{"href":"https:\/\/www.conselharan.org\/ca\/wp-json\/wp\/v2\/media?parent=48677"}],"wp:term":[{"taxonomy":"category","embeddable":true,"href":"https:\/\/www.conselharan.org\/ca\/wp-json\/wp\/v2\/categories?post=48677"},{"taxonomy":"post_tag","embeddable":true,"href":"https:\/\/www.conselharan.org\/ca\/wp-json\/wp\/v2\/tags?post=48677"}],"curies":[{"name":"wp","href":"https:\/\/api.w.org\/{rel}","templated":true}]}}