{"id":48795,"date":"2022-06-08T14:37:51","date_gmt":"2022-06-08T12:37:51","guid":{"rendered":"https:\/\/www.conselharan.org\/eth-conselh-generau-daran-place-naues-antenes-ta-ampliar-era-cobertura-lora-entath-suport-ara-ramaderia\/"},"modified":"2022-06-08T14:41:35","modified_gmt":"2022-06-08T12:41:35","slug":"eth-conselh-generau-daran-place-naues-antenes-ta-ampliar-era-cobertura-lora-entath-suport-ara-ramaderia","status":"publish","type":"post","link":"https:\/\/www.conselharan.org\/ca\/eth-conselh-generau-daran-place-naues-antenes-ta-ampliar-era-cobertura-lora-entath-suport-ara-ramaderia\/","title":{"rendered":"El Conselh Generau d\u2019Aran situa noves antenes per a ampliar la cobertura LORA per al suport a la ramaderia"},"content":{"rendered":"<p><a href=\"https:\/\/www.conselharan.org\/wp-content\/uploads\/2022\/06\/WhatsApp-Image-2022-06-08-at-1.32.16-PM.jpeg\"><img loading=\"lazy\" decoding=\"async\" class=\"size-full wp-image-48787 aligncenter\" src=\"https:\/\/www.conselharan.org\/wp-content\/uploads\/2022\/06\/WhatsApp-Image-2022-06-08-at-1.32.16-PM.jpeg\" alt=\"\" width=\"1024\" height=\"768\" srcset=\"https:\/\/www.conselharan.org\/wp-content\/uploads\/2022\/06\/WhatsApp-Image-2022-06-08-at-1.32.16-PM.jpeg 1024w, https:\/\/www.conselharan.org\/wp-content\/uploads\/2022\/06\/WhatsApp-Image-2022-06-08-at-1.32.16-PM-300x225.jpeg 300w, https:\/\/www.conselharan.org\/wp-content\/uploads\/2022\/06\/WhatsApp-Image-2022-06-08-at-1.32.16-PM-768x576.jpeg 768w\" sizes=\"(max-width: 1024px) 100vw, 1024px\" \/><\/a><\/p>\n<ul>\n<li>\n<h3><strong>A les dues antenes situades la passada primavera, s&#8217;afegeixen ara sis m\u00e9s que ampliaran la cobertura LORA en Aran, permetent fer front a la falta de cobertura m\u00f2bil per a poder implementar processos de digitalitzaci\u00f3 i oferir un nou servei al sector ramader per a permetre un millor control i gesti\u00f3 dels ramats a la muntanya<\/strong><\/h3>\n<\/li>\n<\/ul>\n<p>El Conselh Generau d\u2019Aran avan\u00e7a amb la implementaci\u00f3 del seu projecte de cobertura LORA per a facilitar al sector ramader la gesti\u00f3 dels seus ramats a la muntanya, aix\u00ed com fer el nostre territori m\u00e9s competitiu a nivell digital i generar un marc d&#8217;oportunitats a nivell tecnol\u00f2gic.<\/p>\n<p>El Conselh Generau d\u2019Aran ha adquirit noves antenes de cobertura LORA que l&#8217;empresa Arantec ha situat ja a la S\u00e8rra d\u2019Arenho (Vilac), el Cap dera S\u00e8rra (Canejan) i el Tuc des Neres (Les). Aquestes noves antenes s&#8217;afegeixen a les ja col\u00b7locades en C\u00f2sta Arj\u00e0s i el Mirador de Baqueira, amb la col\u00b7laboraci\u00f3 de Baqueira Beret. A m\u00e9s, est\u00e0 previst instal\u00b7lar tres m\u00e9s a Tuca (Betren), Uish\u00e8ra (Vilam\u00f2s) i l&#8217;Artiga de Lin. Els treballs d&#8217;ubicaci\u00f3 de les noves antenes han comptat amb la col\u00b7laboraci\u00f3 de Pompi\u00e8rs-Emerg\u00e9ncies.<\/p>\n<p>\u201cEl govern del Conselh Generau d\u2019Aran vol dur a terme un proc\u00e9s de digitalitzaci\u00f3 i innovaci\u00f3 apostant per aplicar la Internet de les Coses en diferents sectors de la Val d&#8217;Aran\u201d afirmava la s\u00edndica d&#8217;Aran, Maria Verg\u00e9s, afegint que: \u201cen el cas del sector ramader, des de l&#8217;estiu passat, gr\u00e0cies a la implementaci\u00f3 d&#8217;una prova pilot per al monitoratge de la ramaderia extensiva del territori, les antenes de la xarxa LORA permeten fer un seguiment del bestiar per mitj\u00e0 de collarets de geolocalitzaci\u00f3 que faciliten tamb\u00e9 informaci\u00f3 sobre l&#8217;estat dels animals\u201d.<\/p>\n<p>La cobertura LORA \u00e9s un tipus de cobertura radio (800 MHz) que s&#8217;aconsegueix a partir de la instal\u00b7laci\u00f3 estrat\u00e8gica d&#8217;antenes de baix cost i que permet connectar de manera senzilla i eficient sensors repartits per tot el territori sense la necessitat de comptar amb cobertura m\u00f2bil. Aquests sensors poden ser consultats a trav\u00e9s de qualsevol mena de dispositiu (m\u00f2bil, tauleta o ordinador), rebent informaci\u00f3 del que passa en un punt remot o connectant processos sense necessitat de cobertura.<\/p>\n ","protected":false},"excerpt":{"rendered":"<p>A les dues antenes situades la passada primavera, s&#8217;afegeixen ara sis m\u00e9s que ampliaran la cobertura LORA en Aran, permetent fer front a la falta de cobertura m\u00f2bil per a poder implementar processos de digitalitzaci\u00f3 i oferir un nou servei al sector ramader per a permetre un millor control i gesti\u00f3 dels ramats a la&#8230;<\/p>\n","protected":false},"author":10,"featured_media":48788,"comment_status":"closed","ping_status":"closed","sticky":false,"template":"","format":"standard","meta":{"footnotes":""},"categories":[],"tags":[],"_links":{"self":[{"href":"https:\/\/www.conselharan.org\/ca\/wp-json\/wp\/v2\/posts\/48795"}],"collection":[{"href":"https:\/\/www.conselharan.org\/ca\/wp-json\/wp\/v2\/posts"}],"about":[{"href":"https:\/\/www.conselharan.org\/ca\/wp-json\/wp\/v2\/types\/post"}],"author":[{"embeddable":true,"href":"https:\/\/www.conselharan.org\/ca\/wp-json\/wp\/v2\/users\/10"}],"replies":[{"embeddable":true,"href":"https:\/\/www.conselharan.org\/ca\/wp-json\/wp\/v2\/comments?post=48795"}],"version-history":[{"count":1,"href":"https:\/\/www.conselharan.org\/ca\/wp-json\/wp\/v2\/posts\/48795\/revisions"}],"predecessor-version":[{"id":48796,"href":"https:\/\/www.conselharan.org\/ca\/wp-json\/wp\/v2\/posts\/48795\/revisions\/48796"}],"wp:featuredmedia":[{"embeddable":true,"href":"https:\/\/www.conselharan.org\/ca\/wp-json\/wp\/v2\/media\/48788"}],"wp:attachment":[{"href":"https:\/\/www.conselharan.org\/ca\/wp-json\/wp\/v2\/media?parent=48795"}],"wp:term":[{"taxonomy":"category","embeddable":true,"href":"https:\/\/www.conselharan.org\/ca\/wp-json\/wp\/v2\/categories?post=48795"},{"taxonomy":"post_tag","embeddable":true,"href":"https:\/\/www.conselharan.org\/ca\/wp-json\/wp\/v2\/tags?post=48795"}],"curies":[{"name":"wp","href":"https:\/\/api.w.org\/{rel}","templated":true}]}}