{"id":48848,"date":"2022-06-13T15:24:06","date_gmt":"2022-06-13T13:24:06","guid":{"rendered":"https:\/\/www.conselharan.org\/?p=48848"},"modified":"2022-06-14T09:50:02","modified_gmt":"2022-06-14T07:50:02","slug":"presentacio-del-pla-pilot-per-a-la-implementacio-dun-micro-bus-100-electric-a-bagergue","status":"publish","type":"post","link":"https:\/\/www.conselharan.org\/ca\/presentacio-del-pla-pilot-per-a-la-implementacio-dun-micro-bus-100-electric-a-bagergue\/","title":{"rendered":"Presentaci\u00f3 del Pla Pilot per a la implementaci\u00f3 d&#8217;un micro bus 100% el\u00e8ctric a Bagergue"},"content":{"rendered":"<p><a href=\"https:\/\/www.conselharan.org\/wp-content\/uploads\/2022\/06\/73e73b1b-42e5-4a53-aff5-1a61c3ba325c.jpg\"><img loading=\"lazy\" decoding=\"async\" class=\"alignnone size-full wp-image-48854\" src=\"https:\/\/www.conselharan.org\/wp-content\/uploads\/2022\/06\/73e73b1b-42e5-4a53-aff5-1a61c3ba325c.jpg\" alt=\"\" width=\"1024\" height=\"768\" srcset=\"https:\/\/www.conselharan.org\/wp-content\/uploads\/2022\/06\/73e73b1b-42e5-4a53-aff5-1a61c3ba325c.jpg 1024w, https:\/\/www.conselharan.org\/wp-content\/uploads\/2022\/06\/73e73b1b-42e5-4a53-aff5-1a61c3ba325c-300x225.jpg 300w, https:\/\/www.conselharan.org\/wp-content\/uploads\/2022\/06\/73e73b1b-42e5-4a53-aff5-1a61c3ba325c-768x576.jpg 768w\" sizes=\"(max-width: 1024px) 100vw, 1024px\" \/><\/a><\/p>\n<ul>\n<li>\n<h3><strong>L&#8217;objectiu \u00e9s transportar esquiadors entre Bagergue i Baqueira a la temporada d&#8217;hivern i integrar el transport escolar per a l&#8217;alumnat de l&#8217;escola Ruda de Salard\u00fa procedent de Bagergue i Unha i connectar amb el transport escolar dels estudiants de l&#8217;Institut d&#8217;Aran, apostant aix\u00ed pel transport col\u00b7lectiu, p\u00fablic i sostenible al nostre territori<\/strong><\/h3>\n<\/li>\n<li>\n<h3><strong>Aquest projecte \u00e9s fruit de la col\u00b7laboraci\u00f3 de la EMD de Bagergue, el Conselh Generau d\u2019Aran, el Ministeri per a la Transici\u00f3 Ecol\u00f2gica i el Repte demogr\u00e0fic i el HUB d&#8217;innovaci\u00f3 H\u00e8Pic amb les empreses Electric Riders, Arantec i Baqueira Beret<\/strong><\/h3>\n<\/li>\n<\/ul>\n<p>Aquest mat\u00ed ha tingut lloc l&#8217;acte de presentaci\u00f3 del Pla Pilot per a la implementaci\u00f3 d&#8217;un microb\u00fas 100% el\u00e8ctric a Bagergue, aquest projecte \u00e9s fruit de la col\u00b7laboraci\u00f3 de la EMD de Bagergue, el Conselh Generau d\u2019Aran i el Ministeri per a la Transici\u00f3 Ecol\u00f2gica i el Repte Demogr\u00e0fic amb les empreses Electric Riders, Arantec i Baqueira Beret i respon a la voluntat d&#8217;apostar per un transport p\u00fablic sostenible i menys contaminant.<\/p>\n<p>\u201cAmb la posada en marxa d&#8217;aquest pla pilot volem oferir a ve\u00efns i visitants una nova opci\u00f3 de transport col\u00b7lectiu entre Bagergue i Baqueira i, aix\u00ed mateix, l&#8217;objectiu \u00e9s tamb\u00e9 integrar el transport escolar per a l&#8217;alumnat de l&#8217;escola Ruda de Salard\u00fa i connectar amb el transport escolar dels estudiants de l&#8217;Institut d&#8217;Aran\u201d, explicava el president de la EMD de Bagergue, Marc Tarrau.<\/p>\n<p>\u201cDes del govern del Conselh Generau d\u2019Aran estem molt satisfets de poder col\u00b7laborar, a trav\u00e9s del HUB d&#8217;innovaci\u00f3 H\u00e8Pic, amb aquesta iniciativa i de poder desenvolupar projectes que promoguin la mobilitat sostenible i ofereixin solucions tamb\u00e9 a les problem\u00e0tiques de mobilitat que presenta el nostre territori durant la temporada d&#8217;hivern\u201d, afirmava la s\u00edndica d&#8217;Aran, Maria Verg\u00e9s.<\/p>\n<p>Els vehicles el\u00e8ctrics compartits pretenen reduir, d&#8217;una banda, el nombre de vehicles privats i, per l&#8217;altre, l&#8217;impacte de la petjada ambiental al territori. Aquest mini bus, que ara estudia els aspectes t\u00e8cnics de la ruta com la capacitat de maniobra i l&#8217;autonomia del dispositiu, s&#8217;ha d&#8217;entendre com una eina dins de la tend\u00e8ncia d&#8217;aposta per la transici\u00f3 ecol\u00f2gica. Per aquest motiu, l&#8217;energia per a produir l&#8217;electricitat del mini bus se sustenta en fonts renovables com la hidroel\u00e8ctrica.<\/p>\n ","protected":false},"excerpt":{"rendered":"<p>L&#8217;objectiu \u00e9s transportar esquiadors entre Bagergue i Baqueira a la temporada d&#8217;hivern i integrar el transport escolar per a l&#8217;alumnat de l&#8217;escola Ruda de Salard\u00fa procedent de Bagergue i Unha i connectar amb el transport escolar dels estudiants de l&#8217;Institut d&#8217;Aran, apostant aix\u00ed pel transport col\u00b7lectiu, p\u00fablic i sostenible al nostre territori Aquest projecte \u00e9s&#8230;<\/p>\n","protected":false},"author":10,"featured_media":48854,"comment_status":"closed","ping_status":"closed","sticky":false,"template":"","format":"standard","meta":{"footnotes":""},"categories":[],"tags":[],"_links":{"self":[{"href":"https:\/\/www.conselharan.org\/ca\/wp-json\/wp\/v2\/posts\/48848"}],"collection":[{"href":"https:\/\/www.conselharan.org\/ca\/wp-json\/wp\/v2\/posts"}],"about":[{"href":"https:\/\/www.conselharan.org\/ca\/wp-json\/wp\/v2\/types\/post"}],"author":[{"embeddable":true,"href":"https:\/\/www.conselharan.org\/ca\/wp-json\/wp\/v2\/users\/10"}],"replies":[{"embeddable":true,"href":"https:\/\/www.conselharan.org\/ca\/wp-json\/wp\/v2\/comments?post=48848"}],"version-history":[{"count":2,"href":"https:\/\/www.conselharan.org\/ca\/wp-json\/wp\/v2\/posts\/48848\/revisions"}],"predecessor-version":[{"id":48858,"href":"https:\/\/www.conselharan.org\/ca\/wp-json\/wp\/v2\/posts\/48848\/revisions\/48858"}],"wp:featuredmedia":[{"embeddable":true,"href":"https:\/\/www.conselharan.org\/ca\/wp-json\/wp\/v2\/media\/48854"}],"wp:attachment":[{"href":"https:\/\/www.conselharan.org\/ca\/wp-json\/wp\/v2\/media?parent=48848"}],"wp:term":[{"taxonomy":"category","embeddable":true,"href":"https:\/\/www.conselharan.org\/ca\/wp-json\/wp\/v2\/categories?post=48848"},{"taxonomy":"post_tag","embeddable":true,"href":"https:\/\/www.conselharan.org\/ca\/wp-json\/wp\/v2\/tags?post=48848"}],"curies":[{"name":"wp","href":"https:\/\/api.w.org\/{rel}","templated":true}]}}