{"id":48876,"date":"2022-06-14T14:48:56","date_gmt":"2022-06-14T12:48:56","guid":{"rendered":"https:\/\/www.conselharan.org\/eth-conselh-generau-daran-presente-as-direccions-des-escoles-araneses-eth-nau-mapa-escolar-dera-val-daran\/"},"modified":"2022-06-14T14:50:32","modified_gmt":"2022-06-14T12:50:32","slug":"eth-conselh-generau-daran-presente-as-direccions-des-escoles-araneses-eth-nau-mapa-escolar-dera-val-daran","status":"publish","type":"post","link":"https:\/\/www.conselharan.org\/ca\/eth-conselh-generau-daran-presente-as-direccions-des-escoles-araneses-eth-nau-mapa-escolar-dera-val-daran\/","title":{"rendered":"El Conselh Generau d\u2019Aran presenta a les direccions de les escoles araneses el nou Mapa Escolar de la Val d&#8217;Aran"},"content":{"rendered":"<p><a href=\"https:\/\/www.conselharan.org\/wp-content\/uploads\/2022\/06\/WhatsApp-Image-2022-06-14-at-2.47.40-PM.jpeg\"><img loading=\"lazy\" decoding=\"async\" class=\"size-full wp-image-48868 aligncenter\" src=\"https:\/\/www.conselharan.org\/wp-content\/uploads\/2022\/06\/WhatsApp-Image-2022-06-14-at-2.47.40-PM.jpeg\" alt=\"\" width=\"1024\" height=\"768\" srcset=\"https:\/\/www.conselharan.org\/wp-content\/uploads\/2022\/06\/WhatsApp-Image-2022-06-14-at-2.47.40-PM.jpeg 1024w, https:\/\/www.conselharan.org\/wp-content\/uploads\/2022\/06\/WhatsApp-Image-2022-06-14-at-2.47.40-PM-300x225.jpeg 300w, https:\/\/www.conselharan.org\/wp-content\/uploads\/2022\/06\/WhatsApp-Image-2022-06-14-at-2.47.40-PM-768x576.jpeg 768w\" sizes=\"(max-width: 1024px) 100vw, 1024px\" \/><\/a><\/p>\n<ul>\n<li>\n<h3><strong>Tal com estableix la Llei d&#8217;Aran, l&#8217;aprovaci\u00f3 d&#8217;aquest Mapa Escolar facilitar\u00e0 al Conselh Generau d\u2019Aran continuar treballant perqu\u00e8 la Val d&#8217;Aran es converteixi en una Zona Educativa Especial per a facilitar resoldre les problem\u00e0tiques espec\u00edfiques del territori, com la designaci\u00f3 de professorat, l&#8217;optimitzaci\u00f3 dels serveis de menjador i transport o l&#8217;especificitat de l&#8217;Escola Aranesa<\/strong><\/h3>\n<\/li>\n<\/ul>\n<p>La consellera de Coneixement, Angelina Cases, va presentar la setmana passada a les direccions de les escoles araneses i a l&#8217;inspector de la zona el nou Mapa Escolar de la Val d&#8217;Aran, pactat amb els ajuntaments aranesos i que marca quin \u00e9s el centre educatiu de refer\u00e8ncia per a cada nen o nena segons el municipi en qu\u00e8 estigui empadronat\/ada.<\/p>\n<p>\u201cAquest Mapa Escolar, en el qual el Conselh Generau d\u2019Aran ha treballat conjuntament amb ajuntaments i escoles, resultava molt necessari per a establir oficialment quin \u00e9s el col\u00b7legi de refer\u00e8ncia per a cada municipi o pedania de la Val d&#8217;Aran\u201d explicava la consellera Cases.<\/p>\n<p>La creaci\u00f3 d&#8217;aquest Mapa Escolar, apuntava la s\u00edndica d&#8217;Aran, \u201cens facilitar\u00e0 poder continuar treballant perqu\u00e8 la Val d&#8217;Aran es converteixi en una Zona Educativa Especial, assumpte en el qual treballem des del govern d&#8217;Aran, at\u00e8s que \u00e9s un dret reconegut en l&#8217;article 55 de la Llei d&#8217;Aran i que ens facilitar\u00e0 resoldre problem\u00e0tiques espec\u00edfiques del territori, com la designaci\u00f3 de professorat, l&#8217;optimitzaci\u00f3 dels serveis de menjador i transport o l&#8217;especificitat de l&#8217;Escola Aranesa\u201d.<\/p>\n ","protected":false},"excerpt":{"rendered":"<p>Tal com estableix la Llei d&#8217;Aran, l&#8217;aprovaci\u00f3 d&#8217;aquest Mapa Escolar facilitar\u00e0 al Conselh Generau d\u2019Aran continuar treballant perqu\u00e8 la Val d&#8217;Aran es converteixi en una Zona Educativa Especial per a facilitar resoldre les problem\u00e0tiques espec\u00edfiques del territori, com la designaci\u00f3 de professorat, l&#8217;optimitzaci\u00f3 dels serveis de menjador i transport o l&#8217;especificitat de l&#8217;Escola Aranesa La&#8230;<\/p>\n","protected":false},"author":10,"featured_media":48869,"comment_status":"closed","ping_status":"closed","sticky":false,"template":"","format":"standard","meta":{"footnotes":""},"categories":[],"tags":[],"_links":{"self":[{"href":"https:\/\/www.conselharan.org\/ca\/wp-json\/wp\/v2\/posts\/48876"}],"collection":[{"href":"https:\/\/www.conselharan.org\/ca\/wp-json\/wp\/v2\/posts"}],"about":[{"href":"https:\/\/www.conselharan.org\/ca\/wp-json\/wp\/v2\/types\/post"}],"author":[{"embeddable":true,"href":"https:\/\/www.conselharan.org\/ca\/wp-json\/wp\/v2\/users\/10"}],"replies":[{"embeddable":true,"href":"https:\/\/www.conselharan.org\/ca\/wp-json\/wp\/v2\/comments?post=48876"}],"version-history":[{"count":1,"href":"https:\/\/www.conselharan.org\/ca\/wp-json\/wp\/v2\/posts\/48876\/revisions"}],"predecessor-version":[{"id":48877,"href":"https:\/\/www.conselharan.org\/ca\/wp-json\/wp\/v2\/posts\/48876\/revisions\/48877"}],"wp:featuredmedia":[{"embeddable":true,"href":"https:\/\/www.conselharan.org\/ca\/wp-json\/wp\/v2\/media\/48869"}],"wp:attachment":[{"href":"https:\/\/www.conselharan.org\/ca\/wp-json\/wp\/v2\/media?parent=48876"}],"wp:term":[{"taxonomy":"category","embeddable":true,"href":"https:\/\/www.conselharan.org\/ca\/wp-json\/wp\/v2\/categories?post=48876"},{"taxonomy":"post_tag","embeddable":true,"href":"https:\/\/www.conselharan.org\/ca\/wp-json\/wp\/v2\/tags?post=48876"}],"curies":[{"name":"wp","href":"https:\/\/api.w.org\/{rel}","templated":true}]}}