{"id":48943,"date":"2022-06-18T14:39:14","date_gmt":"2022-06-18T12:39:14","guid":{"rendered":"https:\/\/www.conselharan.org\/eth-conselh-generau-daran-autrege-ath-mgfc-sr-carlos-barrera-eth-reconeishement-daranes-illustre-a-titol-postum\/"},"modified":"2022-06-21T09:39:16","modified_gmt":"2022-06-21T07:39:16","slug":"eth-conselh-generau-daran-autrege-ath-mgfc-sr-carlos-barrera-eth-reconeishement-daranes-illustre-a-titol-postum","status":"publish","type":"post","link":"https:\/\/www.conselharan.org\/ca\/eth-conselh-generau-daran-autrege-ath-mgfc-sr-carlos-barrera-eth-reconeishement-daranes-illustre-a-titol-postum\/","title":{"rendered":"El Conselh Generau d\u2019Aran atorga al Mgfc. Sr. Carlos Barrera el reconeixement d&#8217;Aran\u00e8s Il\u00b7lustre a t\u00edtol p\u00f2stum"},"content":{"rendered":"<p><a href=\"https:\/\/www.conselharan.org\/wp-content\/uploads\/2022\/06\/054_Arane\u0301sIllustre2022_-Foto-ATur-scaled.jpg\"><img loading=\"lazy\" decoding=\"async\" class=\"aligncenter wp-image-48935 size-large\" src=\"https:\/\/www.conselharan.org\/wp-content\/uploads\/2022\/06\/054_Arane\u0301sIllustre2022_-Foto-ATur-1024x683.jpg\" alt=\"\" width=\"1024\" height=\"683\" srcset=\"https:\/\/www.conselharan.org\/wp-content\/uploads\/2022\/06\/054_Arane\u0301sIllustre2022_-Foto-ATur-1024x683.jpg 1024w, https:\/\/www.conselharan.org\/wp-content\/uploads\/2022\/06\/054_Arane\u0301sIllustre2022_-Foto-ATur-300x200.jpg 300w, https:\/\/www.conselharan.org\/wp-content\/uploads\/2022\/06\/054_Arane\u0301sIllustre2022_-Foto-ATur-768x512.jpg 768w, https:\/\/www.conselharan.org\/wp-content\/uploads\/2022\/06\/054_Arane\u0301sIllustre2022_-Foto-ATur-1536x1024.jpg 1536w, https:\/\/www.conselharan.org\/wp-content\/uploads\/2022\/06\/054_Arane\u0301sIllustre2022_-Foto-ATur-2048x1365.jpg 2048w\" sizes=\"(max-width: 1024px) 100vw, 1024px\" \/><\/a><\/p>\n<ul>\n<li>\n<h3><strong>La s\u00edndica d&#8217;Aran ha fet lliurament de la major distinci\u00f3 que atorga el Conselh Generau d\u2019Aran a la fam\u00edlia de l&#8217;homenatjat, de qui ha volgut destacar la seva gran estima al pa\u00eds, aix\u00ed com la seva traject\u00f2ria durant vint anys al capdavant de la m\u00e0xima instituci\u00f3 aranesa, treballant sempre amb lleialtat i respecte a l\u2019Aran, la seva ciutadania i el seu autogovern<\/strong><\/h3>\n<\/li>\n<\/ul>\n<p>Aquest migdia, a la seu institucional del Conselh Generau d\u2019Aran (la Casa deth Senhor d\u2019Arr\u00f2s), la s\u00edndica d&#8217;Aran, Maria Verg\u00e9s, ha fet lliurament de la medalla d&#8217;Aran\u00e8s Il\u00b7lustre a la fam\u00edlia del Mgfc. Sr. Carlos Barrera, qui ha estat reconegut, a t\u00edtol p\u00f2stum, amb la major distinci\u00f3 que atorga el govern d&#8217;Aran.<\/p>\n<p>\u201cDes del govern del Conselh Generau d\u2019Aran hem volgut celebrar diversos actes en el marc de la H\u00e8sta d\u2019Aran, aprofitant per a retre homenatge a diferents persones i entitats que han treballat per a fer de la Val d\u2018Aran un lloc millor. Ho vam fer col\u00b7locant la placa commemorativa en honor a Joan Canalias a la Sala de Control de Pompi\u00e8rs Emerg\u00e9ncies, atorgant el premi 17 de Juny a l&#8217;Escola Aranesa i ahir condecorant a la doctora Caubet amb la Medalla d&#8217;Honor del Conselh\u201d explicava la s\u00edndica d&#8217;Aran, afegint: \u201cen el marc d&#8217;aquesta H\u00e8sta d\u2019Aran no pod\u00edem deixar de celebrar aquest acte solemne per a atorgar el reconeixement d&#8217;Aran\u00e8s Il\u00b7lustre al s\u00edndic Barrera, qui va estar durant 20 anys al capdavant de la m\u00e0xima instituci\u00f3 aranesa, treballant pel b\u00e9 com\u00fa d&#8217;Aran, la seva ciutadania i el seu autogovern\u201d.<\/p>\n<p>El t\u00edtol d&#8217;Aran\u00e8s Il\u00b7lustre \u00e9s la m\u00e0xima distinci\u00f3 que atorga el Conselh Generau, tal com marca el Reglament d&#8217;Honors i Distincions de la m\u00e0xima instituci\u00f3 aranesa, aprovat pel Ple del Conselh, que estableix que: \u201cla concessi\u00f3 del t\u00edtol d&#8217;Aran\u00e8s\/a Il\u00b7lustre\/a nom\u00e9s podr\u00e0 recaure en aquelles persones que, havent nascut a la Val d&#8217;Aran, hagin destacat de manera extraordin\u00e0ria per qualitats i m\u00e8rits personals o per serveis prestats en benefici o honor de la Val d&#8217;Aran que hagin contribu\u00eft de manera indiscutible al b\u00e9 p\u00fablic\u201d.<\/p>\n ","protected":false},"excerpt":{"rendered":"<p>La s\u00edndica d&#8217;Aran ha fet lliurament de la major distinci\u00f3 que atorga el Conselh Generau d\u2019Aran a la fam\u00edlia de l&#8217;homenatjat, de qui ha volgut destacar la seva gran estima al pa\u00eds, aix\u00ed com la seva traject\u00f2ria durant vint anys al capdavant de la m\u00e0xima instituci\u00f3 aranesa, treballant sempre amb lleialtat i respecte a l\u2019Aran,&#8230;<\/p>\n","protected":false},"author":10,"featured_media":48936,"comment_status":"closed","ping_status":"closed","sticky":false,"template":"","format":"standard","meta":{"footnotes":""},"categories":[],"tags":[],"_links":{"self":[{"href":"https:\/\/www.conselharan.org\/ca\/wp-json\/wp\/v2\/posts\/48943"}],"collection":[{"href":"https:\/\/www.conselharan.org\/ca\/wp-json\/wp\/v2\/posts"}],"about":[{"href":"https:\/\/www.conselharan.org\/ca\/wp-json\/wp\/v2\/types\/post"}],"author":[{"embeddable":true,"href":"https:\/\/www.conselharan.org\/ca\/wp-json\/wp\/v2\/users\/10"}],"replies":[{"embeddable":true,"href":"https:\/\/www.conselharan.org\/ca\/wp-json\/wp\/v2\/comments?post=48943"}],"version-history":[{"count":2,"href":"https:\/\/www.conselharan.org\/ca\/wp-json\/wp\/v2\/posts\/48943\/revisions"}],"predecessor-version":[{"id":48975,"href":"https:\/\/www.conselharan.org\/ca\/wp-json\/wp\/v2\/posts\/48943\/revisions\/48975"}],"wp:featuredmedia":[{"embeddable":true,"href":"https:\/\/www.conselharan.org\/ca\/wp-json\/wp\/v2\/media\/48936"}],"wp:attachment":[{"href":"https:\/\/www.conselharan.org\/ca\/wp-json\/wp\/v2\/media?parent=48943"}],"wp:term":[{"taxonomy":"category","embeddable":true,"href":"https:\/\/www.conselharan.org\/ca\/wp-json\/wp\/v2\/categories?post=48943"},{"taxonomy":"post_tag","embeddable":true,"href":"https:\/\/www.conselharan.org\/ca\/wp-json\/wp\/v2\/tags?post=48943"}],"curies":[{"name":"wp","href":"https:\/\/api.w.org\/{rel}","templated":true}]}}