{"id":48962,"date":"2022-06-21T09:06:45","date_gmt":"2022-06-21T07:06:45","guid":{"rendered":"https:\/\/www.conselharan.org\/el-conselh-generau-daran-inaugura-la-sala-de-control-joan-canalias-de-pompiers-emergencies\/"},"modified":"2022-06-21T09:07:59","modified_gmt":"2022-06-21T07:07:59","slug":"el-conselh-generau-daran-inaugura-la-sala-de-control-joan-canalias-de-pompiers-emergencies","status":"publish","type":"post","link":"https:\/\/www.conselharan.org\/ca\/el-conselh-generau-daran-inaugura-la-sala-de-control-joan-canalias-de-pompiers-emergencies\/","title":{"rendered":"El Conselh Generau d\u2019Aran inaugura la Sala de Control Joan Canalias de Pompi\u00e8rs Emerg\u00e9ncies"},"content":{"rendered":"<p><a href=\"https:\/\/www.conselharan.org\/wp-content\/uploads\/2022\/06\/P1043408-scaled.jpg\"><img loading=\"lazy\" decoding=\"async\" class=\"aligncenter wp-image-48882 size-large\" src=\"https:\/\/www.conselharan.org\/wp-content\/uploads\/2022\/06\/P1043408-1024x768.jpg\" alt=\"\" width=\"1024\" height=\"768\" srcset=\"https:\/\/www.conselharan.org\/wp-content\/uploads\/2022\/06\/P1043408-1024x768.jpg 1024w, https:\/\/www.conselharan.org\/wp-content\/uploads\/2022\/06\/P1043408-300x225.jpg 300w, https:\/\/www.conselharan.org\/wp-content\/uploads\/2022\/06\/P1043408-768x576.jpg 768w, https:\/\/www.conselharan.org\/wp-content\/uploads\/2022\/06\/P1043408-1536x1152.jpg 1536w, https:\/\/www.conselharan.org\/wp-content\/uploads\/2022\/06\/P1043408-2048x1536.jpg 2048w\" sizes=\"(max-width: 1024px) 100vw, 1024px\" \/><\/a><\/p>\n<ul>\n<li>\n<h3><strong>El govern d&#8217;Aran ha volgut dur a terme un reconeixement a Joan\u00a0Canalias, que va ser una persona de refer\u00e8ncia en la hist\u00f2ria recent dels\u00a0Pompi\u00e8rs\u00a0d&#8217;Aran, a causa de la seva implicaci\u00f3 i comprom\u00eds amb el cos de\u00a0Pompi\u00e8rs\u00a0i amb el nostre territori i la seva gent<\/strong><\/h3>\n<\/li>\n<\/ul>\n<p>Aquesta tarda ha tingut lloc l&#8217;acte d&#8217;inauguraci\u00f3 de la Sala de Control de Pompi\u00e8rs Emerg\u00e9ncies, que portar\u00e0 el nom de Joan Canalias, tal com indica la placa commemorativa que la fam\u00edlia, juntament amb la s\u00edndica d&#8217;Aran, Maria Verg\u00e9s, han descobert avui.<\/p>\n<p>\u201cDes del Conselh Generau d\u2019Aran ten\u00edem la voluntat de retre homenatge a Joan Canalias per la gran implicaci\u00f3 i comprom\u00eds que va tenir sempre amb el cos de Pompi\u00e8rs d&#8217;Aran i amb el nostre territori i la seva gent\u201d, explicava la s\u00edndica d&#8217;Aran, afegint que: \u201c\u00e9s per aix\u00f2 que, pocs mesos despr\u00e9s de la seva defunci\u00f3, vam aprovar per unanimitat al Consell d\u2019Administraci\u00f3 de Pompi\u00e8rs Emerg\u00e9ncies que la Sala de Control, que en aquells moments encara no estava constru\u00efda, port\u00e9s el seu nom com a reconeixement a la seva traject\u00f2ria\u201d.<\/p>\n<p>Joan Canalias va ser Director General de Pompi\u00e8rs i Protecci\u00f3 Civil i Conseller Delegat de Pompi\u00e8rs Emerg\u00e9ncies S.L, aix\u00ed com cap de parc a Vielha durant anys, desenvolupant sempre el seu treball amb lleialtat a la Val d&#8217;Aran i a la seva ciutadania.<\/p>\n<p>Amb aquesta posada en funcionament de la Sala de Control Joan Canalias, Pompi\u00e8rs Emerg\u00e9ncies fa un pas endavant en la planificaci\u00f3 i coordinaci\u00f3 de la resposta de les emerg\u00e8ncies en Aran que permetr\u00e0 aconseguir la integraci\u00f3 del nou model de gesti\u00f3 integral d&#8217;emerg\u00e8ncies.<\/p>\n ","protected":false},"excerpt":{"rendered":"<p>El govern d&#8217;Aran ha volgut dur a terme un reconeixement a Joan\u00a0Canalias, que va ser una persona de refer\u00e8ncia en la hist\u00f2ria recent dels\u00a0Pompi\u00e8rs\u00a0d&#8217;Aran, a causa de la seva implicaci\u00f3 i comprom\u00eds amb el cos de\u00a0Pompi\u00e8rs\u00a0i amb el nostre territori i la seva gent Aquesta tarda ha tingut lloc l&#8217;acte d&#8217;inauguraci\u00f3 de la Sala de&#8230;<\/p>\n","protected":false},"author":10,"featured_media":48886,"comment_status":"closed","ping_status":"closed","sticky":false,"template":"","format":"standard","meta":{"footnotes":""},"categories":[33,146],"tags":[],"_links":{"self":[{"href":"https:\/\/www.conselharan.org\/ca\/wp-json\/wp\/v2\/posts\/48962"}],"collection":[{"href":"https:\/\/www.conselharan.org\/ca\/wp-json\/wp\/v2\/posts"}],"about":[{"href":"https:\/\/www.conselharan.org\/ca\/wp-json\/wp\/v2\/types\/post"}],"author":[{"embeddable":true,"href":"https:\/\/www.conselharan.org\/ca\/wp-json\/wp\/v2\/users\/10"}],"replies":[{"embeddable":true,"href":"https:\/\/www.conselharan.org\/ca\/wp-json\/wp\/v2\/comments?post=48962"}],"version-history":[{"count":1,"href":"https:\/\/www.conselharan.org\/ca\/wp-json\/wp\/v2\/posts\/48962\/revisions"}],"predecessor-version":[{"id":48963,"href":"https:\/\/www.conselharan.org\/ca\/wp-json\/wp\/v2\/posts\/48962\/revisions\/48963"}],"wp:featuredmedia":[{"embeddable":true,"href":"https:\/\/www.conselharan.org\/ca\/wp-json\/wp\/v2\/media\/48886"}],"wp:attachment":[{"href":"https:\/\/www.conselharan.org\/ca\/wp-json\/wp\/v2\/media?parent=48962"}],"wp:term":[{"taxonomy":"category","embeddable":true,"href":"https:\/\/www.conselharan.org\/ca\/wp-json\/wp\/v2\/categories?post=48962"},{"taxonomy":"post_tag","embeddable":true,"href":"https:\/\/www.conselharan.org\/ca\/wp-json\/wp\/v2\/tags?post=48962"}],"curies":[{"name":"wp","href":"https:\/\/api.w.org\/{rel}","templated":true}]}}