{"id":48996,"date":"2022-06-22T15:17:03","date_gmt":"2022-06-22T13:17:03","guid":{"rendered":"https:\/\/www.conselharan.org\/inauguracion-dera-exposicion-conselh-generau-daran-30-ans-dautogovern-en-parlament-de-catalunya\/"},"modified":"2022-06-22T15:19:04","modified_gmt":"2022-06-22T13:19:04","slug":"inauguracion-dera-exposicion-conselh-generau-daran-30-ans-dautogovern-en-parlament-de-catalunya","status":"publish","type":"post","link":"https:\/\/www.conselharan.org\/ca\/inauguracion-dera-exposicion-conselh-generau-daran-30-ans-dautogovern-en-parlament-de-catalunya\/","title":{"rendered":"Inauguraci\u00f3 de l&#8217;exposici\u00f3 \u2018Conselh Generau d\u2019Aran, 30 anys d&#8217;autogovern\u2019 en el Parlament de Catalunya"},"content":{"rendered":"<p><a href=\"https:\/\/www.conselharan.org\/wp-content\/uploads\/2022\/06\/WhatsApp-Image-2022-06-22-at-1.03.12-PM.jpeg\"><img loading=\"lazy\" decoding=\"async\" class=\"aligncenter wp-image-48988 size-large\" src=\"https:\/\/www.conselharan.org\/wp-content\/uploads\/2022\/06\/WhatsApp-Image-2022-06-22-at-1.03.12-PM-1024x768.jpeg\" alt=\"\" width=\"1024\" height=\"768\" srcset=\"https:\/\/www.conselharan.org\/wp-content\/uploads\/2022\/06\/WhatsApp-Image-2022-06-22-at-1.03.12-PM-1024x768.jpeg 1024w, https:\/\/www.conselharan.org\/wp-content\/uploads\/2022\/06\/WhatsApp-Image-2022-06-22-at-1.03.12-PM-300x225.jpeg 300w, https:\/\/www.conselharan.org\/wp-content\/uploads\/2022\/06\/WhatsApp-Image-2022-06-22-at-1.03.12-PM-768x576.jpeg 768w, https:\/\/www.conselharan.org\/wp-content\/uploads\/2022\/06\/WhatsApp-Image-2022-06-22-at-1.03.12-PM-1536x1152.jpeg 1536w, https:\/\/www.conselharan.org\/wp-content\/uploads\/2022\/06\/WhatsApp-Image-2022-06-22-at-1.03.12-PM.jpeg 2048w\" sizes=\"(max-width: 1024px) 100vw, 1024px\" \/><\/a><\/p>\n<ul>\n<li>\n<h3><strong>La s\u00edndica d&#8217;Aran, Maria Verg\u00e9s, i la presidenta del Parlament, Laura Borr\u00e0s, han presidit aquest acte d&#8217;inauguraci\u00f3 dins de la commemoraci\u00f3 de la H\u00e8sta d\u2019Aran, en el qual la s\u00edndica ha aprofitat per a reivindicar la necessitat de mantenir i millorar l&#8217;autogovern aran\u00e8s i per a demanar la complicitat del Parlament per a consolidar l&#8217;autonomia d&#8217;Aran<\/strong><\/h3>\n<\/li>\n<\/ul>\n<p>Aquest migdia ha tingut lloc, al Parlament de Catalunya, la inauguraci\u00f3 de l&#8217;exposici\u00f3 \u2018Conselh Generau d\u2019Aran, 30 anys d&#8217;autogovern\u2019, presidida per la s\u00edndica d&#8217;Aran, Maria Verg\u00e9s, i la presidenta del Parlament, Laura Borr\u00e0s, a la qual han assistit tamb\u00e9 els consellers i consellera del Conselh, Juan Antonio Serrano, Franc\u00e9s Bruna i Angelina Cases, aix\u00ed com el secretari primer, Ferran Pedret, la secret\u00e0ria segona, Aurora Madaula i el secretari tercer, Carles Riera, a m\u00e9s de diputats de diferents grups pol\u00edtics.<\/p>\n<p>\u201cDes del Conselh Generau d\u2019Aran estem molt satisfets que el Parlament aculli aquesta exposici\u00f3 sobre el 30 aniversari de la recuperaci\u00f3 de la nostra m\u00e0xima instituci\u00f3, com una manera d&#8217;acostar la realitat d&#8217;Aran i el seu autogovern als representants d&#8217;aquesta cambra\u201d assegurava la s\u00edndica, afegint que: \u201cpensem que \u00e9s indispensable fer pedagogia sobre la singularitat aranesa per a poder aconseguir unes majors cotes de reconeixement i respecte al nostre autogovern\u201d.<\/p>\n<p>En la seva intervenci\u00f3, la s\u00edndica d&#8217;Aran ha volgut tamb\u00e9 destacar la delicada situaci\u00f3 que travessa la nostra llengua pr\u00f2pia: \u201cl&#8217;aran\u00e8s viu una situaci\u00f3 d&#8217;extrema gravetat i ha arribat l&#8217;hora de ser conscients d&#8217;aix\u00f2 i actuar amb rapidesa i, tamb\u00e9, amb fermesa\u201d i afegia que: \u201cper a evitar la mort de la nostra llengua \u00e9s necessari comptar amb recursos i mitjans amb els quals actualment no comptem, i tamb\u00e9 amb complicitat pol\u00edtica i institucional i amb milit\u00e0ncia social. \u00c9s per aix\u00f2 que des del govern del Conselh Generau d\u2019Aran hem sol\u00b7licitat a la Generalitat de Catalunya, d&#8217;una banda, la revisi\u00f3 del trasp\u00e0s de compet\u00e8ncies en mat\u00e8ria de llengua i cultura per a actualitzar-lo, at\u00e8s que en m\u00e9s de 30 anys no s&#8217;ha revisat, i per l&#8217;altra, reajustar la relaci\u00f3 entre el Conselh i la Generalitat per a impulsar el lideratge de la m\u00e0xima instituci\u00f3 aranesa en aquesta mat\u00e8ria\u201d.<\/p>\n<p>L&#8217;exposici\u00f3, que commemora els 30 anys de la reinstauraci\u00f3 de la m\u00e0xima instituci\u00f3 aranesa, es podr\u00e0 visitar durant 15 dies en la planta baixa del Palau del Parlament.<\/p>\n ","protected":false},"excerpt":{"rendered":"<p>La s\u00edndica d&#8217;Aran, Maria Verg\u00e9s, i la presidenta del Parlament, Laura Borr\u00e0s, han presidit aquest acte d&#8217;inauguraci\u00f3 dins de la commemoraci\u00f3 de la H\u00e8sta d\u2019Aran, en el qual la s\u00edndica ha aprofitat per a reivindicar la necessitat de mantenir i millorar l&#8217;autogovern aran\u00e8s i per a demanar la complicitat del Parlament per a consolidar l&#8217;autonomia&#8230;<\/p>\n","protected":false},"author":10,"featured_media":48989,"comment_status":"closed","ping_status":"closed","sticky":false,"template":"","format":"standard","meta":{"footnotes":""},"categories":[],"tags":[],"_links":{"self":[{"href":"https:\/\/www.conselharan.org\/ca\/wp-json\/wp\/v2\/posts\/48996"}],"collection":[{"href":"https:\/\/www.conselharan.org\/ca\/wp-json\/wp\/v2\/posts"}],"about":[{"href":"https:\/\/www.conselharan.org\/ca\/wp-json\/wp\/v2\/types\/post"}],"author":[{"embeddable":true,"href":"https:\/\/www.conselharan.org\/ca\/wp-json\/wp\/v2\/users\/10"}],"replies":[{"embeddable":true,"href":"https:\/\/www.conselharan.org\/ca\/wp-json\/wp\/v2\/comments?post=48996"}],"version-history":[{"count":1,"href":"https:\/\/www.conselharan.org\/ca\/wp-json\/wp\/v2\/posts\/48996\/revisions"}],"predecessor-version":[{"id":48997,"href":"https:\/\/www.conselharan.org\/ca\/wp-json\/wp\/v2\/posts\/48996\/revisions\/48997"}],"wp:featuredmedia":[{"embeddable":true,"href":"https:\/\/www.conselharan.org\/ca\/wp-json\/wp\/v2\/media\/48989"}],"wp:attachment":[{"href":"https:\/\/www.conselharan.org\/ca\/wp-json\/wp\/v2\/media?parent=48996"}],"wp:term":[{"taxonomy":"category","embeddable":true,"href":"https:\/\/www.conselharan.org\/ca\/wp-json\/wp\/v2\/categories?post=48996"},{"taxonomy":"post_tag","embeddable":true,"href":"https:\/\/www.conselharan.org\/ca\/wp-json\/wp\/v2\/tags?post=48996"}],"curies":[{"name":"wp","href":"https:\/\/api.w.org\/{rel}","templated":true}]}}