{"id":49051,"date":"2022-06-30T10:55:18","date_gmt":"2022-06-30T08:55:18","guid":{"rendered":"https:\/\/www.conselharan.org\/eth-ministeri-de-transports-inicie-es-trabalhs-de-melhora-dera-n230-reclamadi-peth-conselh-generau-daran\/"},"modified":"2022-06-30T11:04:17","modified_gmt":"2022-06-30T09:04:17","slug":"eth-ministeri-de-transports-inicie-es-trabalhs-de-melhora-dera-n230-reclamadi-peth-conselh-generau-daran","status":"publish","type":"post","link":"https:\/\/www.conselharan.org\/ca\/eth-ministeri-de-transports-inicie-es-trabalhs-de-melhora-dera-n230-reclamadi-peth-conselh-generau-daran\/","title":{"rendered":"El Ministeri de Transports inicia els treballs de millora de la N-230 reclamats pel Conselh Generau d\u2019Aran"},"content":{"rendered":"<p><a href=\"https:\/\/www.conselharan.org\/wp-content\/uploads\/2022\/06\/N-230.jpg\"><img loading=\"lazy\" decoding=\"async\" class=\"wp-image-49043 size-full aligncenter\" src=\"https:\/\/www.conselharan.org\/wp-content\/uploads\/2022\/06\/N-230.jpg\" alt=\"\" width=\"1024\" height=\"584\" srcset=\"https:\/\/www.conselharan.org\/wp-content\/uploads\/2022\/06\/N-230.jpg 1024w, https:\/\/www.conselharan.org\/wp-content\/uploads\/2022\/06\/N-230-300x171.jpg 300w, https:\/\/www.conselharan.org\/wp-content\/uploads\/2022\/06\/N-230-768x438.jpg 768w, https:\/\/www.conselharan.org\/wp-content\/uploads\/2022\/06\/N-230-305x175.jpg 305w\" sizes=\"(max-width: 1024px) 100vw, 1024px\" \/><\/a><\/p>\n<ul>\n<li>\n<h3><strong>Es dona aix\u00ed resposta a la petici\u00f3 que la s\u00edndica d&#8217;Aran, les presid\u00e8ncies de les Diputacions de Lleida i Huesca i les presid\u00e8ncies de les comarques de la Ribagor\u00e7a catalana i la Ribagorza aragonesa van fer al secretari d&#8217;infraestructures de l&#8217;Estat en la seva reuni\u00f3 de fa tres mesos, en la qual, gr\u00e0cies a la col\u00b7laboraci\u00f3 del secretari general per al Repte Demogr\u00e0fic, Paco Boya, van aconseguir el comprom\u00eds del Ministeri per a la creaci\u00f3 d&#8217;un calendari conjunt d&#8217;actuacions i projectes de millora per a la N-230<\/strong><\/h3>\n<\/li>\n<li>\n<h3><strong>La setmana passada, el Ministeri va fer el primer pas per a la redacci\u00f3 del projecte de condicionament de la N-230, convertint-la en una carretera 2+1 en el tram entre Benabarre i Sopeira, amb un tercer carril que millorar\u00e0 molt la seguretat dels usuaris que transiten la via<\/strong><\/h3>\n<\/li>\n<li>\n<h3><strong>Aquests treballs s&#8217;uneixen al comprom\u00eds que la Generalitat de Catalunya va prendre amb el Conselh Generau d\u2019Aran per a la millora de la C-28 amb l&#8217;impuls de l&#8217;Agenda de Mobilitat Sostenible de la Val d\u2019Aran<\/strong><\/h3>\n<\/li>\n<\/ul>\n<p>El mes de mar\u00e7 passat, la s\u00edndica d&#8217;Aran, Maria Verg\u00e9s, i els presidents de les diputacions de Huesca i Lleida, Miguel Gracia i Joan Talarn, i els presidents de les comarques de la Ribagor\u00e7a catalana i la Ribagorza aragonesa, M\u00aa Jos\u00e9 Erta i Marcel Iglesias, van mantenir una trobada de treball amb el Secretari General d&#8217;Infraestructures de l&#8217;Estat, Xavier Flores, en la qual es va acordar per part del Ministeri de Transports, Mobilitat i Agenda Urbana, dissenyar un calendari conjunt d&#8217;actuacions i projectes que dur a terme.<\/p>\n<p>Tres mesos despr\u00e9s, el Ministeri ha anunciat ja un contracte de serveis per a la redacci\u00f3 del projecte de condicionament de la N-230 amb trams de tres carrils (carretera 2+1), concretament entre Benabarre i Sopeira, la qual cosa suposar\u00e0 un avan\u00e7 important\u00edssim en la seguretat vi\u00e0ria dels usuaris d&#8217;aquesta carretera. L&#8217;anunci de la licitaci\u00f3 es pot trobar ja al BOE.<\/p>\n<p>La s\u00edndica ha mostrat \u201cla satisfacci\u00f3 del Conselh Generau d\u2019Aran davant aquesta important millora que respon a la reclamaci\u00f3 que vam transmetre al secretari general el mes de mar\u00e7 passat\u201d. Tamb\u00e9 ha avan\u00e7at que \u201cdes del govern d&#8217;Aran continuarem treballant perqu\u00e8 aquesta via sigui segura per als usuaris\u201d i afegia: \u201caquests treballs s&#8217;afegeixen als que hem iniciat tamb\u00e9 amb la Generalitat de Catalunya, aconseguint el seu comprom\u00eds per a l&#8217;impuls de l&#8217;Agenda de Mobilitat Sostenible d&#8217;Aran i per a la millora de la C-28, tancant aix\u00ed el cercle perqu\u00e8 la Val d\u2019Aran transiti cap a una mobilitat sostenible adaptada a les necessitats i canvis que venen\u201d.<\/p>\n<p>Aix\u00ed mateix, la s\u00edndica ha volgut \u201cagrair la bona predisposici\u00f3 del secretari general per al Repte Demogr\u00e0fic, que coneix b\u00e9 la nostra realitat, per a elevar les peticions de la Val d\u2019Aran i les comarques afectades en aquest assumpte al govern\u201d.<\/p>\n ","protected":false},"excerpt":{"rendered":"<p>Es dona aix\u00ed resposta a la petici\u00f3 que la s\u00edndica d&#8217;Aran, les presid\u00e8ncies de les Diputacions de Lleida i Huesca i les presid\u00e8ncies de les comarques de la Ribagor\u00e7a catalana i la Ribagorza aragonesa van fer al secretari d&#8217;infraestructures de l&#8217;Estat en la seva reuni\u00f3 de fa tres mesos, en la qual, gr\u00e0cies a la&#8230;<\/p>\n","protected":false},"author":10,"featured_media":49044,"comment_status":"closed","ping_status":"closed","sticky":false,"template":"","format":"standard","meta":{"footnotes":""},"categories":[],"tags":[],"_links":{"self":[{"href":"https:\/\/www.conselharan.org\/ca\/wp-json\/wp\/v2\/posts\/49051"}],"collection":[{"href":"https:\/\/www.conselharan.org\/ca\/wp-json\/wp\/v2\/posts"}],"about":[{"href":"https:\/\/www.conselharan.org\/ca\/wp-json\/wp\/v2\/types\/post"}],"author":[{"embeddable":true,"href":"https:\/\/www.conselharan.org\/ca\/wp-json\/wp\/v2\/users\/10"}],"replies":[{"embeddable":true,"href":"https:\/\/www.conselharan.org\/ca\/wp-json\/wp\/v2\/comments?post=49051"}],"version-history":[{"count":2,"href":"https:\/\/www.conselharan.org\/ca\/wp-json\/wp\/v2\/posts\/49051\/revisions"}],"predecessor-version":[{"id":49053,"href":"https:\/\/www.conselharan.org\/ca\/wp-json\/wp\/v2\/posts\/49051\/revisions\/49053"}],"wp:featuredmedia":[{"embeddable":true,"href":"https:\/\/www.conselharan.org\/ca\/wp-json\/wp\/v2\/media\/49044"}],"wp:attachment":[{"href":"https:\/\/www.conselharan.org\/ca\/wp-json\/wp\/v2\/media?parent=49051"}],"wp:term":[{"taxonomy":"category","embeddable":true,"href":"https:\/\/www.conselharan.org\/ca\/wp-json\/wp\/v2\/categories?post=49051"},{"taxonomy":"post_tag","embeddable":true,"href":"https:\/\/www.conselharan.org\/ca\/wp-json\/wp\/v2\/tags?post=49051"}],"curies":[{"name":"wp","href":"https:\/\/api.w.org\/{rel}","templated":true}]}}