{"id":4909,"date":"2014-09-24T12:04:33","date_gmt":"2014-09-24T10:04:33","guid":{"rendered":"http:\/\/www.conselharan.org\/?p=4909"},"modified":"2014-09-24T12:08:21","modified_gmt":"2014-09-24T10:08:21","slug":"naua-edicion-dera-mostra-gartronomica-dera-codina-aranesa-pendent-eth-22-de-seteme-e-eth-19-doctobre","status":"publish","type":"post","link":"https:\/\/www.conselharan.org\/ca\/naua-edicion-dera-mostra-gartronomica-dera-codina-aranesa-pendent-eth-22-de-seteme-e-eth-19-doctobre\/","title":{"rendered":"Naua edicion dera M\u00f2stra Gastronomica dera Codina Aranesa pendent eth 22 de seteme e eth 19 d&#8217;octobre"},"content":{"rendered":"<p>Un an m\u00e8s, pendent era tardor se cel\u00e8bre ua naua edicion dera\u00a0<strong>M\u00f2stra Gastronomica dera Codina Aranesa<\/strong>, damb era participacion de\u00a0<strong>ueit restaurants<\/strong>\u00a0deth territ\u00f2ri, qu&#8217;aufrir\u00e0n as s\u00f2ns clients despari\u00e8rs menus qu&#8217;includissen plats tipics dera Val d&#8217;Aran. Enguan, era\u00a0<strong>M\u00f2stra aur\u00e0 l\u00f2c deth 22 de seteme ath 19 d&#8217;octobre<\/strong>.<\/p>\n<p><a href=\"http:\/\/www.conselharan.org\/wp-content\/uploads\/2014\/09\/mostra-gastronomica.jpg\"><img loading=\"lazy\" decoding=\"async\" class=\"aligncenter size-full wp-image-4905\" alt=\"mostra gastronomica\" src=\"http:\/\/www.conselharan.org\/wp-content\/uploads\/2014\/09\/mostra-gastronomica.jpg\" width=\"1024\" height=\"624\" srcset=\"https:\/\/www.conselharan.org\/wp-content\/uploads\/2014\/09\/mostra-gastronomica.jpg 1024w, https:\/\/www.conselharan.org\/wp-content\/uploads\/2014\/09\/mostra-gastronomica-300x182.jpg 300w\" sizes=\"(max-width: 1024px) 100vw, 1024px\" \/><\/a><\/p>\n<p>Entad aguesta escasen\u00e7a, es restaurants participaires ser\u00e0n: Deth 22 ath 28 de seteme, Era Coqu\u00e8la (Vielha) e eth Parador de Vielha. Deth 29 de seteme ath 5 d&#8217;octobre, Era Lucana (Vielha ) e Unh\u00f2la (Bagergue). Deth 6 ath 12 d&#8217;octobre, Casa Antonio e Era M\u00f2la de Vielha. E barrar\u00e0n eth cicle, deth 13 ath 19 d&#8217;octobre, Ei Pletieus (Escunhau) e eth Parador d&#8217;Arties.<\/p>\n<p>Ath long des quate setmanes que dure era M\u00f2stra, se poder\u00e0n degustar plats damb rec\u00e8ptes innovadores, enes que se codinar\u00e0n productes tradicionaus dera codina aranesa coma: \u00d2lha aranesa, Civet de Sanglier, creps, esturion, lango\u00efssa e lit entre d&#8217;auti.<\/p>\n<p><strong>&#8220;Des deth Conselh Generau d&#8217;Aran apostam per celebrar cada an era M\u00f2stra Gastronomica dera Codina Aranesa, pr&#8217;amor qu&#8217;ei era melhora man\u00e8ra qu&#8217;auem de mostrar ara gent un des elements m\u00e8s importants dera cultura aranesa, coma ei era gastronomia&#8221;<\/strong>, comente era conselh\u00e8ra de torisme, com\u00e8r\u00e7 e consum,\u00a0<strong>Anna Diaz<\/strong>.<\/p>\n<p>Es pr\u00e8tzi des menus que formen part d&#8217;aguest eveniment gastronomic, oscillen entre es 29 e es 35\u20ac. Es menus se servir\u00e0n es s\u00e8t dies dera setmana, en servici de minjar e sopar.<\/p>\n<p>&nbsp;<\/p>\n ","protected":false},"excerpt":{"rendered":"<p>Un an m\u00e8s, pendent era tardor se cel\u00e8bre ua naua edicion dera\u00a0M\u00f2stra Gastronomica dera Codina Aranesa, damb era participacion de\u00a0ueit restaurants\u00a0deth territ\u00f2ri, qu&#8217;aufrir\u00e0n as s\u00f2ns clients despari\u00e8rs menus qu&#8217;includissen plats tipics dera Val d&#8217;Aran. Enguan, era\u00a0M\u00f2stra aur\u00e0 l\u00f2c deth 22 de seteme ath 19 d&#8217;octobre. Entad aguesta escasen\u00e7a, es restaurants participaires ser\u00e0n: Deth 22 ath&#8230;<\/p>\n","protected":false},"author":2,"featured_media":4905,"comment_status":"closed","ping_status":"closed","sticky":false,"template":"","format":"standard","meta":{"footnotes":""},"categories":[29,1,35],"tags":[],"_links":{"self":[{"href":"https:\/\/www.conselharan.org\/ca\/wp-json\/wp\/v2\/posts\/4909"}],"collection":[{"href":"https:\/\/www.conselharan.org\/ca\/wp-json\/wp\/v2\/posts"}],"about":[{"href":"https:\/\/www.conselharan.org\/ca\/wp-json\/wp\/v2\/types\/post"}],"author":[{"embeddable":true,"href":"https:\/\/www.conselharan.org\/ca\/wp-json\/wp\/v2\/users\/2"}],"replies":[{"embeddable":true,"href":"https:\/\/www.conselharan.org\/ca\/wp-json\/wp\/v2\/comments?post=4909"}],"version-history":[{"count":2,"href":"https:\/\/www.conselharan.org\/ca\/wp-json\/wp\/v2\/posts\/4909\/revisions"}],"predecessor-version":[{"id":4924,"href":"https:\/\/www.conselharan.org\/ca\/wp-json\/wp\/v2\/posts\/4909\/revisions\/4924"}],"wp:featuredmedia":[{"embeddable":true,"href":"https:\/\/www.conselharan.org\/ca\/wp-json\/wp\/v2\/media\/4905"}],"wp:attachment":[{"href":"https:\/\/www.conselharan.org\/ca\/wp-json\/wp\/v2\/media?parent=4909"}],"wp:term":[{"taxonomy":"category","embeddable":true,"href":"https:\/\/www.conselharan.org\/ca\/wp-json\/wp\/v2\/categories?post=4909"},{"taxonomy":"post_tag","embeddable":true,"href":"https:\/\/www.conselharan.org\/ca\/wp-json\/wp\/v2\/tags?post=4909"}],"curies":[{"name":"wp","href":"https:\/\/api.w.org\/{rel}","templated":true}]}}