{"id":4919,"date":"2014-09-23T13:27:36","date_gmt":"2014-09-23T11:27:36","guid":{"rendered":"http:\/\/www.conselharan.org\/?p=4919"},"modified":"2014-09-23T13:27:36","modified_gmt":"2014-09-23T11:27:36","slug":"finalitzen-les-viiienes-jornades-micologiques-de-la-val-daran-amb-un-nou-exit-de-participacio","status":"publish","type":"post","link":"https:\/\/www.conselharan.org\/ca\/finalitzen-les-viiienes-jornades-micologiques-de-la-val-daran-amb-un-nou-exit-de-participacio\/","title":{"rendered":"Finalitzen les VIIIenes Jornades Micol\u00f2giques de la Val d&#8217;Aran amb un nou \u00e8xit de participaci\u00f3"},"content":{"rendered":"<p><strong>Del 17 al 21 de setembre van tenir lloc les VIIIenes Jornades Micol\u00f2giques de la Val d&#8217;Aran<\/strong> que, com cada any, organitz\u00e0 el Conselh Generau d&#8217;Aran amb la col\u00b7laboraci\u00f3 de la Societat Catalana de Micologia. Durant les 5 jornades, molta gent va participar en les diferents activitats preparades.<\/p>\n<p>En aquest sentit, es van organitzar <strong>sortides de camp<\/strong> durant 3 dies, per sortir a recollir bolets per les muntanyes amb experts en aquest \u00e0mbit. Les diferents esp\u00e8cies de bolets recollits van ser exposats a la Sala d&#8217;Exposicions de Vielha, per a que la gent pogu\u00e9s saber quins bolets s\u00f3n bons i quins s\u00f3n t\u00f2xics per la salut de les persones. Un total de <strong>120 esp\u00e8cies de bolets van ser exposats<\/strong>.<\/p>\n<p><a href=\"http:\/\/www.conselharan.org\/wp-content\/uploads\/2014\/09\/20140920_115802.jpg\"><img loading=\"lazy\" decoding=\"async\" class=\"aligncenter size-large wp-image-4915\" alt=\"20140920_115802\" src=\"http:\/\/www.conselharan.org\/wp-content\/uploads\/2014\/09\/20140920_115802-768x1024.jpg\" width=\"768\" height=\"1024\" srcset=\"https:\/\/www.conselharan.org\/wp-content\/uploads\/2014\/09\/20140920_115802-768x1024.jpg 768w, https:\/\/www.conselharan.org\/wp-content\/uploads\/2014\/09\/20140920_115802-225x300.jpg 225w, https:\/\/www.conselharan.org\/wp-content\/uploads\/2014\/09\/20140920_115802.jpg 1920w\" sizes=\"(max-width: 768px) 100vw, 768px\" \/><\/a><\/p>\n<p>Com a novetat, enguany va tenir lloc un <strong>curs d&#8217;introducci\u00f3 al m\u00f3n dels bolets<\/strong>, hi van haver <strong>confer\u00e8ncies<\/strong> i <strong>una taula rodona<\/strong> per parlar sobre la nova regulaci\u00f3 implantada enguany a la Val d&#8217;Aran sobre la recollida de bolets. El s\u00edndic d&#8217;Aran, <strong>Carlos Barrera<\/strong>, que va participar a la taula rodona, comentava que <strong>&#8220;aquesta regulaci\u00f3 permet protegir aquesta activitat de tots aquells que volen fer-ne un \u00fas comercial. Considerem que \u00e9s una activitat prou arrelada a la Val d&#8217;Aran, i sobre tot, cal remarcar que \u00e9s una regulaci\u00f3 que no t\u00e9 cap tipus de voluntat econ\u00f2mica, ja que els carnets que s&#8217;ofereixen s\u00f3m totalment gratu\u00efts&#8221;<\/strong>.<\/p>\n<p><a href=\"http:\/\/www.conselharan.org\/wp-content\/uploads\/2014\/09\/DSC_0069.jpg\"><img loading=\"lazy\" decoding=\"async\" class=\"aligncenter size-large wp-image-4916\" alt=\"DSC_0069\" src=\"http:\/\/www.conselharan.org\/wp-content\/uploads\/2014\/09\/DSC_0069-1024x685.jpg\" width=\"1024\" height=\"685\" srcset=\"https:\/\/www.conselharan.org\/wp-content\/uploads\/2014\/09\/DSC_0069-1024x685.jpg 1024w, https:\/\/www.conselharan.org\/wp-content\/uploads\/2014\/09\/DSC_0069-300x200.jpg 300w\" sizes=\"(max-width: 1024px) 100vw, 1024px\" \/><\/a><\/p>\n<p>A m\u00e9s a m\u00e9s, <strong>els alumnes de 4rt i 5\u00e8 curs de l&#8217;Escola Garona de Vielha, van participar en aquestes Jornades Micologiques<\/strong>, per con\u00e8ixer en profunditat el m\u00f3n dels bolets.<\/p>\n ","protected":false},"excerpt":{"rendered":"<p>Del 17 al 21 de setembre van tenir lloc les VIIIenes Jornades Micol\u00f2giques de la Val d&#8217;Aran que, com cada any, organitz\u00e0 el Conselh Generau d&#8217;Aran amb la col\u00b7laboraci\u00f3 de la Societat Catalana de Micologia. Durant les 5 jornades, molta gent va participar en les diferents activitats preparades. En aquest sentit, es van organitzar sortides&#8230;<\/p>\n","protected":false},"author":2,"featured_media":4914,"comment_status":"closed","ping_status":"closed","sticky":false,"template":"","format":"standard","meta":{"footnotes":""},"categories":[31,33,36],"tags":[],"_links":{"self":[{"href":"https:\/\/www.conselharan.org\/ca\/wp-json\/wp\/v2\/posts\/4919"}],"collection":[{"href":"https:\/\/www.conselharan.org\/ca\/wp-json\/wp\/v2\/posts"}],"about":[{"href":"https:\/\/www.conselharan.org\/ca\/wp-json\/wp\/v2\/types\/post"}],"author":[{"embeddable":true,"href":"https:\/\/www.conselharan.org\/ca\/wp-json\/wp\/v2\/users\/2"}],"replies":[{"embeddable":true,"href":"https:\/\/www.conselharan.org\/ca\/wp-json\/wp\/v2\/comments?post=4919"}],"version-history":[{"count":1,"href":"https:\/\/www.conselharan.org\/ca\/wp-json\/wp\/v2\/posts\/4919\/revisions"}],"predecessor-version":[{"id":4920,"href":"https:\/\/www.conselharan.org\/ca\/wp-json\/wp\/v2\/posts\/4919\/revisions\/4920"}],"wp:featuredmedia":[{"embeddable":true,"href":"https:\/\/www.conselharan.org\/ca\/wp-json\/wp\/v2\/media\/4914"}],"wp:attachment":[{"href":"https:\/\/www.conselharan.org\/ca\/wp-json\/wp\/v2\/media?parent=4919"}],"wp:term":[{"taxonomy":"category","embeddable":true,"href":"https:\/\/www.conselharan.org\/ca\/wp-json\/wp\/v2\/categories?post=4919"},{"taxonomy":"post_tag","embeddable":true,"href":"https:\/\/www.conselharan.org\/ca\/wp-json\/wp\/v2\/tags?post=4919"}],"curies":[{"name":"wp","href":"https:\/\/api.w.org\/{rel}","templated":true}]}}