{"id":49684,"date":"2022-07-15T15:30:54","date_gmt":"2022-07-15T13:30:54","guid":{"rendered":"https:\/\/www.conselharan.org\/eth-ministeri-entara-transicion-ecologica-e-eth-repte-demografic-eth-conselh-generau-daran-e-es-deputacions-de-lleida-e-huesca-signen-eth-conveni-de-collaboracion-tath-desvolopament-deth-pro\/"},"modified":"2022-07-18T13:43:38","modified_gmt":"2022-07-18T11:43:38","slug":"eth-ministeri-entara-transicion-ecologica-e-eth-repte-demografic-eth-conselh-generau-daran-e-es-deputacions-de-lleida-e-huesca-signen-eth-conveni-de-collaboracion-tath-desvolopament-deth-pro","status":"publish","type":"post","link":"https:\/\/www.conselharan.org\/ca\/eth-ministeri-entara-transicion-ecologica-e-eth-repte-demografic-eth-conselh-generau-daran-e-es-deputacions-de-lleida-e-huesca-signen-eth-conveni-de-collaboracion-tath-desvolopament-deth-pro\/","title":{"rendered":"El Ministeri per a la Transici\u00f3 Ecol\u00f2gica i el Repte Demogr\u00e0fic, el Conselh Generau d\u2019Aran i les Diputacions de Lleida i Osca signen el conveni de col\u00b7laboraci\u00f3 per al desenvolupament del Projecte de Innovaci\u00f3 Territorial"},"content":{"rendered":"<p><a href=\"https:\/\/www.conselharan.org\/wp-content\/uploads\/2022\/07\/IMG_6383-scaled.jpg\"><img loading=\"lazy\" decoding=\"async\" class=\"aligncenter wp-image-49676 size-large\" src=\"https:\/\/www.conselharan.org\/wp-content\/uploads\/2022\/07\/IMG_6383-1024x768.jpg\" alt=\"\" width=\"1024\" height=\"768\" srcset=\"https:\/\/www.conselharan.org\/wp-content\/uploads\/2022\/07\/IMG_6383-1024x768.jpg 1024w, https:\/\/www.conselharan.org\/wp-content\/uploads\/2022\/07\/IMG_6383-300x225.jpg 300w, https:\/\/www.conselharan.org\/wp-content\/uploads\/2022\/07\/IMG_6383-768x576.jpg 768w, https:\/\/www.conselharan.org\/wp-content\/uploads\/2022\/07\/IMG_6383-1536x1152.jpg 1536w, https:\/\/www.conselharan.org\/wp-content\/uploads\/2022\/07\/IMG_6383-2048x1536.jpg 2048w\" sizes=\"(max-width: 1024px) 100vw, 1024px\" \/><\/a><\/p>\n<ul>\n<li>\n<h3><strong>Aquest conveni permetr\u00e0 la creaci\u00f3 d&#8217;un marc de cooperaci\u00f3 entre les institucions implicades i la creaci\u00f3 de tres C\u00e8l\u00b7lules d&#8217;Innovaci\u00f3 Rural a trav\u00e9s de les quals impulsar les actuacions necess\u00e0ries per a crear una din\u00e0mica territorial que es fonamenti en la col\u00b7laboraci\u00f3 p\u00fablic-privada, la innovaci\u00f3 i la retenci\u00f3 i atracci\u00f3 del talent local<\/strong><\/h3>\n<\/li>\n<\/ul>\n<p>Aquest migdia, el secretari general per al Repte Demogr\u00e0fic, Franc\u00e9s Boya, la s\u00edndica d&#8217;Aran, Maria Verg\u00e9s, el president de la Diputaci\u00f3 de Lleida, Joan Talarn, i el president de la Diputaci\u00f3 d&#8217;Osca, Miguel Gracia, han formalitzat la signatura del conveni per al desenvolupament del Projecte d&#8217;Innovaci\u00f3 Territorial i el Desenvolupament de C\u00e8l\u00b7lules d&#8217;Innovaci\u00f3 Rural.<\/p>\n<p>L&#8217;objectiu d&#8217;aquest conveni \u00e9s la creaci\u00f3 d&#8217;un marc de cooperaci\u00f3 entre les institucions implicades i suposar\u00e0 l&#8217;ampliaci\u00f3, consolidaci\u00f3 i creaci\u00f3 de tres C\u00e8l\u00b7lules d&#8217;Innovaci\u00f3 Rural: la C\u00e8l\u00b7lula d&#8217;Innovaci\u00f3 Rural Pirineu-Aran (que comprendr\u00e0 territoris pirinencs d&#8217;Osca i Lleida, aix\u00ed com la Val d&#8217;Aran), la C\u00e8l\u00b7lula d&#8217;Innovaci\u00f3 Rural Terres de Lleida i la de la prov\u00edncia d&#8217;Osca, replicant el model iniciat amb el Hub d&#8217;innovaci\u00f3 H\u00e8Pic a l\u2019Aran. El marc de cooperaci\u00f3 propiciat pel conveni afavorir\u00e0 les sinergies entre les tres c\u00e8l\u00b7lules desenvolupades.<\/p>\n<p>\u201cAquest conveni respon a la voluntat compartida de l&#8217;administraci\u00f3 de l&#8217;Estat, les Diputacions provincials i el Conselh Generau de desenvolupar un Projecte d&#8217;Innovaci\u00f3 Territorial que abordi la situaci\u00f3 creada a conseq\u00fc\u00e8ncia dels nous i recents processos demogr\u00e0fics que han afectat la distribuci\u00f3 tradicional de la poblaci\u00f3 en el territori i ofereix resposta als nous reptes que planteja la desigualtat territorial generada per aquests canvis\u201d, explicava el secretari general per al Repte Demogr\u00e0fic, afegint que: \u201caquests processos demogr\u00e0fics suposen un risc de despoblaci\u00f3 per a un important nombre de zones rurals que, al seu torn, pateixen tamb\u00e9 un envelliment de la seva poblaci\u00f3, veient aix\u00ed greument afectades les seves possibilitats de desenvolupament econ\u00f2mic i social, quelcom que afecta tamb\u00e9 el benestar i qualitat de vida de la ciutadania\u201d.<\/p>\n<p>\u201cGr\u00e0cies a aquest conveni podrem impulsar les actuacions necess\u00e0ries per a dinamitzar la col\u00b7laboraci\u00f3 p\u00fablic-privada, la innovaci\u00f3 i la retenci\u00f3 del talent local\u201d, explicava la s\u00edndica, que afegia: \u201caix\u00f2 ens servir\u00e0 de base per a generar projectes transformadors que impulsin un model de desenvolupament territorial sostenible i reequilibrador dels actuals d\u00e8ficits demogr\u00e0fics, d&#8217;infraestructures i de serveis que pateixen les zones de muntanya com la Val d&#8217;Aran\u201d.<\/p>\n<p>Joan Talarn s\u2019ha felicitat per la signatura del conveni i ha destacat que \u201ca partir d\u2019ara es tracta de dissenyar pol\u00edtiques actives per revertir la constant del despoblament i, al temps, amb la mentalitat que all\u00f2 que puguem aplicar a les nostres comarques serveixi de model per a d\u2019altres territoris que pateixen el mateix problema. Des de l\u2019Aran, Lleida i Osca, en estreta col\u00b7laboraci\u00f3 estem disposats a mostrar el cam\u00ed per retornar la vida als nostres pobles\u201d i que, per fer-ho, \u201ccal modificar les mirades i els models de desenvolupament territorial, i a m\u00e9s, fer-ho en xarxa, de manera transversal, perqu\u00e8 no existeix ni una mesura m\u00e0gica que ens reompli els nostres pobles ni un territori que pugui cr\u00e9ixer sense sinergies amb el del costat\u201d.<\/p>\n<p>En el seu torn d\u2019intervenci\u00f3, Miguel Gracia ha dit que \u201cnecessitem revertir una falta d\u2019inversi\u00f3 que ve de lluny als territoris de muntanya i es b\u00e0sica la col\u00b7laboraci\u00f3 permanent que mantenim amb la Diputaci\u00f3 de Lleida i el Conselh Generau d\u2019Aran\u201d.<\/p>\n ","protected":false},"excerpt":{"rendered":"<p>Aquest conveni permetr\u00e0 la creaci\u00f3 d&#8217;un marc de cooperaci\u00f3 entre les institucions implicades i la creaci\u00f3 de tres C\u00e8l\u00b7lules d&#8217;Innovaci\u00f3 Rural a trav\u00e9s de les quals impulsar les actuacions necess\u00e0ries per a crear una din\u00e0mica territorial que es fonamenti en la col\u00b7laboraci\u00f3 p\u00fablic-privada, la innovaci\u00f3 i la retenci\u00f3 i atracci\u00f3 del talent local Aquest migdia,&#8230;<\/p>\n","protected":false},"author":10,"featured_media":49677,"comment_status":"closed","ping_status":"closed","sticky":false,"template":"","format":"standard","meta":{"footnotes":""},"categories":[803,127,33,800],"tags":[],"_links":{"self":[{"href":"https:\/\/www.conselharan.org\/ca\/wp-json\/wp\/v2\/posts\/49684"}],"collection":[{"href":"https:\/\/www.conselharan.org\/ca\/wp-json\/wp\/v2\/posts"}],"about":[{"href":"https:\/\/www.conselharan.org\/ca\/wp-json\/wp\/v2\/types\/post"}],"author":[{"embeddable":true,"href":"https:\/\/www.conselharan.org\/ca\/wp-json\/wp\/v2\/users\/10"}],"replies":[{"embeddable":true,"href":"https:\/\/www.conselharan.org\/ca\/wp-json\/wp\/v2\/comments?post=49684"}],"version-history":[{"count":1,"href":"https:\/\/www.conselharan.org\/ca\/wp-json\/wp\/v2\/posts\/49684\/revisions"}],"predecessor-version":[{"id":49685,"href":"https:\/\/www.conselharan.org\/ca\/wp-json\/wp\/v2\/posts\/49684\/revisions\/49685"}],"wp:featuredmedia":[{"embeddable":true,"href":"https:\/\/www.conselharan.org\/ca\/wp-json\/wp\/v2\/media\/49677"}],"wp:attachment":[{"href":"https:\/\/www.conselharan.org\/ca\/wp-json\/wp\/v2\/media?parent=49684"}],"wp:term":[{"taxonomy":"category","embeddable":true,"href":"https:\/\/www.conselharan.org\/ca\/wp-json\/wp\/v2\/categories?post=49684"},{"taxonomy":"post_tag","embeddable":true,"href":"https:\/\/www.conselharan.org\/ca\/wp-json\/wp\/v2\/tags?post=49684"}],"curies":[{"name":"wp","href":"https:\/\/api.w.org\/{rel}","templated":true}]}}